{"id":10577,"date":"2021-07-19T11:46:18","date_gmt":"2021-07-19T09:46:18","guid":{"rendered":"https:\/\/www.cecotinternacionalitzacio.org\/?p=10577"},"modified":"2021-07-19T11:46:19","modified_gmt":"2021-07-19T09:46:19","slug":"canvis-en-la-normativa-de-liva-comunitari-per-als-commerce","status":"publish","type":"post","link":"https:\/\/www.cecotinternacionalitzacio.org\/es\/canvis-en-la-normativa-de-liva-comunitari-per-als-commerce\/","title":{"rendered":"Canvis en la normativa de l&#8217;IVA comunitari per als commerce"},"content":{"rendered":"\n<p>El darrer 1 de juliol&nbsp; va entrar en vigor una nova normativa de l&#8217;IVA intracomunitari per als e-commerce. La nova legislaci\u00f3 busca unificar els llindars l\u00edmit pels quals cal tributar l&#8217;IVA en el pa\u00eds de destinaci\u00f3.<\/p>\n\n\n\n<p>Amb la nova legislaci\u00f3, s&#8217;obligar\u00e0 a tributar l&#8217;IVA en el pa\u00eds de destinaci\u00f3 i es facilitar\u00e0 el pagament d&#8217;aquest impost amb una finestreta \u00fanica coneguda com One-Stop shop- MOSS. De la mateixa manera, es harmonitzar el sistema de tributaci\u00f3 de l&#8217;IVA. Aix\u00f2 suposar\u00e0 que a partir d&#8217;l&#8217;1 de juliol de 2021&nbsp;s&#8217;aplicar\u00e0 l&#8217;IVA del pa\u00eds de destinaci\u00f3 a partir dels 10.000 euros per a aquells pa\u00efsos membres de la Uni\u00f3 Europea. Fins a la data aix\u00f2 depenia nom\u00e9s de cada Estat. Quan la xifra sigui m\u00e9s baixa d\u2019aquest import, s&#8217;aplicar\u00e0 l&#8217;IVA del pa\u00eds d&#8217;origen.<\/p>\n\n\n\n<p><strong>Exoneraci\u00f3 duanera<\/strong><\/p>\n\n\n\n<p>Dins dels canvis tamb\u00e9 s&#8217;han vist afectades les importacions des de fora de la UE. Segons la normativa, aquestes deixaran d&#8217;estar exemptes d&#8217;IVA en els productes de valor inferior als 22 euros. Aix\u00f2 vol dir que els e-commerce i aquells negocis que practiquen el Dropshipping pagaran IVA en tots els seus productes i no tindran un avantatge fiscal amb relaci\u00f3 al comer\u00e7 nacional.<\/p>\n\n\n\n<p>Per contra, es mant\u00e9 l&#8217;exempci\u00f3 duanera a les importacions de menys de 150 euros. A part, els marketplaces es responsabilitzaran de recaptar l&#8217;IVA de les seves vendes ja que el consumidor final no ser\u00e0 l&#8217;importador.<\/p>\n\n\n\n<p>\u00abEls e-commerce estaran en l&#8217;obligaci\u00f3 de con\u00e8ixer l&#8217;IVA de cada pa\u00eds membre de la UE i utilitzar el nou sistema finestreta \u00fanica per declarar-lo\u00bb<\/p>\n","protected":false},"excerpt":{"rendered":"<p>El darrer 1 de juliol  va entrar en vigor una nova normativa de l&#8217;IVA intracomunitari per als e-commerce. La nova legislaci\u00f3 busca unificar els llindars l\u00edmit pels quals cal tributar l&#8217;IVA en el pa\u00eds de destinaci\u00f3. <a class=\"moretag\" href=\"https:\/\/www.cecotinternacionalitzacio.org\/es\/canvis-en-la-normativa-de-liva-comunitari-per-als-commerce\/\"><br \/>Llegir m\u00e9s &raquo;<\/a><\/p>\n","protected":false},"author":76105,"featured_media":10604,"comment_status":"closed","ping_status":"closed","sticky":false,"template":"","format":"standard","meta":{"_acf_changed":false,"_exactmetrics_skip_tracking":false,"_exactmetrics_sitenote_active":false,"_exactmetrics_sitenote_note":"","_exactmetrics_sitenote_category":0,"footnotes":""},"categories":[470,84,49],"tags":[],"class_list":["post-10577","post","type-post","status-publish","format-standard","has-post-thumbnail","hentry","category-boletin","category-novetats","category-sala-de-premsa"],"acf":[],"yoast_head":"<!-- This site is optimized with the Yoast SEO plugin v19.6.1 - https:\/\/yoast.com\/wordpress\/plugins\/seo\/ -->\n<title>Canvis en la normativa de l&#039;IVA comunitari per als commerce - Club Cecot Internacionalitzaci\u00f3<\/title>\n<meta name=\"robots\" content=\"noindex, follow, max-snippet:-1, max-image-preview:large, max-video-preview:-1\" \/>\n<meta property=\"og:locale\" content=\"es_ES\" \/>\n<meta property=\"og:type\" content=\"article\" \/>\n<meta property=\"og:title\" content=\"Canvis en la normativa de l&#039;IVA comunitari per als commerce - Club Cecot Internacionalitzaci\u00f3\" \/>\n<meta property=\"og:description\" content=\"El darrer 1 de juliol va entrar en vigor una nova normativa de l&#039;IVA intracomunitari per als e-commerce. La nova legislaci\u00f3 busca unificar els llindars l\u00edmit pels quals cal tributar l&#039;IVA en el pa\u00eds de destinaci\u00f3. Llegir m\u00e9s &raquo;\" \/>\n<meta property=\"og:url\" content=\"https:\/\/www.cecotinternacionalitzacio.org\/es\/canvis-en-la-normativa-de-liva-comunitari-per-als-commerce\/\" \/>\n<meta property=\"og:site_name\" content=\"Club Cecot Internacionalitzaci\u00f3\" \/>\n<meta property=\"article:published_time\" content=\"2021-07-19T09:46:18+00:00\" \/>\n<meta property=\"article:modified_time\" content=\"2021-07-19T09:46:19+00:00\" \/>\n<meta property=\"og:image\" content=\"https:\/\/www.cecotinternacionalitzacio.org\/wp-content\/uploads\/2021\/07\/iva-1.jpg\" \/>\n\t<meta property=\"og:image:width\" content=\"500\" \/>\n\t<meta property=\"og:image:height\" content=\"332\" \/>\n\t<meta property=\"og:image:type\" content=\"image\/jpeg\" \/>\n<meta name=\"author\" content=\"Pilar\" \/>\n<meta name=\"twitter:card\" content=\"summary\" \/>\n<meta name=\"twitter:label1\" content=\"Escrito por\" \/>\n\t<meta name=\"twitter:data1\" content=\"Pilar\" \/>\n\t<meta name=\"twitter:label2\" content=\"Tiempo de lectura\" \/>\n\t<meta name=\"twitter:data2\" content=\"1 minuto\" \/>\n<script type=\"application\/ld+json\" class=\"yoast-schema-graph\">{\"@context\":\"https:\/\/schema.org\",\"@graph\":[{\"@type\":\"Article\",\"@id\":\"https:\/\/www.cecotinternacionalitzacio.org\/es\/canvis-en-la-normativa-de-liva-comunitari-per-als-commerce\/#article\",\"isPartOf\":{\"@id\":\"https:\/\/www.cecotinternacionalitzacio.org\/es\/canvis-en-la-normativa-de-liva-comunitari-per-als-commerce\/\"},\"author\":{\"name\":\"Pilar\",\"@id\":\"https:\/\/www.cecotinternacionalitzacio.org\/#\/schema\/person\/d91738a2c122bbfcdd029c0e82833c58\"},\"headline\":\"Canvis en la normativa de l&#8217;IVA comunitari per als commerce\",\"datePublished\":\"2021-07-19T09:46:18+00:00\",\"dateModified\":\"2021-07-19T09:46:19+00:00\",\"mainEntityOfPage\":{\"@id\":\"https:\/\/www.cecotinternacionalitzacio.org\/es\/canvis-en-la-normativa-de-liva-comunitari-per-als-commerce\/\"},\"wordCount\":272,\"publisher\":{\"@id\":\"https:\/\/www.cecotinternacionalitzacio.org\/#organization\"},\"articleSection\":[\"Boletin\",\"Novetats\",\"Sala de premsa\"],\"inLanguage\":\"es\"},{\"@type\":\"WebPage\",\"@id\":\"https:\/\/www.cecotinternacionalitzacio.org\/es\/canvis-en-la-normativa-de-liva-comunitari-per-als-commerce\/\",\"url\":\"https:\/\/www.cecotinternacionalitzacio.org\/es\/canvis-en-la-normativa-de-liva-comunitari-per-als-commerce\/\",\"name\":\"Canvis en la normativa de l'IVA comunitari per als commerce - Club Cecot Internacionalitzaci\u00f3\",\"isPartOf\":{\"@id\":\"https:\/\/www.cecotinternacionalitzacio.org\/#website\"},\"datePublished\":\"2021-07-19T09:46:18+00:00\",\"dateModified\":\"2021-07-19T09:46:19+00:00\",\"breadcrumb\":{\"@id\":\"https:\/\/www.cecotinternacionalitzacio.org\/es\/canvis-en-la-normativa-de-liva-comunitari-per-als-commerce\/#breadcrumb\"},\"inLanguage\":\"es\",\"potentialAction\":[{\"@type\":\"ReadAction\",\"target\":[\"https:\/\/www.cecotinternacionalitzacio.org\/es\/canvis-en-la-normativa-de-liva-comunitari-per-als-commerce\/\"]}]},{\"@type\":\"BreadcrumbList\",\"@id\":\"https:\/\/www.cecotinternacionalitzacio.org\/es\/canvis-en-la-normativa-de-liva-comunitari-per-als-commerce\/#breadcrumb\",\"itemListElement\":[{\"@type\":\"ListItem\",\"position\":1,\"name\":\"Inici\",\"item\":\"https:\/\/www.cecotinternacionalitzacio.org\/es\/\"},{\"@type\":\"ListItem\",\"position\":2,\"name\":\"Canvis en la normativa de l&#8217;IVA comunitari per als commerce\"}]},{\"@type\":\"WebSite\",\"@id\":\"https:\/\/www.cecotinternacionalitzacio.org\/#website\",\"url\":\"https:\/\/www.cecotinternacionalitzacio.org\/\",\"name\":\"Club Cecot Internacionalitzaci\u00f3\",\"description\":\"Un f\u00f2rum d\u2019intercanvi d\u2019experi\u00e8ncies sobre l\u2019activitat exportadora de les empreses\",\"publisher\":{\"@id\":\"https:\/\/www.cecotinternacionalitzacio.org\/#organization\"},\"potentialAction\":[{\"@type\":\"SearchAction\",\"target\":{\"@type\":\"EntryPoint\",\"urlTemplate\":\"https:\/\/www.cecotinternacionalitzacio.org\/?s={search_term_string}\"},\"query-input\":\"required name=search_term_string\"}],\"inLanguage\":\"es\"},{\"@type\":\"Organization\",\"@id\":\"https:\/\/www.cecotinternacionalitzacio.org\/#organization\",\"name\":\"Club Cecot Internacionalitzaci\u00f3\",\"url\":\"https:\/\/www.cecotinternacionalitzacio.org\/\",\"sameAs\":[],\"logo\":{\"@type\":\"ImageObject\",\"inLanguage\":\"es\",\"@id\":\"https:\/\/www.cecotinternacionalitzacio.org\/#\/schema\/logo\/image\/\",\"url\":\"https:\/\/www.cecotinternacionalitzacio.org\/wp-content\/uploads\/2015\/07\/Logo_Club_Int_165x60.png\",\"contentUrl\":\"https:\/\/www.cecotinternacionalitzacio.org\/wp-content\/uploads\/2015\/07\/Logo_Club_Int_165x60.png\",\"width\":165,\"height\":60,\"caption\":\"Club Cecot Internacionalitzaci\u00f3\"},\"image\":{\"@id\":\"https:\/\/www.cecotinternacionalitzacio.org\/#\/schema\/logo\/image\/\"}},{\"@type\":\"Person\",\"@id\":\"https:\/\/www.cecotinternacionalitzacio.org\/#\/schema\/person\/d91738a2c122bbfcdd029c0e82833c58\",\"name\":\"Pilar\",\"image\":{\"@type\":\"ImageObject\",\"inLanguage\":\"es\",\"@id\":\"https:\/\/www.cecotinternacionalitzacio.org\/#\/schema\/person\/image\/\",\"url\":\"https:\/\/secure.gravatar.com\/avatar\/32cc2674644dd8ee7951cf6daf8d21e1a23999353a7dc19b8aa7c4747598ba57?s=96&r=g\",\"contentUrl\":\"https:\/\/secure.gravatar.com\/avatar\/32cc2674644dd8ee7951cf6daf8d21e1a23999353a7dc19b8aa7c4747598ba57?s=96&r=g\",\"caption\":\"Pilar\"},\"url\":\"https:\/\/www.cecotinternacionalitzacio.org\/es\/author\/p-lores\/\"}]}<\/script>\n<!-- \/ Yoast SEO plugin. -->","yoast_head_json":{"title":"Canvis en la normativa de l'IVA comunitari per als commerce - Club Cecot Internacionalitzaci\u00f3","robots":{"index":"noindex","follow":"follow","max-snippet":"max-snippet:-1","max-image-preview":"max-image-preview:large","max-video-preview":"max-video-preview:-1"},"og_locale":"es_ES","og_type":"article","og_title":"Canvis en la normativa de l'IVA comunitari per als commerce - Club Cecot Internacionalitzaci\u00f3","og_description":"El darrer 1 de juliol va entrar en vigor una nova normativa de l'IVA intracomunitari per als e-commerce. La nova legislaci\u00f3 busca unificar els llindars l\u00edmit pels quals cal tributar l'IVA en el pa\u00eds de destinaci\u00f3. Llegir m\u00e9s &raquo;","og_url":"https:\/\/www.cecotinternacionalitzacio.org\/es\/canvis-en-la-normativa-de-liva-comunitari-per-als-commerce\/","og_site_name":"Club Cecot Internacionalitzaci\u00f3","article_published_time":"2021-07-19T09:46:18+00:00","article_modified_time":"2021-07-19T09:46:19+00:00","og_image":[{"width":500,"height":332,"url":"https:\/\/www.cecotinternacionalitzacio.org\/wp-content\/uploads\/2021\/07\/iva-1.jpg","type":"image\/jpeg"}],"author":"Pilar","twitter_card":"summary","twitter_misc":{"Escrito por":"Pilar","Tiempo de lectura":"1 minuto"},"schema":{"@context":"https:\/\/schema.org","@graph":[{"@type":"Article","@id":"https:\/\/www.cecotinternacionalitzacio.org\/es\/canvis-en-la-normativa-de-liva-comunitari-per-als-commerce\/#article","isPartOf":{"@id":"https:\/\/www.cecotinternacionalitzacio.org\/es\/canvis-en-la-normativa-de-liva-comunitari-per-als-commerce\/"},"author":{"name":"Pilar","@id":"https:\/\/www.cecotinternacionalitzacio.org\/#\/schema\/person\/d91738a2c122bbfcdd029c0e82833c58"},"headline":"Canvis en la normativa de l&#8217;IVA comunitari per als commerce","datePublished":"2021-07-19T09:46:18+00:00","dateModified":"2021-07-19T09:46:19+00:00","mainEntityOfPage":{"@id":"https:\/\/www.cecotinternacionalitzacio.org\/es\/canvis-en-la-normativa-de-liva-comunitari-per-als-commerce\/"},"wordCount":272,"publisher":{"@id":"https:\/\/www.cecotinternacionalitzacio.org\/#organization"},"articleSection":["Boletin","Novetats","Sala de premsa"],"inLanguage":"es"},{"@type":"WebPage","@id":"https:\/\/www.cecotinternacionalitzacio.org\/es\/canvis-en-la-normativa-de-liva-comunitari-per-als-commerce\/","url":"https:\/\/www.cecotinternacionalitzacio.org\/es\/canvis-en-la-normativa-de-liva-comunitari-per-als-commerce\/","name":"Canvis en la normativa de l'IVA comunitari per als commerce - Club Cecot Internacionalitzaci\u00f3","isPartOf":{"@id":"https:\/\/www.cecotinternacionalitzacio.org\/#website"},"datePublished":"2021-07-19T09:46:18+00:00","dateModified":"2021-07-19T09:46:19+00:00","breadcrumb":{"@id":"https:\/\/www.cecotinternacionalitzacio.org\/es\/canvis-en-la-normativa-de-liva-comunitari-per-als-commerce\/#breadcrumb"},"inLanguage":"es","potentialAction":[{"@type":"ReadAction","target":["https:\/\/www.cecotinternacionalitzacio.org\/es\/canvis-en-la-normativa-de-liva-comunitari-per-als-commerce\/"]}]},{"@type":"BreadcrumbList","@id":"https:\/\/www.cecotinternacionalitzacio.org\/es\/canvis-en-la-normativa-de-liva-comunitari-per-als-commerce\/#breadcrumb","itemListElement":[{"@type":"ListItem","position":1,"name":"Inici","item":"https:\/\/www.cecotinternacionalitzacio.org\/es\/"},{"@type":"ListItem","position":2,"name":"Canvis en la normativa de l&#8217;IVA comunitari per als commerce"}]},{"@type":"WebSite","@id":"https:\/\/www.cecotinternacionalitzacio.org\/#website","url":"https:\/\/www.cecotinternacionalitzacio.org\/","name":"Club Cecot Internacionalitzaci\u00f3","description":"Un f\u00f2rum d\u2019intercanvi d\u2019experi\u00e8ncies sobre l\u2019activitat exportadora de les empreses","publisher":{"@id":"https:\/\/www.cecotinternacionalitzacio.org\/#organization"},"potentialAction":[{"@type":"SearchAction","target":{"@type":"EntryPoint","urlTemplate":"https:\/\/www.cecotinternacionalitzacio.org\/?s={search_term_string}"},"query-input":"required name=search_term_string"}],"inLanguage":"es"},{"@type":"Organization","@id":"https:\/\/www.cecotinternacionalitzacio.org\/#organization","name":"Club Cecot Internacionalitzaci\u00f3","url":"https:\/\/www.cecotinternacionalitzacio.org\/","sameAs":[],"logo":{"@type":"ImageObject","inLanguage":"es","@id":"https:\/\/www.cecotinternacionalitzacio.org\/#\/schema\/logo\/image\/","url":"https:\/\/www.cecotinternacionalitzacio.org\/wp-content\/uploads\/2015\/07\/Logo_Club_Int_165x60.png","contentUrl":"https:\/\/www.cecotinternacionalitzacio.org\/wp-content\/uploads\/2015\/07\/Logo_Club_Int_165x60.png","width":165,"height":60,"caption":"Club Cecot Internacionalitzaci\u00f3"},"image":{"@id":"https:\/\/www.cecotinternacionalitzacio.org\/#\/schema\/logo\/image\/"}},{"@type":"Person","@id":"https:\/\/www.cecotinternacionalitzacio.org\/#\/schema\/person\/d91738a2c122bbfcdd029c0e82833c58","name":"Pilar","image":{"@type":"ImageObject","inLanguage":"es","@id":"https:\/\/www.cecotinternacionalitzacio.org\/#\/schema\/person\/image\/","url":"https:\/\/secure.gravatar.com\/avatar\/32cc2674644dd8ee7951cf6daf8d21e1a23999353a7dc19b8aa7c4747598ba57?s=96&r=g","contentUrl":"https:\/\/secure.gravatar.com\/avatar\/32cc2674644dd8ee7951cf6daf8d21e1a23999353a7dc19b8aa7c4747598ba57?s=96&r=g","caption":"Pilar"},"url":"https:\/\/www.cecotinternacionalitzacio.org\/es\/author\/p-lores\/"}]}},"_links":{"self":[{"href":"https:\/\/www.cecotinternacionalitzacio.org\/es\/wp-json\/wp\/v2\/posts\/10577","targetHints":{"allow":["GET"]}}],"collection":[{"href":"https:\/\/www.cecotinternacionalitzacio.org\/es\/wp-json\/wp\/v2\/posts"}],"about":[{"href":"https:\/\/www.cecotinternacionalitzacio.org\/es\/wp-json\/wp\/v2\/types\/post"}],"author":[{"embeddable":true,"href":"https:\/\/www.cecotinternacionalitzacio.org\/es\/wp-json\/wp\/v2\/users\/76105"}],"replies":[{"embeddable":true,"href":"https:\/\/www.cecotinternacionalitzacio.org\/es\/wp-json\/wp\/v2\/comments?post=10577"}],"version-history":[{"count":0,"href":"https:\/\/www.cecotinternacionalitzacio.org\/es\/wp-json\/wp\/v2\/posts\/10577\/revisions"}],"wp:featuredmedia":[{"embeddable":true,"href":"https:\/\/www.cecotinternacionalitzacio.org\/es\/wp-json\/wp\/v2\/media\/10604"}],"wp:attachment":[{"href":"https:\/\/www.cecotinternacionalitzacio.org\/es\/wp-json\/wp\/v2\/media?parent=10577"}],"wp:term":[{"taxonomy":"category","embeddable":true,"href":"https:\/\/www.cecotinternacionalitzacio.org\/es\/wp-json\/wp\/v2\/categories?post=10577"},{"taxonomy":"post_tag","embeddable":true,"href":"https:\/\/www.cecotinternacionalitzacio.org\/es\/wp-json\/wp\/v2\/tags?post=10577"}],"curies":[{"name":"wp","href":"https:\/\/api.w.org\/{rel}","templated":true}]}}