{"id":11426,"date":"2022-01-24T12:07:03","date_gmt":"2022-01-24T11:07:03","guid":{"rendered":"https:\/\/www.cecotinternacionalitzacio.org\/?p=11426"},"modified":"2022-01-24T12:07:05","modified_gmt":"2022-01-24T11:07:05","slug":"informe-claves-latinoamericanas-datrevia","status":"publish","type":"post","link":"https:\/\/www.cecotinternacionalitzacio.org\/es\/informe-claves-latinoamericanas-datrevia\/","title":{"rendered":"Informe: \u00abClaves latinoamericanas\u00bb d&#8217;Atrevia"},"content":{"rendered":"\n<p>La nova variant del coronavirus ha arribat definitivament a Llatinoam\u00e8rica. Com en la resta del globus, la \u00d3micron ha disparat el nombre de contagis, per\u00f2 no est\u00e0 derivant en un nivell d&#8217;hospitalitzacions i defuncions relativament alt, sobretot comparat amb altres moments de la pand\u00e8mia.<\/p>\n\n\n\n<p>Amb un 92% de la poblaci\u00f3 immunitzada amb les dues dosis, Xile est\u00e0 especialment ben preparat per a fer front a la nova ona. A m\u00e9s, estrena nou president, Gabriel Boric, el m\u00e9s jove de la hist\u00f2ria del pa\u00eds. Col\u00f2mbia tamb\u00e9 tindr\u00e0 nou president enguany, amb Gustavo Petro encap\u00e7alant les enquestes. El pa\u00eds tanca 2021 amb un creixement del PIB del 9,7%, una bona dada que comparteix amb el Per\u00fa, que hauria crescut en un 13,2%. No obstant aix\u00f2, el seu president Pedro Castillo \u00e9s objecte de diverses recerques per presumptes actes de corrupci\u00f3.<\/p>\n\n\n\n<p>D\u2019altra banda, els analistes pronostiquen que l&#8217;economia brasilera creixer\u00e0 nom\u00e9s en un 0,28% en 2022,despr\u00e9s que la inflaci\u00f3 arrib\u00e9s al 10,06% en 2021. l&#8217;Argentina tamb\u00e9 implica problemes en aquest sentit i la inflaci\u00f3 podria arribar al 50% enguany. No obstant aix\u00f2, el tema de m\u00e9s import\u00e0ncia actualment al pa\u00eds \u00e9s el d&#8217;aconseguir un acord amb l&#8217;FMI per a poder refinan\u00e7ar el seu deute i atreure inversions.<\/p>\n\n\n\n<p>En la taula mitjana, el PIB de l&#8217;Equador va cr\u00e9ixer un 3,55% durant l&#8217;any, per\u00f2 s&#8217;estan duent a terme mesures que busquen una major reactivaci\u00f3, com la reducci\u00f3 de l&#8217;Impost a la Sortida de Divises o una Llei d&#8217;Inversions que t\u00e9 com a objectiu enfortir les aliances p\u00fablic-privades. L&#8217;economia de Paraguai experimenta una expansi\u00f3 una mica superior al&nbsp; 5%, per\u00f2 la pol\u00e8mica provocada per presumptes irregularitats en la gesti\u00f3 de fons per part de la Governaci\u00f3 de Central continua en marxa.<\/p>\n\n\n\n<p>M\u00e8xic sembla ser el pa\u00eds m\u00e9s afectat per l&#8217;arribada de la nova variant. Diverses institucions han tornat al format semipresencial, el president ha donat positiu per segona vegada i diverses entitats federades han anunciat que la volta a les classes ser\u00e0 virtual o mixta. En contrast, el Govern de Rep\u00fablica Dominicana ha anunciat que no adoptar\u00e0 noves mesures restrictives i les projeccions indiquen que el PIB creixer\u00e0 en un 5,5% enguany.<\/p>\n\n\n\n<p>Consulta l&#8217;<a href=\"https:\/\/www.cecotinternacionalitzacio.org\/wp-content\/uploads\/2022\/01\/Enllac-noticia-3-Informe_Latam_ENERO-2022.pdf\" target=\"_blank\" rel=\"noreferrer noopener\">informe d&#8217;Atrevia<\/a> complet.<\/p>\n","protected":false},"excerpt":{"rendered":"<p>La nova variant del coronavirus ha arribat definitivament a Llatinoam\u00e8rica. Com en la resta del globus, la \u00d3micron ha disparat el nombre de contagis, per\u00f2 no est\u00e0 derivant en un nivell d&#8217;hospitalitzacions i defuncions relativament alt, sobretot comparat amb altres moments de la pand\u00e8mia. <a class=\"moretag\" href=\"https:\/\/www.cecotinternacionalitzacio.org\/es\/informe-claves-latinoamericanas-datrevia\/\"><br \/>Llegir m\u00e9s &raquo;<\/a><\/p>\n","protected":false},"author":76105,"featured_media":9508,"comment_status":"closed","ping_status":"closed","sticky":false,"template":"","format":"standard","meta":{"_acf_changed":false,"_exactmetrics_skip_tracking":false,"_exactmetrics_sitenote_active":false,"_exactmetrics_sitenote_note":"","_exactmetrics_sitenote_category":0,"footnotes":""},"categories":[470,84,196],"tags":[],"class_list":["post-11426","post","type-post","status-publish","format-standard","has-post-thumbnail","hentry","category-boletin","category-novetats","category-temes-a-fons"],"acf":[],"yoast_head":"<!-- This site is optimized with the Yoast SEO plugin v19.6.1 - https:\/\/yoast.com\/wordpress\/plugins\/seo\/ -->\n<title>Informe: &quot;Claves latinoamericanas&quot; d&#039;Atrevia - Club Cecot Internacionalitzaci\u00f3<\/title>\n<meta name=\"robots\" content=\"noindex, follow, max-snippet:-1, max-image-preview:large, max-video-preview:-1\" \/>\n<meta property=\"og:locale\" content=\"es_ES\" \/>\n<meta property=\"og:type\" content=\"article\" \/>\n<meta property=\"og:title\" content=\"Informe: &quot;Claves latinoamericanas&quot; d&#039;Atrevia - Club Cecot Internacionalitzaci\u00f3\" \/>\n<meta property=\"og:description\" content=\"La nova variant del coronavirus ha arribat definitivament a Llatinoam\u00e8rica. Com en la resta del globus, la \u00d3micron ha disparat el nombre de contagis, per\u00f2 no est\u00e0 derivant en un nivell d&#039;hospitalitzacions i defuncions relativament alt, sobretot comparat amb altres moments de la pand\u00e8mia. Llegir m\u00e9s &raquo;\" \/>\n<meta property=\"og:url\" content=\"https:\/\/www.cecotinternacionalitzacio.org\/es\/informe-claves-latinoamericanas-datrevia\/\" \/>\n<meta property=\"og:site_name\" content=\"Club Cecot Internacionalitzaci\u00f3\" \/>\n<meta property=\"article:published_time\" content=\"2022-01-24T11:07:03+00:00\" \/>\n<meta property=\"article:modified_time\" content=\"2022-01-24T11:07:05+00:00\" \/>\n<meta property=\"og:image\" content=\"https:\/\/www.cecotinternacionalitzacio.org\/wp-content\/uploads\/2021\/02\/tramitacion-parlamentaria-LCSP.jpg\" \/>\n\t<meta property=\"og:image:width\" content=\"600\" \/>\n\t<meta property=\"og:image:height\" content=\"337\" \/>\n\t<meta property=\"og:image:type\" content=\"image\/jpeg\" \/>\n<meta name=\"author\" content=\"Pilar\" \/>\n<meta name=\"twitter:card\" content=\"summary\" \/>\n<meta name=\"twitter:label1\" content=\"Escrito por\" \/>\n\t<meta name=\"twitter:data1\" content=\"Pilar\" \/>\n\t<meta name=\"twitter:label2\" content=\"Tiempo de lectura\" \/>\n\t<meta name=\"twitter:data2\" content=\"2 minutos\" \/>\n<script type=\"application\/ld+json\" class=\"yoast-schema-graph\">{\"@context\":\"https:\/\/schema.org\",\"@graph\":[{\"@type\":\"Article\",\"@id\":\"https:\/\/www.cecotinternacionalitzacio.org\/es\/informe-claves-latinoamericanas-datrevia\/#article\",\"isPartOf\":{\"@id\":\"https:\/\/www.cecotinternacionalitzacio.org\/es\/informe-claves-latinoamericanas-datrevia\/\"},\"author\":{\"name\":\"Pilar\",\"@id\":\"https:\/\/www.cecotinternacionalitzacio.org\/#\/schema\/person\/d91738a2c122bbfcdd029c0e82833c58\"},\"headline\":\"Informe: \u00abClaves latinoamericanas\u00bb d&#8217;Atrevia\",\"datePublished\":\"2022-01-24T11:07:03+00:00\",\"dateModified\":\"2022-01-24T11:07:05+00:00\",\"mainEntityOfPage\":{\"@id\":\"https:\/\/www.cecotinternacionalitzacio.org\/es\/informe-claves-latinoamericanas-datrevia\/\"},\"wordCount\":378,\"publisher\":{\"@id\":\"https:\/\/www.cecotinternacionalitzacio.org\/#organization\"},\"articleSection\":[\"Boletin\",\"Novetats\",\"Temes a fons\"],\"inLanguage\":\"es\"},{\"@type\":\"WebPage\",\"@id\":\"https:\/\/www.cecotinternacionalitzacio.org\/es\/informe-claves-latinoamericanas-datrevia\/\",\"url\":\"https:\/\/www.cecotinternacionalitzacio.org\/es\/informe-claves-latinoamericanas-datrevia\/\",\"name\":\"Informe: \\\"Claves latinoamericanas\\\" d'Atrevia - Club Cecot Internacionalitzaci\u00f3\",\"isPartOf\":{\"@id\":\"https:\/\/www.cecotinternacionalitzacio.org\/#website\"},\"datePublished\":\"2022-01-24T11:07:03+00:00\",\"dateModified\":\"2022-01-24T11:07:05+00:00\",\"breadcrumb\":{\"@id\":\"https:\/\/www.cecotinternacionalitzacio.org\/es\/informe-claves-latinoamericanas-datrevia\/#breadcrumb\"},\"inLanguage\":\"es\",\"potentialAction\":[{\"@type\":\"ReadAction\",\"target\":[\"https:\/\/www.cecotinternacionalitzacio.org\/es\/informe-claves-latinoamericanas-datrevia\/\"]}]},{\"@type\":\"BreadcrumbList\",\"@id\":\"https:\/\/www.cecotinternacionalitzacio.org\/es\/informe-claves-latinoamericanas-datrevia\/#breadcrumb\",\"itemListElement\":[{\"@type\":\"ListItem\",\"position\":1,\"name\":\"Inici\",\"item\":\"https:\/\/www.cecotinternacionalitzacio.org\/es\/\"},{\"@type\":\"ListItem\",\"position\":2,\"name\":\"Informe: &#8220;Claves latinoamericanas&#8221; d&#8217;Atrevia\"}]},{\"@type\":\"WebSite\",\"@id\":\"https:\/\/www.cecotinternacionalitzacio.org\/#website\",\"url\":\"https:\/\/www.cecotinternacionalitzacio.org\/\",\"name\":\"Club Cecot Internacionalitzaci\u00f3\",\"description\":\"Un f\u00f2rum d\u2019intercanvi d\u2019experi\u00e8ncies sobre l\u2019activitat exportadora de les empreses\",\"publisher\":{\"@id\":\"https:\/\/www.cecotinternacionalitzacio.org\/#organization\"},\"potentialAction\":[{\"@type\":\"SearchAction\",\"target\":{\"@type\":\"EntryPoint\",\"urlTemplate\":\"https:\/\/www.cecotinternacionalitzacio.org\/?s={search_term_string}\"},\"query-input\":\"required name=search_term_string\"}],\"inLanguage\":\"es\"},{\"@type\":\"Organization\",\"@id\":\"https:\/\/www.cecotinternacionalitzacio.org\/#organization\",\"name\":\"Club Cecot Internacionalitzaci\u00f3\",\"url\":\"https:\/\/www.cecotinternacionalitzacio.org\/\",\"sameAs\":[],\"logo\":{\"@type\":\"ImageObject\",\"inLanguage\":\"es\",\"@id\":\"https:\/\/www.cecotinternacionalitzacio.org\/#\/schema\/logo\/image\/\",\"url\":\"https:\/\/www.cecotinternacionalitzacio.org\/wp-content\/uploads\/2015\/07\/Logo_Club_Int_165x60.png\",\"contentUrl\":\"https:\/\/www.cecotinternacionalitzacio.org\/wp-content\/uploads\/2015\/07\/Logo_Club_Int_165x60.png\",\"width\":165,\"height\":60,\"caption\":\"Club Cecot Internacionalitzaci\u00f3\"},\"image\":{\"@id\":\"https:\/\/www.cecotinternacionalitzacio.org\/#\/schema\/logo\/image\/\"}},{\"@type\":\"Person\",\"@id\":\"https:\/\/www.cecotinternacionalitzacio.org\/#\/schema\/person\/d91738a2c122bbfcdd029c0e82833c58\",\"name\":\"Pilar\",\"image\":{\"@type\":\"ImageObject\",\"inLanguage\":\"es\",\"@id\":\"https:\/\/www.cecotinternacionalitzacio.org\/#\/schema\/person\/image\/\",\"url\":\"https:\/\/secure.gravatar.com\/avatar\/32cc2674644dd8ee7951cf6daf8d21e1a23999353a7dc19b8aa7c4747598ba57?s=96&r=g\",\"contentUrl\":\"https:\/\/secure.gravatar.com\/avatar\/32cc2674644dd8ee7951cf6daf8d21e1a23999353a7dc19b8aa7c4747598ba57?s=96&r=g\",\"caption\":\"Pilar\"},\"url\":\"https:\/\/www.cecotinternacionalitzacio.org\/es\/author\/p-lores\/\"}]}<\/script>\n<!-- \/ Yoast SEO plugin. -->","yoast_head_json":{"title":"Informe: \"Claves latinoamericanas\" d'Atrevia - Club Cecot Internacionalitzaci\u00f3","robots":{"index":"noindex","follow":"follow","max-snippet":"max-snippet:-1","max-image-preview":"max-image-preview:large","max-video-preview":"max-video-preview:-1"},"og_locale":"es_ES","og_type":"article","og_title":"Informe: \"Claves latinoamericanas\" d'Atrevia - Club Cecot Internacionalitzaci\u00f3","og_description":"La nova variant del coronavirus ha arribat definitivament a Llatinoam\u00e8rica. Com en la resta del globus, la \u00d3micron ha disparat el nombre de contagis, per\u00f2 no est\u00e0 derivant en un nivell d'hospitalitzacions i defuncions relativament alt, sobretot comparat amb altres moments de la pand\u00e8mia. Llegir m\u00e9s &raquo;","og_url":"https:\/\/www.cecotinternacionalitzacio.org\/es\/informe-claves-latinoamericanas-datrevia\/","og_site_name":"Club Cecot Internacionalitzaci\u00f3","article_published_time":"2022-01-24T11:07:03+00:00","article_modified_time":"2022-01-24T11:07:05+00:00","og_image":[{"width":600,"height":337,"url":"https:\/\/www.cecotinternacionalitzacio.org\/wp-content\/uploads\/2021\/02\/tramitacion-parlamentaria-LCSP.jpg","type":"image\/jpeg"}],"author":"Pilar","twitter_card":"summary","twitter_misc":{"Escrito por":"Pilar","Tiempo de lectura":"2 minutos"},"schema":{"@context":"https:\/\/schema.org","@graph":[{"@type":"Article","@id":"https:\/\/www.cecotinternacionalitzacio.org\/es\/informe-claves-latinoamericanas-datrevia\/#article","isPartOf":{"@id":"https:\/\/www.cecotinternacionalitzacio.org\/es\/informe-claves-latinoamericanas-datrevia\/"},"author":{"name":"Pilar","@id":"https:\/\/www.cecotinternacionalitzacio.org\/#\/schema\/person\/d91738a2c122bbfcdd029c0e82833c58"},"headline":"Informe: \u00abClaves latinoamericanas\u00bb d&#8217;Atrevia","datePublished":"2022-01-24T11:07:03+00:00","dateModified":"2022-01-24T11:07:05+00:00","mainEntityOfPage":{"@id":"https:\/\/www.cecotinternacionalitzacio.org\/es\/informe-claves-latinoamericanas-datrevia\/"},"wordCount":378,"publisher":{"@id":"https:\/\/www.cecotinternacionalitzacio.org\/#organization"},"articleSection":["Boletin","Novetats","Temes a fons"],"inLanguage":"es"},{"@type":"WebPage","@id":"https:\/\/www.cecotinternacionalitzacio.org\/es\/informe-claves-latinoamericanas-datrevia\/","url":"https:\/\/www.cecotinternacionalitzacio.org\/es\/informe-claves-latinoamericanas-datrevia\/","name":"Informe: \"Claves latinoamericanas\" d'Atrevia - Club Cecot Internacionalitzaci\u00f3","isPartOf":{"@id":"https:\/\/www.cecotinternacionalitzacio.org\/#website"},"datePublished":"2022-01-24T11:07:03+00:00","dateModified":"2022-01-24T11:07:05+00:00","breadcrumb":{"@id":"https:\/\/www.cecotinternacionalitzacio.org\/es\/informe-claves-latinoamericanas-datrevia\/#breadcrumb"},"inLanguage":"es","potentialAction":[{"@type":"ReadAction","target":["https:\/\/www.cecotinternacionalitzacio.org\/es\/informe-claves-latinoamericanas-datrevia\/"]}]},{"@type":"BreadcrumbList","@id":"https:\/\/www.cecotinternacionalitzacio.org\/es\/informe-claves-latinoamericanas-datrevia\/#breadcrumb","itemListElement":[{"@type":"ListItem","position":1,"name":"Inici","item":"https:\/\/www.cecotinternacionalitzacio.org\/es\/"},{"@type":"ListItem","position":2,"name":"Informe: &#8220;Claves latinoamericanas&#8221; d&#8217;Atrevia"}]},{"@type":"WebSite","@id":"https:\/\/www.cecotinternacionalitzacio.org\/#website","url":"https:\/\/www.cecotinternacionalitzacio.org\/","name":"Club Cecot Internacionalitzaci\u00f3","description":"Un f\u00f2rum d\u2019intercanvi d\u2019experi\u00e8ncies sobre l\u2019activitat exportadora de les empreses","publisher":{"@id":"https:\/\/www.cecotinternacionalitzacio.org\/#organization"},"potentialAction":[{"@type":"SearchAction","target":{"@type":"EntryPoint","urlTemplate":"https:\/\/www.cecotinternacionalitzacio.org\/?s={search_term_string}"},"query-input":"required name=search_term_string"}],"inLanguage":"es"},{"@type":"Organization","@id":"https:\/\/www.cecotinternacionalitzacio.org\/#organization","name":"Club Cecot Internacionalitzaci\u00f3","url":"https:\/\/www.cecotinternacionalitzacio.org\/","sameAs":[],"logo":{"@type":"ImageObject","inLanguage":"es","@id":"https:\/\/www.cecotinternacionalitzacio.org\/#\/schema\/logo\/image\/","url":"https:\/\/www.cecotinternacionalitzacio.org\/wp-content\/uploads\/2015\/07\/Logo_Club_Int_165x60.png","contentUrl":"https:\/\/www.cecotinternacionalitzacio.org\/wp-content\/uploads\/2015\/07\/Logo_Club_Int_165x60.png","width":165,"height":60,"caption":"Club Cecot Internacionalitzaci\u00f3"},"image":{"@id":"https:\/\/www.cecotinternacionalitzacio.org\/#\/schema\/logo\/image\/"}},{"@type":"Person","@id":"https:\/\/www.cecotinternacionalitzacio.org\/#\/schema\/person\/d91738a2c122bbfcdd029c0e82833c58","name":"Pilar","image":{"@type":"ImageObject","inLanguage":"es","@id":"https:\/\/www.cecotinternacionalitzacio.org\/#\/schema\/person\/image\/","url":"https:\/\/secure.gravatar.com\/avatar\/32cc2674644dd8ee7951cf6daf8d21e1a23999353a7dc19b8aa7c4747598ba57?s=96&r=g","contentUrl":"https:\/\/secure.gravatar.com\/avatar\/32cc2674644dd8ee7951cf6daf8d21e1a23999353a7dc19b8aa7c4747598ba57?s=96&r=g","caption":"Pilar"},"url":"https:\/\/www.cecotinternacionalitzacio.org\/es\/author\/p-lores\/"}]}},"_links":{"self":[{"href":"https:\/\/www.cecotinternacionalitzacio.org\/es\/wp-json\/wp\/v2\/posts\/11426","targetHints":{"allow":["GET"]}}],"collection":[{"href":"https:\/\/www.cecotinternacionalitzacio.org\/es\/wp-json\/wp\/v2\/posts"}],"about":[{"href":"https:\/\/www.cecotinternacionalitzacio.org\/es\/wp-json\/wp\/v2\/types\/post"}],"author":[{"embeddable":true,"href":"https:\/\/www.cecotinternacionalitzacio.org\/es\/wp-json\/wp\/v2\/users\/76105"}],"replies":[{"embeddable":true,"href":"https:\/\/www.cecotinternacionalitzacio.org\/es\/wp-json\/wp\/v2\/comments?post=11426"}],"version-history":[{"count":0,"href":"https:\/\/www.cecotinternacionalitzacio.org\/es\/wp-json\/wp\/v2\/posts\/11426\/revisions"}],"wp:featuredmedia":[{"embeddable":true,"href":"https:\/\/www.cecotinternacionalitzacio.org\/es\/wp-json\/wp\/v2\/media\/9508"}],"wp:attachment":[{"href":"https:\/\/www.cecotinternacionalitzacio.org\/es\/wp-json\/wp\/v2\/media?parent=11426"}],"wp:term":[{"taxonomy":"category","embeddable":true,"href":"https:\/\/www.cecotinternacionalitzacio.org\/es\/wp-json\/wp\/v2\/categories?post=11426"},{"taxonomy":"post_tag","embeddable":true,"href":"https:\/\/www.cecotinternacionalitzacio.org\/es\/wp-json\/wp\/v2\/tags?post=11426"}],"curies":[{"name":"wp","href":"https:\/\/api.w.org\/{rel}","templated":true}]}}