{"id":11551,"date":"2022-02-07T14:54:01","date_gmt":"2022-02-07T13:54:01","guid":{"rendered":"https:\/\/www.cecotinternacionalitzacio.org\/?p=11551"},"modified":"2022-02-07T14:54:03","modified_gmt":"2022-02-07T13:54:03","slug":"16-de-febrer-webinar-jornada-sobre-productes-medic-sanitaris-a-suissa-2022","status":"publish","type":"post","link":"https:\/\/www.cecotinternacionalitzacio.org\/es\/16-de-febrer-webinar-jornada-sobre-productes-medic-sanitaris-a-suissa-2022\/","title":{"rendered":"16 de febrer- Webinar: Jornada sobre productes m\u00e8dic-sanitaris a Su\u00efssa 2022"},"content":{"rendered":"\n<ul class=\"wp-block-list\"><li><strong>Data: <\/strong>Dimecres 16 de febrer<\/li><li><a href=\"https:\/\/www.icex.es\/icex\/es\/navegacion-principal\/todos-nuestros-servicios\/visitar-mercados\/agenda\/webinario-medico-sanitarios-suiza-sem2021897248.html\" target=\"_blank\" rel=\"noreferrer noopener\">M\u00e9s informaci\u00f3 i inscripcions<\/a><\/li><\/ul>\n\n\n\n<p>ICEX Espa\u00f1a Exportaci\u00f3 i Inversions i l&#8217;Oficina Econ\u00f2mica i Comercial d&#8217;Espanya a Berna llancen aquesta jornada per a informar empreses espanyoles sobre les caracter\u00edstiques del sector de <strong>productes m\u00e8dic-sanitaris a Su\u00efssa i oportunitats d&#8217;exportaci\u00f3.<\/strong><\/p>\n\n\n\n<p>Les importacions de productes m\u00e8dic-sanitaris a Su\u00efssa van ascendir a 5.505 milions d&#8217;euros en 2020 i s&#8217;han vist incrementades entorn d&#8217;un 20% al llarg dels \u00faltims cinc anys. Encara que Espanya ocupa la modesta posici\u00f3 22a entre els principals pa\u00efsos subministradors de productes m\u00e8dic-sanitaris a Su\u00efssa, les exportacions espanyoles a aquest pa\u00eds van tamb\u00e9 en augment (de 21 milions d&#8217;euros en 2016 a 26 milions d&#8217;euros en 2020) i existeix un clar potencial de millora sobre la base d&#8217;una bona percepci\u00f3 de la marca Espanya en aquest segment.<\/p>\n","protected":false},"excerpt":{"rendered":"<p>En aquesta jornada s&#8217;informar\u00e0 a empreses espanyoles sobre les caracter\u00edstiques del sector de productes m\u00e8dic-sanitaris a Su\u00efssa i oportunitats d&#8217;exportaci\u00f3. <a class=\"moretag\" href=\"https:\/\/www.cecotinternacionalitzacio.org\/es\/16-de-febrer-webinar-jornada-sobre-productes-medic-sanitaris-a-suissa-2022\/\"><br \/>Llegir m\u00e9s &raquo;<\/a><\/p>\n","protected":false},"author":76105,"featured_media":8780,"comment_status":"closed","ping_status":"closed","sticky":false,"template":"","format":"standard","meta":{"_acf_changed":false,"_exactmetrics_skip_tracking":false,"_exactmetrics_sitenote_active":false,"_exactmetrics_sitenote_note":"","_exactmetrics_sitenote_category":0,"footnotes":""},"categories":[44,470,48,84],"tags":[],"class_list":["post-11551","post","type-post","status-publish","format-standard","has-post-thumbnail","hentry","category-activitats","category-boletin","category-jornades-seminaris","category-novetats"],"acf":[],"yoast_head":"<!-- This site is optimized with the Yoast SEO plugin v19.6.1 - https:\/\/yoast.com\/wordpress\/plugins\/seo\/ -->\n<title>16 de febrer- Webinar: Jornada sobre productes m\u00e8dic-sanitaris a Su\u00efssa 2022 - Club Cecot Internacionalitzaci\u00f3<\/title>\n<meta name=\"robots\" content=\"noindex, follow, max-snippet:-1, max-image-preview:large, max-video-preview:-1\" \/>\n<meta property=\"og:locale\" content=\"es_ES\" \/>\n<meta property=\"og:type\" content=\"article\" \/>\n<meta property=\"og:title\" content=\"16 de febrer- Webinar: Jornada sobre productes m\u00e8dic-sanitaris a Su\u00efssa 2022 - Club Cecot Internacionalitzaci\u00f3\" \/>\n<meta property=\"og:description\" content=\"En aquesta jornada s&#039;informar\u00e0 a empreses espanyoles sobre les caracter\u00edstiques del sector de productes m\u00e8dic-sanitaris a Su\u00efssa i oportunitats d&#039;exportaci\u00f3. Llegir m\u00e9s &raquo;\" \/>\n<meta property=\"og:url\" content=\"https:\/\/www.cecotinternacionalitzacio.org\/es\/16-de-febrer-webinar-jornada-sobre-productes-medic-sanitaris-a-suissa-2022\/\" \/>\n<meta property=\"og:site_name\" content=\"Club Cecot Internacionalitzaci\u00f3\" \/>\n<meta property=\"article:published_time\" content=\"2022-02-07T13:54:01+00:00\" \/>\n<meta property=\"article:modified_time\" content=\"2022-02-07T13:54:03+00:00\" \/>\n<meta property=\"og:image\" content=\"https:\/\/www.cecotinternacionalitzacio.org\/wp-content\/uploads\/2020\/11\/1-12074.jpg\" \/>\n\t<meta property=\"og:image:width\" content=\"670\" \/>\n\t<meta property=\"og:image:height\" content=\"370\" \/>\n\t<meta property=\"og:image:type\" content=\"image\/jpeg\" \/>\n<meta name=\"author\" content=\"Pilar\" \/>\n<meta name=\"twitter:card\" content=\"summary\" \/>\n<meta name=\"twitter:label1\" content=\"Escrito por\" \/>\n\t<meta name=\"twitter:data1\" content=\"Pilar\" \/>\n\t<meta name=\"twitter:label2\" content=\"Tiempo de lectura\" \/>\n\t<meta name=\"twitter:data2\" content=\"1 minuto\" \/>\n<script type=\"application\/ld+json\" class=\"yoast-schema-graph\">{\"@context\":\"https:\/\/schema.org\",\"@graph\":[{\"@type\":\"Article\",\"@id\":\"https:\/\/www.cecotinternacionalitzacio.org\/es\/16-de-febrer-webinar-jornada-sobre-productes-medic-sanitaris-a-suissa-2022\/#article\",\"isPartOf\":{\"@id\":\"https:\/\/www.cecotinternacionalitzacio.org\/es\/16-de-febrer-webinar-jornada-sobre-productes-medic-sanitaris-a-suissa-2022\/\"},\"author\":{\"name\":\"Pilar\",\"@id\":\"https:\/\/www.cecotinternacionalitzacio.org\/#\/schema\/person\/d91738a2c122bbfcdd029c0e82833c58\"},\"headline\":\"16 de febrer- Webinar: Jornada sobre productes m\u00e8dic-sanitaris a Su\u00efssa 2022\",\"datePublished\":\"2022-02-07T13:54:01+00:00\",\"dateModified\":\"2022-02-07T13:54:03+00:00\",\"mainEntityOfPage\":{\"@id\":\"https:\/\/www.cecotinternacionalitzacio.org\/es\/16-de-febrer-webinar-jornada-sobre-productes-medic-sanitaris-a-suissa-2022\/\"},\"wordCount\":145,\"publisher\":{\"@id\":\"https:\/\/www.cecotinternacionalitzacio.org\/#organization\"},\"articleSection\":[\"Activitats\",\"Boletin\",\"Jornades i seminaris\",\"Novetats\"],\"inLanguage\":\"es\"},{\"@type\":\"WebPage\",\"@id\":\"https:\/\/www.cecotinternacionalitzacio.org\/es\/16-de-febrer-webinar-jornada-sobre-productes-medic-sanitaris-a-suissa-2022\/\",\"url\":\"https:\/\/www.cecotinternacionalitzacio.org\/es\/16-de-febrer-webinar-jornada-sobre-productes-medic-sanitaris-a-suissa-2022\/\",\"name\":\"16 de febrer- Webinar: Jornada sobre productes m\u00e8dic-sanitaris a Su\u00efssa 2022 - Club Cecot Internacionalitzaci\u00f3\",\"isPartOf\":{\"@id\":\"https:\/\/www.cecotinternacionalitzacio.org\/#website\"},\"datePublished\":\"2022-02-07T13:54:01+00:00\",\"dateModified\":\"2022-02-07T13:54:03+00:00\",\"breadcrumb\":{\"@id\":\"https:\/\/www.cecotinternacionalitzacio.org\/es\/16-de-febrer-webinar-jornada-sobre-productes-medic-sanitaris-a-suissa-2022\/#breadcrumb\"},\"inLanguage\":\"es\",\"potentialAction\":[{\"@type\":\"ReadAction\",\"target\":[\"https:\/\/www.cecotinternacionalitzacio.org\/es\/16-de-febrer-webinar-jornada-sobre-productes-medic-sanitaris-a-suissa-2022\/\"]}]},{\"@type\":\"BreadcrumbList\",\"@id\":\"https:\/\/www.cecotinternacionalitzacio.org\/es\/16-de-febrer-webinar-jornada-sobre-productes-medic-sanitaris-a-suissa-2022\/#breadcrumb\",\"itemListElement\":[{\"@type\":\"ListItem\",\"position\":1,\"name\":\"Inici\",\"item\":\"https:\/\/www.cecotinternacionalitzacio.org\/es\/\"},{\"@type\":\"ListItem\",\"position\":2,\"name\":\"16 de febrer- Webinar: Jornada sobre productes m\u00e8dic-sanitaris a Su\u00efssa 2022\"}]},{\"@type\":\"WebSite\",\"@id\":\"https:\/\/www.cecotinternacionalitzacio.org\/#website\",\"url\":\"https:\/\/www.cecotinternacionalitzacio.org\/\",\"name\":\"Club Cecot Internacionalitzaci\u00f3\",\"description\":\"Un f\u00f2rum d\u2019intercanvi d\u2019experi\u00e8ncies sobre l\u2019activitat exportadora de les empreses\",\"publisher\":{\"@id\":\"https:\/\/www.cecotinternacionalitzacio.org\/#organization\"},\"potentialAction\":[{\"@type\":\"SearchAction\",\"target\":{\"@type\":\"EntryPoint\",\"urlTemplate\":\"https:\/\/www.cecotinternacionalitzacio.org\/?s={search_term_string}\"},\"query-input\":\"required name=search_term_string\"}],\"inLanguage\":\"es\"},{\"@type\":\"Organization\",\"@id\":\"https:\/\/www.cecotinternacionalitzacio.org\/#organization\",\"name\":\"Club Cecot Internacionalitzaci\u00f3\",\"url\":\"https:\/\/www.cecotinternacionalitzacio.org\/\",\"sameAs\":[],\"logo\":{\"@type\":\"ImageObject\",\"inLanguage\":\"es\",\"@id\":\"https:\/\/www.cecotinternacionalitzacio.org\/#\/schema\/logo\/image\/\",\"url\":\"https:\/\/www.cecotinternacionalitzacio.org\/wp-content\/uploads\/2015\/07\/Logo_Club_Int_165x60.png\",\"contentUrl\":\"https:\/\/www.cecotinternacionalitzacio.org\/wp-content\/uploads\/2015\/07\/Logo_Club_Int_165x60.png\",\"width\":165,\"height\":60,\"caption\":\"Club Cecot Internacionalitzaci\u00f3\"},\"image\":{\"@id\":\"https:\/\/www.cecotinternacionalitzacio.org\/#\/schema\/logo\/image\/\"}},{\"@type\":\"Person\",\"@id\":\"https:\/\/www.cecotinternacionalitzacio.org\/#\/schema\/person\/d91738a2c122bbfcdd029c0e82833c58\",\"name\":\"Pilar\",\"image\":{\"@type\":\"ImageObject\",\"inLanguage\":\"es\",\"@id\":\"https:\/\/www.cecotinternacionalitzacio.org\/#\/schema\/person\/image\/\",\"url\":\"https:\/\/secure.gravatar.com\/avatar\/32cc2674644dd8ee7951cf6daf8d21e1a23999353a7dc19b8aa7c4747598ba57?s=96&r=g\",\"contentUrl\":\"https:\/\/secure.gravatar.com\/avatar\/32cc2674644dd8ee7951cf6daf8d21e1a23999353a7dc19b8aa7c4747598ba57?s=96&r=g\",\"caption\":\"Pilar\"},\"url\":\"https:\/\/www.cecotinternacionalitzacio.org\/es\/author\/p-lores\/\"}]}<\/script>\n<!-- \/ Yoast SEO plugin. -->","yoast_head_json":{"title":"16 de febrer- Webinar: Jornada sobre productes m\u00e8dic-sanitaris a Su\u00efssa 2022 - Club Cecot Internacionalitzaci\u00f3","robots":{"index":"noindex","follow":"follow","max-snippet":"max-snippet:-1","max-image-preview":"max-image-preview:large","max-video-preview":"max-video-preview:-1"},"og_locale":"es_ES","og_type":"article","og_title":"16 de febrer- Webinar: Jornada sobre productes m\u00e8dic-sanitaris a Su\u00efssa 2022 - Club Cecot Internacionalitzaci\u00f3","og_description":"En aquesta jornada s'informar\u00e0 a empreses espanyoles sobre les caracter\u00edstiques del sector de productes m\u00e8dic-sanitaris a Su\u00efssa i oportunitats d'exportaci\u00f3. Llegir m\u00e9s &raquo;","og_url":"https:\/\/www.cecotinternacionalitzacio.org\/es\/16-de-febrer-webinar-jornada-sobre-productes-medic-sanitaris-a-suissa-2022\/","og_site_name":"Club Cecot Internacionalitzaci\u00f3","article_published_time":"2022-02-07T13:54:01+00:00","article_modified_time":"2022-02-07T13:54:03+00:00","og_image":[{"width":670,"height":370,"url":"https:\/\/www.cecotinternacionalitzacio.org\/wp-content\/uploads\/2020\/11\/1-12074.jpg","type":"image\/jpeg"}],"author":"Pilar","twitter_card":"summary","twitter_misc":{"Escrito por":"Pilar","Tiempo de lectura":"1 minuto"},"schema":{"@context":"https:\/\/schema.org","@graph":[{"@type":"Article","@id":"https:\/\/www.cecotinternacionalitzacio.org\/es\/16-de-febrer-webinar-jornada-sobre-productes-medic-sanitaris-a-suissa-2022\/#article","isPartOf":{"@id":"https:\/\/www.cecotinternacionalitzacio.org\/es\/16-de-febrer-webinar-jornada-sobre-productes-medic-sanitaris-a-suissa-2022\/"},"author":{"name":"Pilar","@id":"https:\/\/www.cecotinternacionalitzacio.org\/#\/schema\/person\/d91738a2c122bbfcdd029c0e82833c58"},"headline":"16 de febrer- Webinar: Jornada sobre productes m\u00e8dic-sanitaris a Su\u00efssa 2022","datePublished":"2022-02-07T13:54:01+00:00","dateModified":"2022-02-07T13:54:03+00:00","mainEntityOfPage":{"@id":"https:\/\/www.cecotinternacionalitzacio.org\/es\/16-de-febrer-webinar-jornada-sobre-productes-medic-sanitaris-a-suissa-2022\/"},"wordCount":145,"publisher":{"@id":"https:\/\/www.cecotinternacionalitzacio.org\/#organization"},"articleSection":["Activitats","Boletin","Jornades i seminaris","Novetats"],"inLanguage":"es"},{"@type":"WebPage","@id":"https:\/\/www.cecotinternacionalitzacio.org\/es\/16-de-febrer-webinar-jornada-sobre-productes-medic-sanitaris-a-suissa-2022\/","url":"https:\/\/www.cecotinternacionalitzacio.org\/es\/16-de-febrer-webinar-jornada-sobre-productes-medic-sanitaris-a-suissa-2022\/","name":"16 de febrer- Webinar: Jornada sobre productes m\u00e8dic-sanitaris a Su\u00efssa 2022 - Club Cecot Internacionalitzaci\u00f3","isPartOf":{"@id":"https:\/\/www.cecotinternacionalitzacio.org\/#website"},"datePublished":"2022-02-07T13:54:01+00:00","dateModified":"2022-02-07T13:54:03+00:00","breadcrumb":{"@id":"https:\/\/www.cecotinternacionalitzacio.org\/es\/16-de-febrer-webinar-jornada-sobre-productes-medic-sanitaris-a-suissa-2022\/#breadcrumb"},"inLanguage":"es","potentialAction":[{"@type":"ReadAction","target":["https:\/\/www.cecotinternacionalitzacio.org\/es\/16-de-febrer-webinar-jornada-sobre-productes-medic-sanitaris-a-suissa-2022\/"]}]},{"@type":"BreadcrumbList","@id":"https:\/\/www.cecotinternacionalitzacio.org\/es\/16-de-febrer-webinar-jornada-sobre-productes-medic-sanitaris-a-suissa-2022\/#breadcrumb","itemListElement":[{"@type":"ListItem","position":1,"name":"Inici","item":"https:\/\/www.cecotinternacionalitzacio.org\/es\/"},{"@type":"ListItem","position":2,"name":"16 de febrer- Webinar: Jornada sobre productes m\u00e8dic-sanitaris a Su\u00efssa 2022"}]},{"@type":"WebSite","@id":"https:\/\/www.cecotinternacionalitzacio.org\/#website","url":"https:\/\/www.cecotinternacionalitzacio.org\/","name":"Club Cecot Internacionalitzaci\u00f3","description":"Un f\u00f2rum d\u2019intercanvi d\u2019experi\u00e8ncies sobre l\u2019activitat exportadora de les empreses","publisher":{"@id":"https:\/\/www.cecotinternacionalitzacio.org\/#organization"},"potentialAction":[{"@type":"SearchAction","target":{"@type":"EntryPoint","urlTemplate":"https:\/\/www.cecotinternacionalitzacio.org\/?s={search_term_string}"},"query-input":"required name=search_term_string"}],"inLanguage":"es"},{"@type":"Organization","@id":"https:\/\/www.cecotinternacionalitzacio.org\/#organization","name":"Club Cecot Internacionalitzaci\u00f3","url":"https:\/\/www.cecotinternacionalitzacio.org\/","sameAs":[],"logo":{"@type":"ImageObject","inLanguage":"es","@id":"https:\/\/www.cecotinternacionalitzacio.org\/#\/schema\/logo\/image\/","url":"https:\/\/www.cecotinternacionalitzacio.org\/wp-content\/uploads\/2015\/07\/Logo_Club_Int_165x60.png","contentUrl":"https:\/\/www.cecotinternacionalitzacio.org\/wp-content\/uploads\/2015\/07\/Logo_Club_Int_165x60.png","width":165,"height":60,"caption":"Club Cecot Internacionalitzaci\u00f3"},"image":{"@id":"https:\/\/www.cecotinternacionalitzacio.org\/#\/schema\/logo\/image\/"}},{"@type":"Person","@id":"https:\/\/www.cecotinternacionalitzacio.org\/#\/schema\/person\/d91738a2c122bbfcdd029c0e82833c58","name":"Pilar","image":{"@type":"ImageObject","inLanguage":"es","@id":"https:\/\/www.cecotinternacionalitzacio.org\/#\/schema\/person\/image\/","url":"https:\/\/secure.gravatar.com\/avatar\/32cc2674644dd8ee7951cf6daf8d21e1a23999353a7dc19b8aa7c4747598ba57?s=96&r=g","contentUrl":"https:\/\/secure.gravatar.com\/avatar\/32cc2674644dd8ee7951cf6daf8d21e1a23999353a7dc19b8aa7c4747598ba57?s=96&r=g","caption":"Pilar"},"url":"https:\/\/www.cecotinternacionalitzacio.org\/es\/author\/p-lores\/"}]}},"_links":{"self":[{"href":"https:\/\/www.cecotinternacionalitzacio.org\/es\/wp-json\/wp\/v2\/posts\/11551","targetHints":{"allow":["GET"]}}],"collection":[{"href":"https:\/\/www.cecotinternacionalitzacio.org\/es\/wp-json\/wp\/v2\/posts"}],"about":[{"href":"https:\/\/www.cecotinternacionalitzacio.org\/es\/wp-json\/wp\/v2\/types\/post"}],"author":[{"embeddable":true,"href":"https:\/\/www.cecotinternacionalitzacio.org\/es\/wp-json\/wp\/v2\/users\/76105"}],"replies":[{"embeddable":true,"href":"https:\/\/www.cecotinternacionalitzacio.org\/es\/wp-json\/wp\/v2\/comments?post=11551"}],"version-history":[{"count":0,"href":"https:\/\/www.cecotinternacionalitzacio.org\/es\/wp-json\/wp\/v2\/posts\/11551\/revisions"}],"wp:featuredmedia":[{"embeddable":true,"href":"https:\/\/www.cecotinternacionalitzacio.org\/es\/wp-json\/wp\/v2\/media\/8780"}],"wp:attachment":[{"href":"https:\/\/www.cecotinternacionalitzacio.org\/es\/wp-json\/wp\/v2\/media?parent=11551"}],"wp:term":[{"taxonomy":"category","embeddable":true,"href":"https:\/\/www.cecotinternacionalitzacio.org\/es\/wp-json\/wp\/v2\/categories?post=11551"},{"taxonomy":"post_tag","embeddable":true,"href":"https:\/\/www.cecotinternacionalitzacio.org\/es\/wp-json\/wp\/v2\/tags?post=11551"}],"curies":[{"name":"wp","href":"https:\/\/api.w.org\/{rel}","templated":true}]}}