{"id":12056,"date":"2022-05-23T12:07:30","date_gmt":"2022-05-23T10:07:30","guid":{"rendered":"https:\/\/www.cecotinternacionalitzacio.org\/?p=12056"},"modified":"2022-05-23T12:07:32","modified_gmt":"2022-05-23T10:07:32","slug":"eurostat-ultimes-dades-sobre-produccio-industrial-i-comerc-internacional-de-bens","status":"publish","type":"post","link":"https:\/\/www.cecotinternacionalitzacio.org\/es\/eurostat-ultimes-dades-sobre-produccio-industrial-i-comerc-internacional-de-bens\/","title":{"rendered":"Eurostat: \u00faltimes dades sobre Producci\u00f3 industrial i Comer\u00e7 internacional de b\u00e9ns"},"content":{"rendered":"\n<p>Segons les darreres\u00a0 estimacions d&#8217;Eurostat, la producci\u00f3 industrial de mar\u00e7 va caure en la zona euros un\u00a0 1,8% i un 1,2%\u00a0 en la UE en relaci\u00f3 amb el mes precedent la qual cosa suposa un -0,8% i +0,7% respectivament en relaci\u00f3 al mes de mar\u00e7 de 2021:\u00a0 Litu\u00e0nia (+11,3%) i Eslov\u00e0quia (-5,3%) van enregistrar les millors evolucions mensuals, mentre que les d&#8217;Espanya, Alemanya, Fran\u00e7a i It\u00e0lia van ser del -1,8%, -5%, -0,5% i 0% respectivament. D&#8217;altra banda, el comer\u00e7 internacional de b\u00e9ns va registrar un d\u00e8ficit de 16.400 milions d&#8217;euros a la zona euro i de 27.700 milions a la UE al mar\u00e7 de 2022, en comparaci\u00f3 als excedents de 22.500 i 18.700 milions respectivament registrats en el mateix mes de 2021. La principal causa \u00e9s l&#8217;increment anual del 69,3% en les importacions d&#8217;energia. Aix\u00ed, l&#8217;augment de les exportacions d&#8217;Espanya, Alemanya, Fran\u00e7a i It\u00e0lia va ser, respectivament, del 22%, 16%, 20% i 23%; i de les importacions del 37%, 24%, 28% i 43%.<\/p>\n","protected":false},"excerpt":{"rendered":"<p>Segons les darreres\u00a0 estimacions d&#8217;Eurostat, la producci\u00f3 industrial de mar\u00e7 va caure en la zona euros un\u00a0 1,8% i un 1,2%\u00a0 en la UE en relaci\u00f3 amb el mes precedent la qual cosa suposa un -0,8% i +0,7% respectivament en relaci\u00f3 al mes de mar\u00e7 de 2021. <a class=\"moretag\" href=\"https:\/\/www.cecotinternacionalitzacio.org\/es\/eurostat-ultimes-dades-sobre-produccio-industrial-i-comerc-internacional-de-bens\/\"><br \/>Llegir m\u00e9s &raquo;<\/a><\/p>\n","protected":false},"author":76105,"featured_media":10026,"comment_status":"closed","ping_status":"closed","sticky":false,"template":"","format":"standard","meta":{"_acf_changed":false,"_exactmetrics_skip_tracking":false,"_exactmetrics_sitenote_active":false,"_exactmetrics_sitenote_note":"","_exactmetrics_sitenote_category":0,"footnotes":""},"categories":[470,84,196],"tags":[],"class_list":["post-12056","post","type-post","status-publish","format-standard","has-post-thumbnail","hentry","category-boletin","category-novetats","category-temes-a-fons"],"acf":[],"yoast_head":"<!-- This site is optimized with the Yoast SEO plugin v19.6.1 - https:\/\/yoast.com\/wordpress\/plugins\/seo\/ -->\n<title>Eurostat: \u00faltimes dades sobre Producci\u00f3 industrial i Comer\u00e7 internacional de b\u00e9ns - Club Cecot Internacionalitzaci\u00f3<\/title>\n<meta name=\"robots\" content=\"noindex, follow, max-snippet:-1, max-image-preview:large, max-video-preview:-1\" \/>\n<meta property=\"og:locale\" content=\"es_ES\" \/>\n<meta property=\"og:type\" content=\"article\" \/>\n<meta property=\"og:title\" content=\"Eurostat: \u00faltimes dades sobre Producci\u00f3 industrial i Comer\u00e7 internacional de b\u00e9ns - Club Cecot Internacionalitzaci\u00f3\" \/>\n<meta property=\"og:description\" content=\"Segons les darreres\u00a0 estimacions d&#039;Eurostat, la producci\u00f3 industrial de mar\u00e7 va caure en la zona euros un\u00a0 1,8% i un 1,2%\u00a0 en la UE en relaci\u00f3 amb el mes precedent la qual cosa suposa un -0,8% i +0,7% respectivament en relaci\u00f3 al mes de mar\u00e7 de 2021. Llegir m\u00e9s &raquo;\" \/>\n<meta property=\"og:url\" content=\"https:\/\/www.cecotinternacionalitzacio.org\/es\/eurostat-ultimes-dades-sobre-produccio-industrial-i-comerc-internacional-de-bens\/\" \/>\n<meta property=\"og:site_name\" content=\"Club Cecot Internacionalitzaci\u00f3\" \/>\n<meta property=\"article:published_time\" content=\"2022-05-23T10:07:30+00:00\" \/>\n<meta property=\"article:modified_time\" content=\"2022-05-23T10:07:32+00:00\" \/>\n<meta property=\"og:image\" content=\"https:\/\/www.cecotinternacionalitzacio.org\/wp-content\/uploads\/2021\/04\/fiscalitat-internacional.jpg\" \/>\n\t<meta property=\"og:image:width\" content=\"660\" \/>\n\t<meta property=\"og:image:height\" content=\"400\" \/>\n\t<meta property=\"og:image:type\" content=\"image\/jpeg\" \/>\n<meta name=\"author\" content=\"Pilar\" \/>\n<meta name=\"twitter:card\" content=\"summary\" \/>\n<meta name=\"twitter:label1\" content=\"Escrito por\" \/>\n\t<meta name=\"twitter:data1\" content=\"Pilar\" \/>\n\t<meta name=\"twitter:label2\" content=\"Tiempo de lectura\" \/>\n\t<meta name=\"twitter:data2\" content=\"1 minuto\" \/>\n<script type=\"application\/ld+json\" class=\"yoast-schema-graph\">{\"@context\":\"https:\/\/schema.org\",\"@graph\":[{\"@type\":\"Article\",\"@id\":\"https:\/\/www.cecotinternacionalitzacio.org\/es\/eurostat-ultimes-dades-sobre-produccio-industrial-i-comerc-internacional-de-bens\/#article\",\"isPartOf\":{\"@id\":\"https:\/\/www.cecotinternacionalitzacio.org\/es\/eurostat-ultimes-dades-sobre-produccio-industrial-i-comerc-internacional-de-bens\/\"},\"author\":{\"name\":\"Pilar\",\"@id\":\"https:\/\/www.cecotinternacionalitzacio.org\/#\/schema\/person\/d91738a2c122bbfcdd029c0e82833c58\"},\"headline\":\"Eurostat: \u00faltimes dades sobre Producci\u00f3 industrial i Comer\u00e7 internacional de b\u00e9ns\",\"datePublished\":\"2022-05-23T10:07:30+00:00\",\"dateModified\":\"2022-05-23T10:07:32+00:00\",\"mainEntityOfPage\":{\"@id\":\"https:\/\/www.cecotinternacionalitzacio.org\/es\/eurostat-ultimes-dades-sobre-produccio-industrial-i-comerc-internacional-de-bens\/\"},\"wordCount\":162,\"publisher\":{\"@id\":\"https:\/\/www.cecotinternacionalitzacio.org\/#organization\"},\"articleSection\":[\"Boletin\",\"Novetats\",\"Temes a fons\"],\"inLanguage\":\"es\"},{\"@type\":\"WebPage\",\"@id\":\"https:\/\/www.cecotinternacionalitzacio.org\/es\/eurostat-ultimes-dades-sobre-produccio-industrial-i-comerc-internacional-de-bens\/\",\"url\":\"https:\/\/www.cecotinternacionalitzacio.org\/es\/eurostat-ultimes-dades-sobre-produccio-industrial-i-comerc-internacional-de-bens\/\",\"name\":\"Eurostat: \u00faltimes dades sobre Producci\u00f3 industrial i Comer\u00e7 internacional de b\u00e9ns - Club Cecot Internacionalitzaci\u00f3\",\"isPartOf\":{\"@id\":\"https:\/\/www.cecotinternacionalitzacio.org\/#website\"},\"datePublished\":\"2022-05-23T10:07:30+00:00\",\"dateModified\":\"2022-05-23T10:07:32+00:00\",\"breadcrumb\":{\"@id\":\"https:\/\/www.cecotinternacionalitzacio.org\/es\/eurostat-ultimes-dades-sobre-produccio-industrial-i-comerc-internacional-de-bens\/#breadcrumb\"},\"inLanguage\":\"es\",\"potentialAction\":[{\"@type\":\"ReadAction\",\"target\":[\"https:\/\/www.cecotinternacionalitzacio.org\/es\/eurostat-ultimes-dades-sobre-produccio-industrial-i-comerc-internacional-de-bens\/\"]}]},{\"@type\":\"BreadcrumbList\",\"@id\":\"https:\/\/www.cecotinternacionalitzacio.org\/es\/eurostat-ultimes-dades-sobre-produccio-industrial-i-comerc-internacional-de-bens\/#breadcrumb\",\"itemListElement\":[{\"@type\":\"ListItem\",\"position\":1,\"name\":\"Inici\",\"item\":\"https:\/\/www.cecotinternacionalitzacio.org\/es\/\"},{\"@type\":\"ListItem\",\"position\":2,\"name\":\"Eurostat: \u00faltimes dades sobre Producci\u00f3 industrial i Comer\u00e7 internacional de b\u00e9ns\"}]},{\"@type\":\"WebSite\",\"@id\":\"https:\/\/www.cecotinternacionalitzacio.org\/#website\",\"url\":\"https:\/\/www.cecotinternacionalitzacio.org\/\",\"name\":\"Club Cecot Internacionalitzaci\u00f3\",\"description\":\"Un f\u00f2rum d\u2019intercanvi d\u2019experi\u00e8ncies sobre l\u2019activitat exportadora de les empreses\",\"publisher\":{\"@id\":\"https:\/\/www.cecotinternacionalitzacio.org\/#organization\"},\"potentialAction\":[{\"@type\":\"SearchAction\",\"target\":{\"@type\":\"EntryPoint\",\"urlTemplate\":\"https:\/\/www.cecotinternacionalitzacio.org\/?s={search_term_string}\"},\"query-input\":\"required name=search_term_string\"}],\"inLanguage\":\"es\"},{\"@type\":\"Organization\",\"@id\":\"https:\/\/www.cecotinternacionalitzacio.org\/#organization\",\"name\":\"Club Cecot Internacionalitzaci\u00f3\",\"url\":\"https:\/\/www.cecotinternacionalitzacio.org\/\",\"sameAs\":[],\"logo\":{\"@type\":\"ImageObject\",\"inLanguage\":\"es\",\"@id\":\"https:\/\/www.cecotinternacionalitzacio.org\/#\/schema\/logo\/image\/\",\"url\":\"https:\/\/www.cecotinternacionalitzacio.org\/wp-content\/uploads\/2015\/07\/Logo_Club_Int_165x60.png\",\"contentUrl\":\"https:\/\/www.cecotinternacionalitzacio.org\/wp-content\/uploads\/2015\/07\/Logo_Club_Int_165x60.png\",\"width\":165,\"height\":60,\"caption\":\"Club Cecot Internacionalitzaci\u00f3\"},\"image\":{\"@id\":\"https:\/\/www.cecotinternacionalitzacio.org\/#\/schema\/logo\/image\/\"}},{\"@type\":\"Person\",\"@id\":\"https:\/\/www.cecotinternacionalitzacio.org\/#\/schema\/person\/d91738a2c122bbfcdd029c0e82833c58\",\"name\":\"Pilar\",\"image\":{\"@type\":\"ImageObject\",\"inLanguage\":\"es\",\"@id\":\"https:\/\/www.cecotinternacionalitzacio.org\/#\/schema\/person\/image\/\",\"url\":\"https:\/\/secure.gravatar.com\/avatar\/32cc2674644dd8ee7951cf6daf8d21e1a23999353a7dc19b8aa7c4747598ba57?s=96&r=g\",\"contentUrl\":\"https:\/\/secure.gravatar.com\/avatar\/32cc2674644dd8ee7951cf6daf8d21e1a23999353a7dc19b8aa7c4747598ba57?s=96&r=g\",\"caption\":\"Pilar\"},\"url\":\"https:\/\/www.cecotinternacionalitzacio.org\/es\/author\/p-lores\/\"}]}<\/script>\n<!-- \/ Yoast SEO plugin. -->","yoast_head_json":{"title":"Eurostat: \u00faltimes dades sobre Producci\u00f3 industrial i Comer\u00e7 internacional de b\u00e9ns - Club Cecot Internacionalitzaci\u00f3","robots":{"index":"noindex","follow":"follow","max-snippet":"max-snippet:-1","max-image-preview":"max-image-preview:large","max-video-preview":"max-video-preview:-1"},"og_locale":"es_ES","og_type":"article","og_title":"Eurostat: \u00faltimes dades sobre Producci\u00f3 industrial i Comer\u00e7 internacional de b\u00e9ns - Club Cecot Internacionalitzaci\u00f3","og_description":"Segons les darreres\u00a0 estimacions d'Eurostat, la producci\u00f3 industrial de mar\u00e7 va caure en la zona euros un\u00a0 1,8% i un 1,2%\u00a0 en la UE en relaci\u00f3 amb el mes precedent la qual cosa suposa un -0,8% i +0,7% respectivament en relaci\u00f3 al mes de mar\u00e7 de 2021. Llegir m\u00e9s &raquo;","og_url":"https:\/\/www.cecotinternacionalitzacio.org\/es\/eurostat-ultimes-dades-sobre-produccio-industrial-i-comerc-internacional-de-bens\/","og_site_name":"Club Cecot Internacionalitzaci\u00f3","article_published_time":"2022-05-23T10:07:30+00:00","article_modified_time":"2022-05-23T10:07:32+00:00","og_image":[{"width":660,"height":400,"url":"https:\/\/www.cecotinternacionalitzacio.org\/wp-content\/uploads\/2021\/04\/fiscalitat-internacional.jpg","type":"image\/jpeg"}],"author":"Pilar","twitter_card":"summary","twitter_misc":{"Escrito por":"Pilar","Tiempo de lectura":"1 minuto"},"schema":{"@context":"https:\/\/schema.org","@graph":[{"@type":"Article","@id":"https:\/\/www.cecotinternacionalitzacio.org\/es\/eurostat-ultimes-dades-sobre-produccio-industrial-i-comerc-internacional-de-bens\/#article","isPartOf":{"@id":"https:\/\/www.cecotinternacionalitzacio.org\/es\/eurostat-ultimes-dades-sobre-produccio-industrial-i-comerc-internacional-de-bens\/"},"author":{"name":"Pilar","@id":"https:\/\/www.cecotinternacionalitzacio.org\/#\/schema\/person\/d91738a2c122bbfcdd029c0e82833c58"},"headline":"Eurostat: \u00faltimes dades sobre Producci\u00f3 industrial i Comer\u00e7 internacional de b\u00e9ns","datePublished":"2022-05-23T10:07:30+00:00","dateModified":"2022-05-23T10:07:32+00:00","mainEntityOfPage":{"@id":"https:\/\/www.cecotinternacionalitzacio.org\/es\/eurostat-ultimes-dades-sobre-produccio-industrial-i-comerc-internacional-de-bens\/"},"wordCount":162,"publisher":{"@id":"https:\/\/www.cecotinternacionalitzacio.org\/#organization"},"articleSection":["Boletin","Novetats","Temes a fons"],"inLanguage":"es"},{"@type":"WebPage","@id":"https:\/\/www.cecotinternacionalitzacio.org\/es\/eurostat-ultimes-dades-sobre-produccio-industrial-i-comerc-internacional-de-bens\/","url":"https:\/\/www.cecotinternacionalitzacio.org\/es\/eurostat-ultimes-dades-sobre-produccio-industrial-i-comerc-internacional-de-bens\/","name":"Eurostat: \u00faltimes dades sobre Producci\u00f3 industrial i Comer\u00e7 internacional de b\u00e9ns - Club Cecot Internacionalitzaci\u00f3","isPartOf":{"@id":"https:\/\/www.cecotinternacionalitzacio.org\/#website"},"datePublished":"2022-05-23T10:07:30+00:00","dateModified":"2022-05-23T10:07:32+00:00","breadcrumb":{"@id":"https:\/\/www.cecotinternacionalitzacio.org\/es\/eurostat-ultimes-dades-sobre-produccio-industrial-i-comerc-internacional-de-bens\/#breadcrumb"},"inLanguage":"es","potentialAction":[{"@type":"ReadAction","target":["https:\/\/www.cecotinternacionalitzacio.org\/es\/eurostat-ultimes-dades-sobre-produccio-industrial-i-comerc-internacional-de-bens\/"]}]},{"@type":"BreadcrumbList","@id":"https:\/\/www.cecotinternacionalitzacio.org\/es\/eurostat-ultimes-dades-sobre-produccio-industrial-i-comerc-internacional-de-bens\/#breadcrumb","itemListElement":[{"@type":"ListItem","position":1,"name":"Inici","item":"https:\/\/www.cecotinternacionalitzacio.org\/es\/"},{"@type":"ListItem","position":2,"name":"Eurostat: \u00faltimes dades sobre Producci\u00f3 industrial i Comer\u00e7 internacional de b\u00e9ns"}]},{"@type":"WebSite","@id":"https:\/\/www.cecotinternacionalitzacio.org\/#website","url":"https:\/\/www.cecotinternacionalitzacio.org\/","name":"Club Cecot Internacionalitzaci\u00f3","description":"Un f\u00f2rum d\u2019intercanvi d\u2019experi\u00e8ncies sobre l\u2019activitat exportadora de les empreses","publisher":{"@id":"https:\/\/www.cecotinternacionalitzacio.org\/#organization"},"potentialAction":[{"@type":"SearchAction","target":{"@type":"EntryPoint","urlTemplate":"https:\/\/www.cecotinternacionalitzacio.org\/?s={search_term_string}"},"query-input":"required name=search_term_string"}],"inLanguage":"es"},{"@type":"Organization","@id":"https:\/\/www.cecotinternacionalitzacio.org\/#organization","name":"Club Cecot Internacionalitzaci\u00f3","url":"https:\/\/www.cecotinternacionalitzacio.org\/","sameAs":[],"logo":{"@type":"ImageObject","inLanguage":"es","@id":"https:\/\/www.cecotinternacionalitzacio.org\/#\/schema\/logo\/image\/","url":"https:\/\/www.cecotinternacionalitzacio.org\/wp-content\/uploads\/2015\/07\/Logo_Club_Int_165x60.png","contentUrl":"https:\/\/www.cecotinternacionalitzacio.org\/wp-content\/uploads\/2015\/07\/Logo_Club_Int_165x60.png","width":165,"height":60,"caption":"Club Cecot Internacionalitzaci\u00f3"},"image":{"@id":"https:\/\/www.cecotinternacionalitzacio.org\/#\/schema\/logo\/image\/"}},{"@type":"Person","@id":"https:\/\/www.cecotinternacionalitzacio.org\/#\/schema\/person\/d91738a2c122bbfcdd029c0e82833c58","name":"Pilar","image":{"@type":"ImageObject","inLanguage":"es","@id":"https:\/\/www.cecotinternacionalitzacio.org\/#\/schema\/person\/image\/","url":"https:\/\/secure.gravatar.com\/avatar\/32cc2674644dd8ee7951cf6daf8d21e1a23999353a7dc19b8aa7c4747598ba57?s=96&r=g","contentUrl":"https:\/\/secure.gravatar.com\/avatar\/32cc2674644dd8ee7951cf6daf8d21e1a23999353a7dc19b8aa7c4747598ba57?s=96&r=g","caption":"Pilar"},"url":"https:\/\/www.cecotinternacionalitzacio.org\/es\/author\/p-lores\/"}]}},"_links":{"self":[{"href":"https:\/\/www.cecotinternacionalitzacio.org\/es\/wp-json\/wp\/v2\/posts\/12056","targetHints":{"allow":["GET"]}}],"collection":[{"href":"https:\/\/www.cecotinternacionalitzacio.org\/es\/wp-json\/wp\/v2\/posts"}],"about":[{"href":"https:\/\/www.cecotinternacionalitzacio.org\/es\/wp-json\/wp\/v2\/types\/post"}],"author":[{"embeddable":true,"href":"https:\/\/www.cecotinternacionalitzacio.org\/es\/wp-json\/wp\/v2\/users\/76105"}],"replies":[{"embeddable":true,"href":"https:\/\/www.cecotinternacionalitzacio.org\/es\/wp-json\/wp\/v2\/comments?post=12056"}],"version-history":[{"count":0,"href":"https:\/\/www.cecotinternacionalitzacio.org\/es\/wp-json\/wp\/v2\/posts\/12056\/revisions"}],"wp:featuredmedia":[{"embeddable":true,"href":"https:\/\/www.cecotinternacionalitzacio.org\/es\/wp-json\/wp\/v2\/media\/10026"}],"wp:attachment":[{"href":"https:\/\/www.cecotinternacionalitzacio.org\/es\/wp-json\/wp\/v2\/media?parent=12056"}],"wp:term":[{"taxonomy":"category","embeddable":true,"href":"https:\/\/www.cecotinternacionalitzacio.org\/es\/wp-json\/wp\/v2\/categories?post=12056"},{"taxonomy":"post_tag","embeddable":true,"href":"https:\/\/www.cecotinternacionalitzacio.org\/es\/wp-json\/wp\/v2\/tags?post=12056"}],"curies":[{"name":"wp","href":"https:\/\/api.w.org\/{rel}","templated":true}]}}