{"id":12130,"date":"2022-06-13T12:54:27","date_gmt":"2022-06-13T10:54:27","guid":{"rendered":"https:\/\/www.cecotinternacionalitzacio.org\/?p=12130"},"modified":"2022-06-20T10:49:05","modified_gmt":"2022-06-20T08:49:05","slug":"situacio-relacions-comercials-espanya-algeria","status":"publish","type":"post","link":"https:\/\/www.cecotinternacionalitzacio.org\/es\/situacio-relacions-comercials-espanya-algeria\/","title":{"rendered":"Situaci\u00f3 relacions comercials Espanya-Alg\u00e8ria"},"content":{"rendered":"\n<p>\u00abL&#8217;oficina comercial espanyola est\u00e0 comprovant si les relacions econ\u00f2miques amb les empreses espanyoles i d\u2019Alg\u00e8ria es produeixen amb normalitat\u00bb, ha afirmat la portaveu del Govern espanyol. Respecte a les queixes de les empreses espanyoles amb interessos a Alg\u00e8ria que denuncien que les accions comercials segueixen estancades, el Govern ha afirmat que s&#8217;est\u00e0 treballant a trav\u00e9s de la Uni\u00f3 Europea per a \u00abdefensar els drets de les empreses espanyoles\u00bb.<\/p>\n\n\n\n<p>Alg\u00e8ria sost\u00e9 que les domiciliacions banc\u00e0ries de comer\u00e7 exterior amb Espanya ja s&#8217;han descongelat. No obstant aix\u00f2 s\u00f3n diverses les empreses que denuncien que es poden realitzar encara aquest tipus de moviments bancaris. \u00c9s a dir, no es pot exportar des d&#8217;Espanya a Alg\u00e8ria. El pa\u00eds magreb\u00ed enviava la setmana passada una circular de l&#8217;Associaci\u00f3 de Bancs i Establiments financierios (Abef) paralitzant les transaccions.<\/p>\n\n\n\n<p>Al seg\u00fcent <a href=\"https:\/\/www.cecotinternacionalitzacio.org\/wp-content\/uploads\/2022\/06\/Resum_reunio_extraordinaria_CEOE.docx\" target=\"_blank\" rel=\"noreferrer noopener\">enlla\u00e7<\/a> podeu trobar un resum de la<strong> Reuni\u00f3 Extraordin\u00e0ria de la Comissi\u00f3 de Relacions Internacionals organitzada per la CEOE<\/strong>, que va tenir lloc el passat 15 de juny i en la que va participar la nostra assessora de comer\u00e7 exterior, Cristina Dan\u00f3n.<\/p>\n\n\n\n<p>Tamb\u00e9 us adjuntem un seguit de contactes que us poden ser d&#8217;utilitat per a resoldre els vostres dubtes:<\/p>\n\n\n\n<ul class=\"wp-block-list\"><li>Per a <strong>preguntes espec\u00edfiques, conseller Econ\u00f2mic Comercial a Alg\u00e8ria<\/strong>, Rafael&nbsp;Linde&nbsp;i l&#8217;Oficina Econ\u00f2mica i Comercial d&#8217;Alg\u00e8ria (posar en c\u00f2pia els 2 correus): <a href=\"mailto:rafael.linde@comercio.mineco.es\">rafael.linde@comercio.mineco.es<\/a> i <a href=\"mailto:argel@comercio.mineco.es\">argel@comercio.mineco.es<\/a><br><br>\u2022 Per a <strong>informaci\u00f3 i q\u00fcestions generals, subdirectora General de Pa\u00efsos Mediterranis, \u00c0frica i Orient Mitj\u00e0<\/strong> del Ministeri d&#8217;Ind\u00fastria, Comer\u00e7 i Turisme, Ana de Vicente: <a href=\"mailto:avicentel@mincotur.es\">avicentel@mincotur.es<\/a><br><br>\u2022 Per a consultes al <strong>Ministeri d&#8217;Afers Exteriors<\/strong>, Uni\u00f3 Europea i Cooperaci\u00f3, subdirector General de Diplom\u00e0cia Econ\u00f2mica, Luis Mateos&nbsp;Paramio: <a href=\"mailto:luis.mateos@maec.es\">luis.mateos@maec.es<\/a><br><br>\u2022 Per a consultes a la <strong>Secret\u00e0ria de Comer\u00e7<\/strong>, Gemma&nbsp;Galed&nbsp;Ceresuela&nbsp;, Cap de Servei Comercial, Subdirecci\u00f3 General d&#8217;Estrat\u00e8gia d&#8217;internacionalitzaci\u00f3: <a href=\"mailto:ggaled@mincotur.es\">ggaled@mincotur.es<\/a><\/li><\/ul>\n","protected":false},"excerpt":{"rendered":"<p>Alg\u00e8ria sost\u00e9 que les domiciliacions banc\u00e0ries de comer\u00e7 exterior amb Espanya ja s&#8217;han descongelat. No obstant aix\u00f2 s\u00f3n diverses les empreses que denuncien que es poden realitzar encara aquest tipus de moviments bancaris.  <a class=\"moretag\" href=\"https:\/\/www.cecotinternacionalitzacio.org\/es\/situacio-relacions-comercials-espanya-algeria\/\"><br \/>Llegir m\u00e9s &raquo;<\/a><\/p>\n","protected":false},"author":76105,"featured_media":12134,"comment_status":"closed","ping_status":"closed","sticky":false,"template":"","format":"standard","meta":{"_acf_changed":false,"_exactmetrics_skip_tracking":false,"_exactmetrics_sitenote_active":false,"_exactmetrics_sitenote_note":"","_exactmetrics_sitenote_category":0,"footnotes":""},"categories":[469],"tags":[],"class_list":["post-12130","post","type-post","status-publish","format-standard","has-post-thumbnail","hentry","category-destacat"],"acf":[],"yoast_head":"<!-- This site is optimized with the Yoast SEO plugin v19.6.1 - https:\/\/yoast.com\/wordpress\/plugins\/seo\/ -->\n<title>Situaci\u00f3 relacions comercials Espanya-Alg\u00e8ria - Club Cecot Internacionalitzaci\u00f3<\/title>\n<meta name=\"robots\" content=\"noindex, follow, max-snippet:-1, max-image-preview:large, max-video-preview:-1\" \/>\n<meta property=\"og:locale\" content=\"es_ES\" \/>\n<meta property=\"og:type\" content=\"article\" \/>\n<meta property=\"og:title\" content=\"Situaci\u00f3 relacions comercials Espanya-Alg\u00e8ria - Club Cecot Internacionalitzaci\u00f3\" \/>\n<meta property=\"og:description\" content=\"Alg\u00e8ria sost\u00e9 que les domiciliacions banc\u00e0ries de comer\u00e7 exterior amb Espanya ja s&#039;han descongelat. No obstant aix\u00f2 s\u00f3n diverses les empreses que denuncien que es poden realitzar encara aquest tipus de moviments bancaris. Llegir m\u00e9s &raquo;\" \/>\n<meta property=\"og:url\" content=\"https:\/\/www.cecotinternacionalitzacio.org\/es\/situacio-relacions-comercials-espanya-algeria\/\" \/>\n<meta property=\"og:site_name\" content=\"Club Cecot Internacionalitzaci\u00f3\" \/>\n<meta property=\"article:published_time\" content=\"2022-06-13T10:54:27+00:00\" \/>\n<meta property=\"article:modified_time\" content=\"2022-06-20T08:49:05+00:00\" \/>\n<meta property=\"og:image\" content=\"https:\/\/www.cecotinternacionalitzacio.org\/wp-content\/uploads\/2022\/06\/flag_algera.jpg\" \/>\n\t<meta property=\"og:image:width\" content=\"1201\" \/>\n\t<meta property=\"og:image:height\" content=\"799\" \/>\n\t<meta property=\"og:image:type\" content=\"image\/jpeg\" \/>\n<meta name=\"author\" content=\"Pilar\" \/>\n<meta name=\"twitter:card\" content=\"summary\" \/>\n<meta name=\"twitter:label1\" content=\"Escrito por\" \/>\n\t<meta name=\"twitter:data1\" content=\"Pilar\" \/>\n\t<meta name=\"twitter:label2\" content=\"Tiempo de lectura\" \/>\n\t<meta name=\"twitter:data2\" content=\"2 minutos\" \/>\n<script type=\"application\/ld+json\" class=\"yoast-schema-graph\">{\"@context\":\"https:\/\/schema.org\",\"@graph\":[{\"@type\":\"Article\",\"@id\":\"https:\/\/www.cecotinternacionalitzacio.org\/es\/situacio-relacions-comercials-espanya-algeria\/#article\",\"isPartOf\":{\"@id\":\"https:\/\/www.cecotinternacionalitzacio.org\/es\/situacio-relacions-comercials-espanya-algeria\/\"},\"author\":{\"name\":\"Pilar\",\"@id\":\"https:\/\/www.cecotinternacionalitzacio.org\/#\/schema\/person\/d91738a2c122bbfcdd029c0e82833c58\"},\"headline\":\"Situaci\u00f3 relacions comercials Espanya-Alg\u00e8ria\",\"datePublished\":\"2022-06-13T10:54:27+00:00\",\"dateModified\":\"2022-06-20T08:49:05+00:00\",\"mainEntityOfPage\":{\"@id\":\"https:\/\/www.cecotinternacionalitzacio.org\/es\/situacio-relacions-comercials-espanya-algeria\/\"},\"wordCount\":334,\"publisher\":{\"@id\":\"https:\/\/www.cecotinternacionalitzacio.org\/#organization\"},\"articleSection\":[\"Destacat\"],\"inLanguage\":\"es\"},{\"@type\":\"WebPage\",\"@id\":\"https:\/\/www.cecotinternacionalitzacio.org\/es\/situacio-relacions-comercials-espanya-algeria\/\",\"url\":\"https:\/\/www.cecotinternacionalitzacio.org\/es\/situacio-relacions-comercials-espanya-algeria\/\",\"name\":\"Situaci\u00f3 relacions comercials Espanya-Alg\u00e8ria - Club Cecot Internacionalitzaci\u00f3\",\"isPartOf\":{\"@id\":\"https:\/\/www.cecotinternacionalitzacio.org\/#website\"},\"datePublished\":\"2022-06-13T10:54:27+00:00\",\"dateModified\":\"2022-06-20T08:49:05+00:00\",\"breadcrumb\":{\"@id\":\"https:\/\/www.cecotinternacionalitzacio.org\/es\/situacio-relacions-comercials-espanya-algeria\/#breadcrumb\"},\"inLanguage\":\"es\",\"potentialAction\":[{\"@type\":\"ReadAction\",\"target\":[\"https:\/\/www.cecotinternacionalitzacio.org\/es\/situacio-relacions-comercials-espanya-algeria\/\"]}]},{\"@type\":\"BreadcrumbList\",\"@id\":\"https:\/\/www.cecotinternacionalitzacio.org\/es\/situacio-relacions-comercials-espanya-algeria\/#breadcrumb\",\"itemListElement\":[{\"@type\":\"ListItem\",\"position\":1,\"name\":\"Inici\",\"item\":\"https:\/\/www.cecotinternacionalitzacio.org\/es\/\"},{\"@type\":\"ListItem\",\"position\":2,\"name\":\"Situaci\u00f3 relacions comercials Espanya-Alg\u00e8ria\"}]},{\"@type\":\"WebSite\",\"@id\":\"https:\/\/www.cecotinternacionalitzacio.org\/#website\",\"url\":\"https:\/\/www.cecotinternacionalitzacio.org\/\",\"name\":\"Club Cecot Internacionalitzaci\u00f3\",\"description\":\"Un f\u00f2rum d\u2019intercanvi d\u2019experi\u00e8ncies sobre l\u2019activitat exportadora de les empreses\",\"publisher\":{\"@id\":\"https:\/\/www.cecotinternacionalitzacio.org\/#organization\"},\"potentialAction\":[{\"@type\":\"SearchAction\",\"target\":{\"@type\":\"EntryPoint\",\"urlTemplate\":\"https:\/\/www.cecotinternacionalitzacio.org\/?s={search_term_string}\"},\"query-input\":\"required name=search_term_string\"}],\"inLanguage\":\"es\"},{\"@type\":\"Organization\",\"@id\":\"https:\/\/www.cecotinternacionalitzacio.org\/#organization\",\"name\":\"Club Cecot Internacionalitzaci\u00f3\",\"url\":\"https:\/\/www.cecotinternacionalitzacio.org\/\",\"sameAs\":[],\"logo\":{\"@type\":\"ImageObject\",\"inLanguage\":\"es\",\"@id\":\"https:\/\/www.cecotinternacionalitzacio.org\/#\/schema\/logo\/image\/\",\"url\":\"https:\/\/www.cecotinternacionalitzacio.org\/wp-content\/uploads\/2015\/07\/Logo_Club_Int_165x60.png\",\"contentUrl\":\"https:\/\/www.cecotinternacionalitzacio.org\/wp-content\/uploads\/2015\/07\/Logo_Club_Int_165x60.png\",\"width\":165,\"height\":60,\"caption\":\"Club Cecot Internacionalitzaci\u00f3\"},\"image\":{\"@id\":\"https:\/\/www.cecotinternacionalitzacio.org\/#\/schema\/logo\/image\/\"}},{\"@type\":\"Person\",\"@id\":\"https:\/\/www.cecotinternacionalitzacio.org\/#\/schema\/person\/d91738a2c122bbfcdd029c0e82833c58\",\"name\":\"Pilar\",\"image\":{\"@type\":\"ImageObject\",\"inLanguage\":\"es\",\"@id\":\"https:\/\/www.cecotinternacionalitzacio.org\/#\/schema\/person\/image\/\",\"url\":\"https:\/\/secure.gravatar.com\/avatar\/32cc2674644dd8ee7951cf6daf8d21e1a23999353a7dc19b8aa7c4747598ba57?s=96&r=g\",\"contentUrl\":\"https:\/\/secure.gravatar.com\/avatar\/32cc2674644dd8ee7951cf6daf8d21e1a23999353a7dc19b8aa7c4747598ba57?s=96&r=g\",\"caption\":\"Pilar\"},\"url\":\"https:\/\/www.cecotinternacionalitzacio.org\/es\/author\/p-lores\/\"}]}<\/script>\n<!-- \/ Yoast SEO plugin. -->","yoast_head_json":{"title":"Situaci\u00f3 relacions comercials Espanya-Alg\u00e8ria - Club Cecot Internacionalitzaci\u00f3","robots":{"index":"noindex","follow":"follow","max-snippet":"max-snippet:-1","max-image-preview":"max-image-preview:large","max-video-preview":"max-video-preview:-1"},"og_locale":"es_ES","og_type":"article","og_title":"Situaci\u00f3 relacions comercials Espanya-Alg\u00e8ria - Club Cecot Internacionalitzaci\u00f3","og_description":"Alg\u00e8ria sost\u00e9 que les domiciliacions banc\u00e0ries de comer\u00e7 exterior amb Espanya ja s'han descongelat. No obstant aix\u00f2 s\u00f3n diverses les empreses que denuncien que es poden realitzar encara aquest tipus de moviments bancaris. Llegir m\u00e9s &raquo;","og_url":"https:\/\/www.cecotinternacionalitzacio.org\/es\/situacio-relacions-comercials-espanya-algeria\/","og_site_name":"Club Cecot Internacionalitzaci\u00f3","article_published_time":"2022-06-13T10:54:27+00:00","article_modified_time":"2022-06-20T08:49:05+00:00","og_image":[{"width":1201,"height":799,"url":"https:\/\/www.cecotinternacionalitzacio.org\/wp-content\/uploads\/2022\/06\/flag_algera.jpg","type":"image\/jpeg"}],"author":"Pilar","twitter_card":"summary","twitter_misc":{"Escrito por":"Pilar","Tiempo de lectura":"2 minutos"},"schema":{"@context":"https:\/\/schema.org","@graph":[{"@type":"Article","@id":"https:\/\/www.cecotinternacionalitzacio.org\/es\/situacio-relacions-comercials-espanya-algeria\/#article","isPartOf":{"@id":"https:\/\/www.cecotinternacionalitzacio.org\/es\/situacio-relacions-comercials-espanya-algeria\/"},"author":{"name":"Pilar","@id":"https:\/\/www.cecotinternacionalitzacio.org\/#\/schema\/person\/d91738a2c122bbfcdd029c0e82833c58"},"headline":"Situaci\u00f3 relacions comercials Espanya-Alg\u00e8ria","datePublished":"2022-06-13T10:54:27+00:00","dateModified":"2022-06-20T08:49:05+00:00","mainEntityOfPage":{"@id":"https:\/\/www.cecotinternacionalitzacio.org\/es\/situacio-relacions-comercials-espanya-algeria\/"},"wordCount":334,"publisher":{"@id":"https:\/\/www.cecotinternacionalitzacio.org\/#organization"},"articleSection":["Destacat"],"inLanguage":"es"},{"@type":"WebPage","@id":"https:\/\/www.cecotinternacionalitzacio.org\/es\/situacio-relacions-comercials-espanya-algeria\/","url":"https:\/\/www.cecotinternacionalitzacio.org\/es\/situacio-relacions-comercials-espanya-algeria\/","name":"Situaci\u00f3 relacions comercials Espanya-Alg\u00e8ria - Club Cecot Internacionalitzaci\u00f3","isPartOf":{"@id":"https:\/\/www.cecotinternacionalitzacio.org\/#website"},"datePublished":"2022-06-13T10:54:27+00:00","dateModified":"2022-06-20T08:49:05+00:00","breadcrumb":{"@id":"https:\/\/www.cecotinternacionalitzacio.org\/es\/situacio-relacions-comercials-espanya-algeria\/#breadcrumb"},"inLanguage":"es","potentialAction":[{"@type":"ReadAction","target":["https:\/\/www.cecotinternacionalitzacio.org\/es\/situacio-relacions-comercials-espanya-algeria\/"]}]},{"@type":"BreadcrumbList","@id":"https:\/\/www.cecotinternacionalitzacio.org\/es\/situacio-relacions-comercials-espanya-algeria\/#breadcrumb","itemListElement":[{"@type":"ListItem","position":1,"name":"Inici","item":"https:\/\/www.cecotinternacionalitzacio.org\/es\/"},{"@type":"ListItem","position":2,"name":"Situaci\u00f3 relacions comercials Espanya-Alg\u00e8ria"}]},{"@type":"WebSite","@id":"https:\/\/www.cecotinternacionalitzacio.org\/#website","url":"https:\/\/www.cecotinternacionalitzacio.org\/","name":"Club Cecot Internacionalitzaci\u00f3","description":"Un f\u00f2rum d\u2019intercanvi d\u2019experi\u00e8ncies sobre l\u2019activitat exportadora de les empreses","publisher":{"@id":"https:\/\/www.cecotinternacionalitzacio.org\/#organization"},"potentialAction":[{"@type":"SearchAction","target":{"@type":"EntryPoint","urlTemplate":"https:\/\/www.cecotinternacionalitzacio.org\/?s={search_term_string}"},"query-input":"required name=search_term_string"}],"inLanguage":"es"},{"@type":"Organization","@id":"https:\/\/www.cecotinternacionalitzacio.org\/#organization","name":"Club Cecot Internacionalitzaci\u00f3","url":"https:\/\/www.cecotinternacionalitzacio.org\/","sameAs":[],"logo":{"@type":"ImageObject","inLanguage":"es","@id":"https:\/\/www.cecotinternacionalitzacio.org\/#\/schema\/logo\/image\/","url":"https:\/\/www.cecotinternacionalitzacio.org\/wp-content\/uploads\/2015\/07\/Logo_Club_Int_165x60.png","contentUrl":"https:\/\/www.cecotinternacionalitzacio.org\/wp-content\/uploads\/2015\/07\/Logo_Club_Int_165x60.png","width":165,"height":60,"caption":"Club Cecot Internacionalitzaci\u00f3"},"image":{"@id":"https:\/\/www.cecotinternacionalitzacio.org\/#\/schema\/logo\/image\/"}},{"@type":"Person","@id":"https:\/\/www.cecotinternacionalitzacio.org\/#\/schema\/person\/d91738a2c122bbfcdd029c0e82833c58","name":"Pilar","image":{"@type":"ImageObject","inLanguage":"es","@id":"https:\/\/www.cecotinternacionalitzacio.org\/#\/schema\/person\/image\/","url":"https:\/\/secure.gravatar.com\/avatar\/32cc2674644dd8ee7951cf6daf8d21e1a23999353a7dc19b8aa7c4747598ba57?s=96&r=g","contentUrl":"https:\/\/secure.gravatar.com\/avatar\/32cc2674644dd8ee7951cf6daf8d21e1a23999353a7dc19b8aa7c4747598ba57?s=96&r=g","caption":"Pilar"},"url":"https:\/\/www.cecotinternacionalitzacio.org\/es\/author\/p-lores\/"}]}},"_links":{"self":[{"href":"https:\/\/www.cecotinternacionalitzacio.org\/es\/wp-json\/wp\/v2\/posts\/12130","targetHints":{"allow":["GET"]}}],"collection":[{"href":"https:\/\/www.cecotinternacionalitzacio.org\/es\/wp-json\/wp\/v2\/posts"}],"about":[{"href":"https:\/\/www.cecotinternacionalitzacio.org\/es\/wp-json\/wp\/v2\/types\/post"}],"author":[{"embeddable":true,"href":"https:\/\/www.cecotinternacionalitzacio.org\/es\/wp-json\/wp\/v2\/users\/76105"}],"replies":[{"embeddable":true,"href":"https:\/\/www.cecotinternacionalitzacio.org\/es\/wp-json\/wp\/v2\/comments?post=12130"}],"version-history":[{"count":0,"href":"https:\/\/www.cecotinternacionalitzacio.org\/es\/wp-json\/wp\/v2\/posts\/12130\/revisions"}],"wp:featuredmedia":[{"embeddable":true,"href":"https:\/\/www.cecotinternacionalitzacio.org\/es\/wp-json\/wp\/v2\/media\/12134"}],"wp:attachment":[{"href":"https:\/\/www.cecotinternacionalitzacio.org\/es\/wp-json\/wp\/v2\/media?parent=12130"}],"wp:term":[{"taxonomy":"category","embeddable":true,"href":"https:\/\/www.cecotinternacionalitzacio.org\/es\/wp-json\/wp\/v2\/categories?post=12130"},{"taxonomy":"post_tag","embeddable":true,"href":"https:\/\/www.cecotinternacionalitzacio.org\/es\/wp-json\/wp\/v2\/tags?post=12130"}],"curies":[{"name":"wp","href":"https:\/\/api.w.org\/{rel}","templated":true}]}}