{"id":12206,"date":"2022-07-05T11:39:54","date_gmt":"2022-07-05T09:39:54","guid":{"rendered":"https:\/\/www.cecotinternacionalitzacio.org\/?p=12206"},"modified":"2022-07-05T11:39:56","modified_gmt":"2022-07-05T09:39:56","slug":"12-de-juliol-programa-venda-en-linia-internacional-en-alibaba-com","status":"publish","type":"post","link":"https:\/\/www.cecotinternacionalitzacio.org\/es\/12-de-juliol-programa-venda-en-linia-internacional-en-alibaba-com\/","title":{"rendered":"12 de juliol &#8211; Programa venda en l\u00ednia Internacional en Alibaba.com"},"content":{"rendered":"\n<ul class=\"wp-block-list\"><li><strong>Data:<\/strong> Dimarts 12 de juliol<\/li><li><strong>Hora:<\/strong> De 10:00 h a 11:00 h<\/li><li><a href=\"https:\/\/www.icex.es\/icex\/es\/navegacion-principal\/todos-nuestros-servicios\/visitar-mercados\/agenda\/informacion-programa-alibaba-icex-moda-sem2022911715.html\" target=\"_blank\" rel=\"noreferrer noopener\">M\u00e9s informaci\u00f3 i inscripcions<\/a><\/li><\/ul>\n\n\n\n<p>Si ets una empresa del <strong>sector de Moda i Cosm\u00e8tica<\/strong> i vols ser present en la major plataforma B2B del m\u00f3n, aquest webinar t&#8217;interessa!<br><br>Explicaran detalladament en qu\u00e8 consisteix el <strong>Programa de Venda Online Internacional en Alibaba.com, amb el qual ICEX ha aconseguit unes condicions excepcionals per a les empreses espanyoles<\/strong> que vulguin comen\u00e7ar a vendre en aquest marketplace: <strong>reducci\u00f3 de la quota de Gold Supplier<\/strong>, assignaci\u00f3 d&#8217;un account manager espec\u00edfic per a la teva empresa, <strong>bo de publicitat<\/strong> per a posicionar adequadament la teva marca, pres\u00e8ncia en el pavell\u00f3 d&#8217;Espanya d&#8217;Alibaba.com &#8230; tot aix\u00f2 durant dos anys!<br><br>Apunta&#8217;t a aquest webinari per a con\u00e8ixer tots els detalls del Programa, aix\u00ed com les oportunitats concretes que Alibaba.com suposa per a les empreses de Moda i Cosm\u00e8tica. Comptarem tamb\u00e9 amb una empresa del sector que compartir\u00e0 la seva experi\u00e8ncia en la plataforma.<br><br><\/p>\n","protected":false},"excerpt":{"rendered":"<p>De 10:00h a 11:00h &#8211; Dirigit a empreses del sector Moda i Cosm\u00e8tica que estiguin interessades a apuntar-se al Programa de Venda en l\u00ednia Internacional en Alibaba.com i que desitgin con\u00e8ixer m\u00e9s informaci\u00f3 de les oportunitats que aquest ofereix a empreses del seu sector. <a class=\"moretag\" href=\"https:\/\/www.cecotinternacionalitzacio.org\/es\/12-de-juliol-programa-venda-en-linia-internacional-en-alibaba-com\/\"><br \/>Llegir m\u00e9s &raquo;<\/a><\/p>\n","protected":false},"author":76105,"featured_media":10635,"comment_status":"closed","ping_status":"closed","sticky":false,"template":"","format":"standard","meta":{"_acf_changed":false,"_exactmetrics_skip_tracking":false,"_exactmetrics_sitenote_active":false,"_exactmetrics_sitenote_note":"","_exactmetrics_sitenote_category":0,"footnotes":""},"categories":[44,48],"tags":[],"class_list":["post-12206","post","type-post","status-publish","format-standard","has-post-thumbnail","hentry","category-activitats","category-jornades-seminaris"],"acf":[],"yoast_head":"<!-- This site is optimized with the Yoast SEO plugin v19.6.1 - https:\/\/yoast.com\/wordpress\/plugins\/seo\/ -->\n<title>12 de juliol - Programa venda en l\u00ednia Internacional en Alibaba.com - Club Cecot Internacionalitzaci\u00f3<\/title>\n<meta name=\"robots\" content=\"noindex, follow, max-snippet:-1, max-image-preview:large, max-video-preview:-1\" \/>\n<meta property=\"og:locale\" content=\"es_ES\" \/>\n<meta property=\"og:type\" content=\"article\" \/>\n<meta property=\"og:title\" content=\"12 de juliol - Programa venda en l\u00ednia Internacional en Alibaba.com - Club Cecot Internacionalitzaci\u00f3\" \/>\n<meta property=\"og:description\" content=\"De 10:00h a 11:00h - Dirigit a empreses del sector Moda i Cosm\u00e8tica que estiguin interessades a apuntar-se al Programa de Venda en l\u00ednia Internacional en Alibaba.com i que desitgin con\u00e8ixer m\u00e9s informaci\u00f3 de les oportunitats que aquest ofereix a empreses del seu sector. Llegir m\u00e9s &raquo;\" \/>\n<meta property=\"og:url\" content=\"https:\/\/www.cecotinternacionalitzacio.org\/es\/12-de-juliol-programa-venda-en-linia-internacional-en-alibaba-com\/\" \/>\n<meta property=\"og:site_name\" content=\"Club Cecot Internacionalitzaci\u00f3\" \/>\n<meta property=\"article:published_time\" content=\"2022-07-05T09:39:54+00:00\" \/>\n<meta property=\"article:modified_time\" content=\"2022-07-05T09:39:56+00:00\" \/>\n<meta property=\"og:image\" content=\"https:\/\/www.cecotinternacionalitzacio.org\/wp-content\/uploads\/2021\/07\/commerce-1.jpg\" \/>\n\t<meta property=\"og:image:width\" content=\"620\" \/>\n\t<meta property=\"og:image:height\" content=\"350\" \/>\n\t<meta property=\"og:image:type\" content=\"image\/jpeg\" \/>\n<meta name=\"author\" content=\"Pilar\" \/>\n<meta name=\"twitter:card\" content=\"summary\" \/>\n<meta name=\"twitter:label1\" content=\"Escrito por\" \/>\n\t<meta name=\"twitter:data1\" content=\"Pilar\" \/>\n\t<meta name=\"twitter:label2\" content=\"Tiempo de lectura\" \/>\n\t<meta name=\"twitter:data2\" content=\"1 minuto\" \/>\n<script type=\"application\/ld+json\" class=\"yoast-schema-graph\">{\"@context\":\"https:\/\/schema.org\",\"@graph\":[{\"@type\":\"Article\",\"@id\":\"https:\/\/www.cecotinternacionalitzacio.org\/es\/12-de-juliol-programa-venda-en-linia-internacional-en-alibaba-com\/#article\",\"isPartOf\":{\"@id\":\"https:\/\/www.cecotinternacionalitzacio.org\/es\/12-de-juliol-programa-venda-en-linia-internacional-en-alibaba-com\/\"},\"author\":{\"name\":\"Pilar\",\"@id\":\"https:\/\/www.cecotinternacionalitzacio.org\/#\/schema\/person\/d91738a2c122bbfcdd029c0e82833c58\"},\"headline\":\"12 de juliol &#8211; Programa venda en l\u00ednia Internacional en Alibaba.com\",\"datePublished\":\"2022-07-05T09:39:54+00:00\",\"dateModified\":\"2022-07-05T09:39:56+00:00\",\"mainEntityOfPage\":{\"@id\":\"https:\/\/www.cecotinternacionalitzacio.org\/es\/12-de-juliol-programa-venda-en-linia-internacional-en-alibaba-com\/\"},\"wordCount\":176,\"publisher\":{\"@id\":\"https:\/\/www.cecotinternacionalitzacio.org\/#organization\"},\"articleSection\":[\"Activitats\",\"Jornades i seminaris\"],\"inLanguage\":\"es\"},{\"@type\":\"WebPage\",\"@id\":\"https:\/\/www.cecotinternacionalitzacio.org\/es\/12-de-juliol-programa-venda-en-linia-internacional-en-alibaba-com\/\",\"url\":\"https:\/\/www.cecotinternacionalitzacio.org\/es\/12-de-juliol-programa-venda-en-linia-internacional-en-alibaba-com\/\",\"name\":\"12 de juliol - Programa venda en l\u00ednia Internacional en Alibaba.com - Club Cecot Internacionalitzaci\u00f3\",\"isPartOf\":{\"@id\":\"https:\/\/www.cecotinternacionalitzacio.org\/#website\"},\"datePublished\":\"2022-07-05T09:39:54+00:00\",\"dateModified\":\"2022-07-05T09:39:56+00:00\",\"breadcrumb\":{\"@id\":\"https:\/\/www.cecotinternacionalitzacio.org\/es\/12-de-juliol-programa-venda-en-linia-internacional-en-alibaba-com\/#breadcrumb\"},\"inLanguage\":\"es\",\"potentialAction\":[{\"@type\":\"ReadAction\",\"target\":[\"https:\/\/www.cecotinternacionalitzacio.org\/es\/12-de-juliol-programa-venda-en-linia-internacional-en-alibaba-com\/\"]}]},{\"@type\":\"BreadcrumbList\",\"@id\":\"https:\/\/www.cecotinternacionalitzacio.org\/es\/12-de-juliol-programa-venda-en-linia-internacional-en-alibaba-com\/#breadcrumb\",\"itemListElement\":[{\"@type\":\"ListItem\",\"position\":1,\"name\":\"Inici\",\"item\":\"https:\/\/www.cecotinternacionalitzacio.org\/es\/\"},{\"@type\":\"ListItem\",\"position\":2,\"name\":\"12 de juliol &#8211; Programa venda en l\u00ednia Internacional en Alibaba.com\"}]},{\"@type\":\"WebSite\",\"@id\":\"https:\/\/www.cecotinternacionalitzacio.org\/#website\",\"url\":\"https:\/\/www.cecotinternacionalitzacio.org\/\",\"name\":\"Club Cecot Internacionalitzaci\u00f3\",\"description\":\"Un f\u00f2rum d\u2019intercanvi d\u2019experi\u00e8ncies sobre l\u2019activitat exportadora de les empreses\",\"publisher\":{\"@id\":\"https:\/\/www.cecotinternacionalitzacio.org\/#organization\"},\"potentialAction\":[{\"@type\":\"SearchAction\",\"target\":{\"@type\":\"EntryPoint\",\"urlTemplate\":\"https:\/\/www.cecotinternacionalitzacio.org\/?s={search_term_string}\"},\"query-input\":\"required name=search_term_string\"}],\"inLanguage\":\"es\"},{\"@type\":\"Organization\",\"@id\":\"https:\/\/www.cecotinternacionalitzacio.org\/#organization\",\"name\":\"Club Cecot Internacionalitzaci\u00f3\",\"url\":\"https:\/\/www.cecotinternacionalitzacio.org\/\",\"sameAs\":[],\"logo\":{\"@type\":\"ImageObject\",\"inLanguage\":\"es\",\"@id\":\"https:\/\/www.cecotinternacionalitzacio.org\/#\/schema\/logo\/image\/\",\"url\":\"https:\/\/www.cecotinternacionalitzacio.org\/wp-content\/uploads\/2015\/07\/Logo_Club_Int_165x60.png\",\"contentUrl\":\"https:\/\/www.cecotinternacionalitzacio.org\/wp-content\/uploads\/2015\/07\/Logo_Club_Int_165x60.png\",\"width\":165,\"height\":60,\"caption\":\"Club Cecot Internacionalitzaci\u00f3\"},\"image\":{\"@id\":\"https:\/\/www.cecotinternacionalitzacio.org\/#\/schema\/logo\/image\/\"}},{\"@type\":\"Person\",\"@id\":\"https:\/\/www.cecotinternacionalitzacio.org\/#\/schema\/person\/d91738a2c122bbfcdd029c0e82833c58\",\"name\":\"Pilar\",\"image\":{\"@type\":\"ImageObject\",\"inLanguage\":\"es\",\"@id\":\"https:\/\/www.cecotinternacionalitzacio.org\/#\/schema\/person\/image\/\",\"url\":\"https:\/\/secure.gravatar.com\/avatar\/32cc2674644dd8ee7951cf6daf8d21e1a23999353a7dc19b8aa7c4747598ba57?s=96&r=g\",\"contentUrl\":\"https:\/\/secure.gravatar.com\/avatar\/32cc2674644dd8ee7951cf6daf8d21e1a23999353a7dc19b8aa7c4747598ba57?s=96&r=g\",\"caption\":\"Pilar\"},\"url\":\"https:\/\/www.cecotinternacionalitzacio.org\/es\/author\/p-lores\/\"}]}<\/script>\n<!-- \/ Yoast SEO plugin. -->","yoast_head_json":{"title":"12 de juliol - Programa venda en l\u00ednia Internacional en Alibaba.com - Club Cecot Internacionalitzaci\u00f3","robots":{"index":"noindex","follow":"follow","max-snippet":"max-snippet:-1","max-image-preview":"max-image-preview:large","max-video-preview":"max-video-preview:-1"},"og_locale":"es_ES","og_type":"article","og_title":"12 de juliol - Programa venda en l\u00ednia Internacional en Alibaba.com - Club Cecot Internacionalitzaci\u00f3","og_description":"De 10:00h a 11:00h - Dirigit a empreses del sector Moda i Cosm\u00e8tica que estiguin interessades a apuntar-se al Programa de Venda en l\u00ednia Internacional en Alibaba.com i que desitgin con\u00e8ixer m\u00e9s informaci\u00f3 de les oportunitats que aquest ofereix a empreses del seu sector. Llegir m\u00e9s &raquo;","og_url":"https:\/\/www.cecotinternacionalitzacio.org\/es\/12-de-juliol-programa-venda-en-linia-internacional-en-alibaba-com\/","og_site_name":"Club Cecot Internacionalitzaci\u00f3","article_published_time":"2022-07-05T09:39:54+00:00","article_modified_time":"2022-07-05T09:39:56+00:00","og_image":[{"width":620,"height":350,"url":"https:\/\/www.cecotinternacionalitzacio.org\/wp-content\/uploads\/2021\/07\/commerce-1.jpg","type":"image\/jpeg"}],"author":"Pilar","twitter_card":"summary","twitter_misc":{"Escrito por":"Pilar","Tiempo de lectura":"1 minuto"},"schema":{"@context":"https:\/\/schema.org","@graph":[{"@type":"Article","@id":"https:\/\/www.cecotinternacionalitzacio.org\/es\/12-de-juliol-programa-venda-en-linia-internacional-en-alibaba-com\/#article","isPartOf":{"@id":"https:\/\/www.cecotinternacionalitzacio.org\/es\/12-de-juliol-programa-venda-en-linia-internacional-en-alibaba-com\/"},"author":{"name":"Pilar","@id":"https:\/\/www.cecotinternacionalitzacio.org\/#\/schema\/person\/d91738a2c122bbfcdd029c0e82833c58"},"headline":"12 de juliol &#8211; Programa venda en l\u00ednia Internacional en Alibaba.com","datePublished":"2022-07-05T09:39:54+00:00","dateModified":"2022-07-05T09:39:56+00:00","mainEntityOfPage":{"@id":"https:\/\/www.cecotinternacionalitzacio.org\/es\/12-de-juliol-programa-venda-en-linia-internacional-en-alibaba-com\/"},"wordCount":176,"publisher":{"@id":"https:\/\/www.cecotinternacionalitzacio.org\/#organization"},"articleSection":["Activitats","Jornades i seminaris"],"inLanguage":"es"},{"@type":"WebPage","@id":"https:\/\/www.cecotinternacionalitzacio.org\/es\/12-de-juliol-programa-venda-en-linia-internacional-en-alibaba-com\/","url":"https:\/\/www.cecotinternacionalitzacio.org\/es\/12-de-juliol-programa-venda-en-linia-internacional-en-alibaba-com\/","name":"12 de juliol - Programa venda en l\u00ednia Internacional en Alibaba.com - Club Cecot Internacionalitzaci\u00f3","isPartOf":{"@id":"https:\/\/www.cecotinternacionalitzacio.org\/#website"},"datePublished":"2022-07-05T09:39:54+00:00","dateModified":"2022-07-05T09:39:56+00:00","breadcrumb":{"@id":"https:\/\/www.cecotinternacionalitzacio.org\/es\/12-de-juliol-programa-venda-en-linia-internacional-en-alibaba-com\/#breadcrumb"},"inLanguage":"es","potentialAction":[{"@type":"ReadAction","target":["https:\/\/www.cecotinternacionalitzacio.org\/es\/12-de-juliol-programa-venda-en-linia-internacional-en-alibaba-com\/"]}]},{"@type":"BreadcrumbList","@id":"https:\/\/www.cecotinternacionalitzacio.org\/es\/12-de-juliol-programa-venda-en-linia-internacional-en-alibaba-com\/#breadcrumb","itemListElement":[{"@type":"ListItem","position":1,"name":"Inici","item":"https:\/\/www.cecotinternacionalitzacio.org\/es\/"},{"@type":"ListItem","position":2,"name":"12 de juliol &#8211; Programa venda en l\u00ednia Internacional en Alibaba.com"}]},{"@type":"WebSite","@id":"https:\/\/www.cecotinternacionalitzacio.org\/#website","url":"https:\/\/www.cecotinternacionalitzacio.org\/","name":"Club Cecot Internacionalitzaci\u00f3","description":"Un f\u00f2rum d\u2019intercanvi d\u2019experi\u00e8ncies sobre l\u2019activitat exportadora de les empreses","publisher":{"@id":"https:\/\/www.cecotinternacionalitzacio.org\/#organization"},"potentialAction":[{"@type":"SearchAction","target":{"@type":"EntryPoint","urlTemplate":"https:\/\/www.cecotinternacionalitzacio.org\/?s={search_term_string}"},"query-input":"required name=search_term_string"}],"inLanguage":"es"},{"@type":"Organization","@id":"https:\/\/www.cecotinternacionalitzacio.org\/#organization","name":"Club Cecot Internacionalitzaci\u00f3","url":"https:\/\/www.cecotinternacionalitzacio.org\/","sameAs":[],"logo":{"@type":"ImageObject","inLanguage":"es","@id":"https:\/\/www.cecotinternacionalitzacio.org\/#\/schema\/logo\/image\/","url":"https:\/\/www.cecotinternacionalitzacio.org\/wp-content\/uploads\/2015\/07\/Logo_Club_Int_165x60.png","contentUrl":"https:\/\/www.cecotinternacionalitzacio.org\/wp-content\/uploads\/2015\/07\/Logo_Club_Int_165x60.png","width":165,"height":60,"caption":"Club Cecot Internacionalitzaci\u00f3"},"image":{"@id":"https:\/\/www.cecotinternacionalitzacio.org\/#\/schema\/logo\/image\/"}},{"@type":"Person","@id":"https:\/\/www.cecotinternacionalitzacio.org\/#\/schema\/person\/d91738a2c122bbfcdd029c0e82833c58","name":"Pilar","image":{"@type":"ImageObject","inLanguage":"es","@id":"https:\/\/www.cecotinternacionalitzacio.org\/#\/schema\/person\/image\/","url":"https:\/\/secure.gravatar.com\/avatar\/32cc2674644dd8ee7951cf6daf8d21e1a23999353a7dc19b8aa7c4747598ba57?s=96&r=g","contentUrl":"https:\/\/secure.gravatar.com\/avatar\/32cc2674644dd8ee7951cf6daf8d21e1a23999353a7dc19b8aa7c4747598ba57?s=96&r=g","caption":"Pilar"},"url":"https:\/\/www.cecotinternacionalitzacio.org\/es\/author\/p-lores\/"}]}},"_links":{"self":[{"href":"https:\/\/www.cecotinternacionalitzacio.org\/es\/wp-json\/wp\/v2\/posts\/12206","targetHints":{"allow":["GET"]}}],"collection":[{"href":"https:\/\/www.cecotinternacionalitzacio.org\/es\/wp-json\/wp\/v2\/posts"}],"about":[{"href":"https:\/\/www.cecotinternacionalitzacio.org\/es\/wp-json\/wp\/v2\/types\/post"}],"author":[{"embeddable":true,"href":"https:\/\/www.cecotinternacionalitzacio.org\/es\/wp-json\/wp\/v2\/users\/76105"}],"replies":[{"embeddable":true,"href":"https:\/\/www.cecotinternacionalitzacio.org\/es\/wp-json\/wp\/v2\/comments?post=12206"}],"version-history":[{"count":0,"href":"https:\/\/www.cecotinternacionalitzacio.org\/es\/wp-json\/wp\/v2\/posts\/12206\/revisions"}],"wp:featuredmedia":[{"embeddable":true,"href":"https:\/\/www.cecotinternacionalitzacio.org\/es\/wp-json\/wp\/v2\/media\/10635"}],"wp:attachment":[{"href":"https:\/\/www.cecotinternacionalitzacio.org\/es\/wp-json\/wp\/v2\/media?parent=12206"}],"wp:term":[{"taxonomy":"category","embeddable":true,"href":"https:\/\/www.cecotinternacionalitzacio.org\/es\/wp-json\/wp\/v2\/categories?post=12206"},{"taxonomy":"post_tag","embeddable":true,"href":"https:\/\/www.cecotinternacionalitzacio.org\/es\/wp-json\/wp\/v2\/tags?post=12206"}],"curies":[{"name":"wp","href":"https:\/\/api.w.org\/{rel}","templated":true}]}}