{"id":12749,"date":"2022-11-21T11:37:35","date_gmt":"2022-11-21T10:37:35","guid":{"rendered":"https:\/\/www.cecotinternacionalitzacio.org\/?p=12749"},"modified":"2022-11-21T11:37:37","modified_gmt":"2022-11-21T10:37:37","slug":"29-de-novembre-jornada-lula-is-back-reptes-per-al-brasil-i-el-brl","status":"publish","type":"post","link":"https:\/\/www.cecotinternacionalitzacio.org\/es\/29-de-novembre-jornada-lula-is-back-reptes-per-al-brasil-i-el-brl\/","title":{"rendered":"29 de novembre &#8211; Jornada: Lula is back: reptes per al Brasil i el BRL"},"content":{"rendered":"\n<ul class=\"wp-block-list\"><li><strong>Data: <\/strong>Dimarts 29 de novembre<\/li><li><strong>Hora:<\/strong> D&#8217;11:50h a 13:00h<\/li><li><strong>Ubicaci\u00f3:<\/strong> seu Foment de Treball<\/li><li><a href=\"https:\/\/www.foment.com\/es\/events\/lula-is-back-retos-para-brasil-y-el-brl\/\" target=\"_blank\" rel=\"noreferrer noopener\">M\u00e9s informaci\u00f3 i inscripcions<\/a><\/li><\/ul>\n\n\n\n<p>L&#8217;1 de gener de 2023 Lula Da Silva assumir\u00e0 formalment la presid\u00e8ncia del Brasil despr\u00e9s del seu triomf el mes d&#8217;octubre passat en les eleccions m\u00e9s renyides i polaritzades de la hist\u00f2ria d&#8217;aquest pa\u00eds.<\/p>\n\n\n\n<p>El mandatari brasiler, que ja va governar entre 2003 i 2010, s&#8217;enfronta ara a grans desafiaments, amb els mercats financers molt pendents de la formaci\u00f3 del Govern i de l&#8217;agenda pol\u00edtica.<\/p>\n\n\n\n<p>En 2002 el EURBRL cotitzava per sota del 3.00 i avui estem per sobre del 5.50. Qu\u00e8 pot succeir pr\u00f2ximament?<\/p>\n\n\n\n<p><\/p>\n\n\n\n<p><br><\/p>\n","protected":false},"excerpt":{"rendered":"<p>D&#8217;11:50h a 13:00h &#8211; L&#8217;1 de gener de 2023 Lula Da Silva assumir\u00e0 formalment la presid\u00e8ncia del Brasil despr\u00e9s del seu triomf el mes d&#8217;octubre passat en les eleccions m\u00e9s renyides i polaritzades de la hist\u00f2ria d&#8217;aquest pa\u00eds. Qu\u00e8 pot succeir pr\u00f2ximament? <a class=\"moretag\" href=\"https:\/\/www.cecotinternacionalitzacio.org\/es\/29-de-novembre-jornada-lula-is-back-reptes-per-al-brasil-i-el-brl\/\"><br \/>Llegir m\u00e9s &raquo;<\/a><\/p>\n","protected":false},"author":76105,"featured_media":12561,"comment_status":"closed","ping_status":"closed","sticky":false,"template":"","format":"standard","meta":{"_acf_changed":false,"_exactmetrics_skip_tracking":false,"_exactmetrics_sitenote_active":false,"_exactmetrics_sitenote_note":"","_exactmetrics_sitenote_category":0,"footnotes":""},"categories":[44,470,48,84],"tags":[],"class_list":["post-12749","post","type-post","status-publish","format-standard","has-post-thumbnail","hentry","category-activitats","category-boletin","category-jornades-seminaris","category-novetats"],"acf":[],"yoast_head":"<!-- This site is optimized with the Yoast SEO plugin v19.6.1 - https:\/\/yoast.com\/wordpress\/plugins\/seo\/ -->\n<title>29 de novembre - Jornada: Lula is back: reptes per al Brasil i el BRL - Club Cecot Internacionalitzaci\u00f3<\/title>\n<meta name=\"robots\" content=\"noindex, follow, max-snippet:-1, max-image-preview:large, max-video-preview:-1\" \/>\n<meta property=\"og:locale\" content=\"es_ES\" \/>\n<meta property=\"og:type\" content=\"article\" \/>\n<meta property=\"og:title\" content=\"29 de novembre - Jornada: Lula is back: reptes per al Brasil i el BRL - Club Cecot Internacionalitzaci\u00f3\" \/>\n<meta property=\"og:description\" content=\"D&#039;11:50h a 13:00h - L&#039;1 de gener de 2023 Lula Da Silva assumir\u00e0 formalment la presid\u00e8ncia del Brasil despr\u00e9s del seu triomf el mes d&#039;octubre passat en les eleccions m\u00e9s renyides i polaritzades de la hist\u00f2ria d&#039;aquest pa\u00eds. Qu\u00e8 pot succeir pr\u00f2ximament? Llegir m\u00e9s &raquo;\" \/>\n<meta property=\"og:url\" content=\"https:\/\/www.cecotinternacionalitzacio.org\/es\/29-de-novembre-jornada-lula-is-back-reptes-per-al-brasil-i-el-brl\/\" \/>\n<meta property=\"og:site_name\" content=\"Club Cecot Internacionalitzaci\u00f3\" \/>\n<meta property=\"article:published_time\" content=\"2022-11-21T10:37:35+00:00\" \/>\n<meta property=\"article:modified_time\" content=\"2022-11-21T10:37:37+00:00\" \/>\n<meta property=\"og:image\" content=\"https:\/\/www.cecotinternacionalitzacio.org\/wp-content\/uploads\/2022\/10\/brasil_2.jpg\" \/>\n\t<meta property=\"og:image:width\" content=\"630\" \/>\n\t<meta property=\"og:image:height\" content=\"330\" \/>\n\t<meta property=\"og:image:type\" content=\"image\/jpeg\" \/>\n<meta name=\"author\" content=\"Pilar\" \/>\n<meta name=\"twitter:card\" content=\"summary\" \/>\n<meta name=\"twitter:label1\" content=\"Escrito por\" \/>\n\t<meta name=\"twitter:data1\" content=\"Pilar\" \/>\n\t<meta name=\"twitter:label2\" content=\"Tiempo de lectura\" \/>\n\t<meta name=\"twitter:data2\" content=\"1 minuto\" \/>\n<script type=\"application\/ld+json\" class=\"yoast-schema-graph\">{\"@context\":\"https:\/\/schema.org\",\"@graph\":[{\"@type\":\"Article\",\"@id\":\"https:\/\/www.cecotinternacionalitzacio.org\/es\/29-de-novembre-jornada-lula-is-back-reptes-per-al-brasil-i-el-brl\/#article\",\"isPartOf\":{\"@id\":\"https:\/\/www.cecotinternacionalitzacio.org\/es\/29-de-novembre-jornada-lula-is-back-reptes-per-al-brasil-i-el-brl\/\"},\"author\":{\"name\":\"Pilar\",\"@id\":\"https:\/\/www.cecotinternacionalitzacio.org\/#\/schema\/person\/d91738a2c122bbfcdd029c0e82833c58\"},\"headline\":\"29 de novembre &#8211; Jornada: Lula is back: reptes per al Brasil i el BRL\",\"datePublished\":\"2022-11-21T10:37:35+00:00\",\"dateModified\":\"2022-11-21T10:37:37+00:00\",\"mainEntityOfPage\":{\"@id\":\"https:\/\/www.cecotinternacionalitzacio.org\/es\/29-de-novembre-jornada-lula-is-back-reptes-per-al-brasil-i-el-brl\/\"},\"wordCount\":116,\"publisher\":{\"@id\":\"https:\/\/www.cecotinternacionalitzacio.org\/#organization\"},\"articleSection\":[\"Activitats\",\"Boletin\",\"Jornades i seminaris\",\"Novetats\"],\"inLanguage\":\"es\"},{\"@type\":\"WebPage\",\"@id\":\"https:\/\/www.cecotinternacionalitzacio.org\/es\/29-de-novembre-jornada-lula-is-back-reptes-per-al-brasil-i-el-brl\/\",\"url\":\"https:\/\/www.cecotinternacionalitzacio.org\/es\/29-de-novembre-jornada-lula-is-back-reptes-per-al-brasil-i-el-brl\/\",\"name\":\"29 de novembre - Jornada: Lula is back: reptes per al Brasil i el BRL - Club Cecot Internacionalitzaci\u00f3\",\"isPartOf\":{\"@id\":\"https:\/\/www.cecotinternacionalitzacio.org\/#website\"},\"datePublished\":\"2022-11-21T10:37:35+00:00\",\"dateModified\":\"2022-11-21T10:37:37+00:00\",\"breadcrumb\":{\"@id\":\"https:\/\/www.cecotinternacionalitzacio.org\/es\/29-de-novembre-jornada-lula-is-back-reptes-per-al-brasil-i-el-brl\/#breadcrumb\"},\"inLanguage\":\"es\",\"potentialAction\":[{\"@type\":\"ReadAction\",\"target\":[\"https:\/\/www.cecotinternacionalitzacio.org\/es\/29-de-novembre-jornada-lula-is-back-reptes-per-al-brasil-i-el-brl\/\"]}]},{\"@type\":\"BreadcrumbList\",\"@id\":\"https:\/\/www.cecotinternacionalitzacio.org\/es\/29-de-novembre-jornada-lula-is-back-reptes-per-al-brasil-i-el-brl\/#breadcrumb\",\"itemListElement\":[{\"@type\":\"ListItem\",\"position\":1,\"name\":\"Inici\",\"item\":\"https:\/\/www.cecotinternacionalitzacio.org\/es\/\"},{\"@type\":\"ListItem\",\"position\":2,\"name\":\"29 de novembre &#8211; Jornada: Lula is back: reptes per al Brasil i el BRL\"}]},{\"@type\":\"WebSite\",\"@id\":\"https:\/\/www.cecotinternacionalitzacio.org\/#website\",\"url\":\"https:\/\/www.cecotinternacionalitzacio.org\/\",\"name\":\"Club Cecot Internacionalitzaci\u00f3\",\"description\":\"Un f\u00f2rum d\u2019intercanvi d\u2019experi\u00e8ncies sobre l\u2019activitat exportadora de les empreses\",\"publisher\":{\"@id\":\"https:\/\/www.cecotinternacionalitzacio.org\/#organization\"},\"potentialAction\":[{\"@type\":\"SearchAction\",\"target\":{\"@type\":\"EntryPoint\",\"urlTemplate\":\"https:\/\/www.cecotinternacionalitzacio.org\/?s={search_term_string}\"},\"query-input\":\"required name=search_term_string\"}],\"inLanguage\":\"es\"},{\"@type\":\"Organization\",\"@id\":\"https:\/\/www.cecotinternacionalitzacio.org\/#organization\",\"name\":\"Club Cecot Internacionalitzaci\u00f3\",\"url\":\"https:\/\/www.cecotinternacionalitzacio.org\/\",\"sameAs\":[],\"logo\":{\"@type\":\"ImageObject\",\"inLanguage\":\"es\",\"@id\":\"https:\/\/www.cecotinternacionalitzacio.org\/#\/schema\/logo\/image\/\",\"url\":\"https:\/\/www.cecotinternacionalitzacio.org\/wp-content\/uploads\/2015\/07\/Logo_Club_Int_165x60.png\",\"contentUrl\":\"https:\/\/www.cecotinternacionalitzacio.org\/wp-content\/uploads\/2015\/07\/Logo_Club_Int_165x60.png\",\"width\":165,\"height\":60,\"caption\":\"Club Cecot Internacionalitzaci\u00f3\"},\"image\":{\"@id\":\"https:\/\/www.cecotinternacionalitzacio.org\/#\/schema\/logo\/image\/\"}},{\"@type\":\"Person\",\"@id\":\"https:\/\/www.cecotinternacionalitzacio.org\/#\/schema\/person\/d91738a2c122bbfcdd029c0e82833c58\",\"name\":\"Pilar\",\"image\":{\"@type\":\"ImageObject\",\"inLanguage\":\"es\",\"@id\":\"https:\/\/www.cecotinternacionalitzacio.org\/#\/schema\/person\/image\/\",\"url\":\"https:\/\/secure.gravatar.com\/avatar\/32cc2674644dd8ee7951cf6daf8d21e1a23999353a7dc19b8aa7c4747598ba57?s=96&r=g\",\"contentUrl\":\"https:\/\/secure.gravatar.com\/avatar\/32cc2674644dd8ee7951cf6daf8d21e1a23999353a7dc19b8aa7c4747598ba57?s=96&r=g\",\"caption\":\"Pilar\"},\"url\":\"https:\/\/www.cecotinternacionalitzacio.org\/es\/author\/p-lores\/\"}]}<\/script>\n<!-- \/ Yoast SEO plugin. -->","yoast_head_json":{"title":"29 de novembre - Jornada: Lula is back: reptes per al Brasil i el BRL - Club Cecot Internacionalitzaci\u00f3","robots":{"index":"noindex","follow":"follow","max-snippet":"max-snippet:-1","max-image-preview":"max-image-preview:large","max-video-preview":"max-video-preview:-1"},"og_locale":"es_ES","og_type":"article","og_title":"29 de novembre - Jornada: Lula is back: reptes per al Brasil i el BRL - Club Cecot Internacionalitzaci\u00f3","og_description":"D'11:50h a 13:00h - L'1 de gener de 2023 Lula Da Silva assumir\u00e0 formalment la presid\u00e8ncia del Brasil despr\u00e9s del seu triomf el mes d'octubre passat en les eleccions m\u00e9s renyides i polaritzades de la hist\u00f2ria d'aquest pa\u00eds. Qu\u00e8 pot succeir pr\u00f2ximament? Llegir m\u00e9s &raquo;","og_url":"https:\/\/www.cecotinternacionalitzacio.org\/es\/29-de-novembre-jornada-lula-is-back-reptes-per-al-brasil-i-el-brl\/","og_site_name":"Club Cecot Internacionalitzaci\u00f3","article_published_time":"2022-11-21T10:37:35+00:00","article_modified_time":"2022-11-21T10:37:37+00:00","og_image":[{"width":630,"height":330,"url":"https:\/\/www.cecotinternacionalitzacio.org\/wp-content\/uploads\/2022\/10\/brasil_2.jpg","type":"image\/jpeg"}],"author":"Pilar","twitter_card":"summary","twitter_misc":{"Escrito por":"Pilar","Tiempo de lectura":"1 minuto"},"schema":{"@context":"https:\/\/schema.org","@graph":[{"@type":"Article","@id":"https:\/\/www.cecotinternacionalitzacio.org\/es\/29-de-novembre-jornada-lula-is-back-reptes-per-al-brasil-i-el-brl\/#article","isPartOf":{"@id":"https:\/\/www.cecotinternacionalitzacio.org\/es\/29-de-novembre-jornada-lula-is-back-reptes-per-al-brasil-i-el-brl\/"},"author":{"name":"Pilar","@id":"https:\/\/www.cecotinternacionalitzacio.org\/#\/schema\/person\/d91738a2c122bbfcdd029c0e82833c58"},"headline":"29 de novembre &#8211; Jornada: Lula is back: reptes per al Brasil i el BRL","datePublished":"2022-11-21T10:37:35+00:00","dateModified":"2022-11-21T10:37:37+00:00","mainEntityOfPage":{"@id":"https:\/\/www.cecotinternacionalitzacio.org\/es\/29-de-novembre-jornada-lula-is-back-reptes-per-al-brasil-i-el-brl\/"},"wordCount":116,"publisher":{"@id":"https:\/\/www.cecotinternacionalitzacio.org\/#organization"},"articleSection":["Activitats","Boletin","Jornades i seminaris","Novetats"],"inLanguage":"es"},{"@type":"WebPage","@id":"https:\/\/www.cecotinternacionalitzacio.org\/es\/29-de-novembre-jornada-lula-is-back-reptes-per-al-brasil-i-el-brl\/","url":"https:\/\/www.cecotinternacionalitzacio.org\/es\/29-de-novembre-jornada-lula-is-back-reptes-per-al-brasil-i-el-brl\/","name":"29 de novembre - Jornada: Lula is back: reptes per al Brasil i el BRL - Club Cecot Internacionalitzaci\u00f3","isPartOf":{"@id":"https:\/\/www.cecotinternacionalitzacio.org\/#website"},"datePublished":"2022-11-21T10:37:35+00:00","dateModified":"2022-11-21T10:37:37+00:00","breadcrumb":{"@id":"https:\/\/www.cecotinternacionalitzacio.org\/es\/29-de-novembre-jornada-lula-is-back-reptes-per-al-brasil-i-el-brl\/#breadcrumb"},"inLanguage":"es","potentialAction":[{"@type":"ReadAction","target":["https:\/\/www.cecotinternacionalitzacio.org\/es\/29-de-novembre-jornada-lula-is-back-reptes-per-al-brasil-i-el-brl\/"]}]},{"@type":"BreadcrumbList","@id":"https:\/\/www.cecotinternacionalitzacio.org\/es\/29-de-novembre-jornada-lula-is-back-reptes-per-al-brasil-i-el-brl\/#breadcrumb","itemListElement":[{"@type":"ListItem","position":1,"name":"Inici","item":"https:\/\/www.cecotinternacionalitzacio.org\/es\/"},{"@type":"ListItem","position":2,"name":"29 de novembre &#8211; Jornada: Lula is back: reptes per al Brasil i el BRL"}]},{"@type":"WebSite","@id":"https:\/\/www.cecotinternacionalitzacio.org\/#website","url":"https:\/\/www.cecotinternacionalitzacio.org\/","name":"Club Cecot Internacionalitzaci\u00f3","description":"Un f\u00f2rum d\u2019intercanvi d\u2019experi\u00e8ncies sobre l\u2019activitat exportadora de les empreses","publisher":{"@id":"https:\/\/www.cecotinternacionalitzacio.org\/#organization"},"potentialAction":[{"@type":"SearchAction","target":{"@type":"EntryPoint","urlTemplate":"https:\/\/www.cecotinternacionalitzacio.org\/?s={search_term_string}"},"query-input":"required name=search_term_string"}],"inLanguage":"es"},{"@type":"Organization","@id":"https:\/\/www.cecotinternacionalitzacio.org\/#organization","name":"Club Cecot Internacionalitzaci\u00f3","url":"https:\/\/www.cecotinternacionalitzacio.org\/","sameAs":[],"logo":{"@type":"ImageObject","inLanguage":"es","@id":"https:\/\/www.cecotinternacionalitzacio.org\/#\/schema\/logo\/image\/","url":"https:\/\/www.cecotinternacionalitzacio.org\/wp-content\/uploads\/2015\/07\/Logo_Club_Int_165x60.png","contentUrl":"https:\/\/www.cecotinternacionalitzacio.org\/wp-content\/uploads\/2015\/07\/Logo_Club_Int_165x60.png","width":165,"height":60,"caption":"Club Cecot Internacionalitzaci\u00f3"},"image":{"@id":"https:\/\/www.cecotinternacionalitzacio.org\/#\/schema\/logo\/image\/"}},{"@type":"Person","@id":"https:\/\/www.cecotinternacionalitzacio.org\/#\/schema\/person\/d91738a2c122bbfcdd029c0e82833c58","name":"Pilar","image":{"@type":"ImageObject","inLanguage":"es","@id":"https:\/\/www.cecotinternacionalitzacio.org\/#\/schema\/person\/image\/","url":"https:\/\/secure.gravatar.com\/avatar\/32cc2674644dd8ee7951cf6daf8d21e1a23999353a7dc19b8aa7c4747598ba57?s=96&r=g","contentUrl":"https:\/\/secure.gravatar.com\/avatar\/32cc2674644dd8ee7951cf6daf8d21e1a23999353a7dc19b8aa7c4747598ba57?s=96&r=g","caption":"Pilar"},"url":"https:\/\/www.cecotinternacionalitzacio.org\/es\/author\/p-lores\/"}]}},"_links":{"self":[{"href":"https:\/\/www.cecotinternacionalitzacio.org\/es\/wp-json\/wp\/v2\/posts\/12749","targetHints":{"allow":["GET"]}}],"collection":[{"href":"https:\/\/www.cecotinternacionalitzacio.org\/es\/wp-json\/wp\/v2\/posts"}],"about":[{"href":"https:\/\/www.cecotinternacionalitzacio.org\/es\/wp-json\/wp\/v2\/types\/post"}],"author":[{"embeddable":true,"href":"https:\/\/www.cecotinternacionalitzacio.org\/es\/wp-json\/wp\/v2\/users\/76105"}],"replies":[{"embeddable":true,"href":"https:\/\/www.cecotinternacionalitzacio.org\/es\/wp-json\/wp\/v2\/comments?post=12749"}],"version-history":[{"count":0,"href":"https:\/\/www.cecotinternacionalitzacio.org\/es\/wp-json\/wp\/v2\/posts\/12749\/revisions"}],"wp:featuredmedia":[{"embeddable":true,"href":"https:\/\/www.cecotinternacionalitzacio.org\/es\/wp-json\/wp\/v2\/media\/12561"}],"wp:attachment":[{"href":"https:\/\/www.cecotinternacionalitzacio.org\/es\/wp-json\/wp\/v2\/media?parent=12749"}],"wp:term":[{"taxonomy":"category","embeddable":true,"href":"https:\/\/www.cecotinternacionalitzacio.org\/es\/wp-json\/wp\/v2\/categories?post=12749"},{"taxonomy":"post_tag","embeddable":true,"href":"https:\/\/www.cecotinternacionalitzacio.org\/es\/wp-json\/wp\/v2\/tags?post=12749"}],"curies":[{"name":"wp","href":"https:\/\/api.w.org\/{rel}","templated":true}]}}