{"id":14580,"date":"2024-11-21T10:55:24","date_gmt":"2024-11-21T09:55:24","guid":{"rendered":"https:\/\/www.cecotinternacionalitzacio.org\/?p=14580"},"modified":"2024-11-21T10:59:00","modified_gmt":"2024-11-21T09:59:00","slug":"28-de-novembre-sessio-algeria-aixeca-les-restriccions-per-a-les-exportacions-despanya","status":"publish","type":"post","link":"https:\/\/www.cecotinternacionalitzacio.org\/es\/28-de-novembre-sessio-algeria-aixeca-les-restriccions-per-a-les-exportacions-despanya\/","title":{"rendered":"28 de novembre | Sessi\u00f3: Alg\u00e8ria aixeca les restriccions per a les exportacions d&#8217;Espanya"},"content":{"rendered":"\n<ul class=\"wp-block-list\"><li><strong>Data:<\/strong> Dijous 28 de novembre<\/li><li><strong>Hora: <\/strong>D&#8217;11:00 h a 13:00 h<\/li><li><a href=\"https:\/\/www.portdebarcelona.cat\/ca\/negoci-i-serveis\/serveis\/serveis-al-client\/serveis-de-formacio\/calendari-cursos\/webinar-del-port-de-barcelona-algeria-aixeca-les-restriccions-les-exportacions-despanya\" target=\"_blank\" rel=\"noreferrer noopener\">Inscripcions<\/a> (fins al 26 de novembre)<\/li><\/ul>\n\n\n\n<p>Aquesta sessi\u00f3 est\u00e0 dissenyada per abordar la recent sortida de la restricci\u00f3 a Alg\u00e8ria i les implicacions que aix\u00f2 t\u00e9 per a les empreses que mantenen relacions comercials amb l\u2019esmentat pa\u00eds.<\/p>\n\n\n\n<ul class=\"wp-block-list\"><li>Explorarem l\u2019impacte pr\u00e0ctic a les operacions comercials, l\u2019adaptaci\u00f3 normativa i les passes a seguir per tal d\u2019assegurar el compliment i aprofitar les oportunitats de negoci de manera eficient.<\/li><li>Tanmateix, es comentaran les noves restriccions que Alg\u00e8ria ha imposat a Fran\u00e7a.<\/li><li>Es presentaran els serveis que ofereix el Port de Barcelona amb relaci\u00f3 a aquestes operacions.<\/li><\/ul>\n\n\n\n<p><strong>Ponents:<\/strong><\/p>\n\n\n\n<ul class=\"wp-block-list\"><li><strong>Marta Torrents:<\/strong> Advocada, representant duanera i Directora de TLC, especialista en comer\u00e7 internacional i compliance.<\/li><li><strong>Port de Barcelona:<\/strong> Javier M\u00e9ndez de SSS &amp; Bulk Manager<\/li><\/ul>\n\n\n\n<p><strong>Perfil dels assistents<\/strong>: Importadors, exportadors i Comunitat Log\u00edstica Portu\u00e0ria que desenvolupin funcions relacionades amb l\u2019objetiu del webinar.<\/p>\n","protected":false},"excerpt":{"rendered":"<p>Aquesta sessi\u00f3 est\u00e0 dissenyada per abordar la recent sortida de la restricci\u00f3 a Alg\u00e8ria i les implicacions que aix\u00f2 t\u00e9 per a les empreses que mantenen relacions comercials amb l\u2019esmentat pa\u00eds. <a class=\"moretag\" href=\"https:\/\/www.cecotinternacionalitzacio.org\/es\/28-de-novembre-sessio-algeria-aixeca-les-restriccions-per-a-les-exportacions-despanya\/\"><br \/>Llegir m\u00e9s &raquo;<\/a><\/p>\n","protected":false},"author":76105,"featured_media":12796,"comment_status":"closed","ping_status":"closed","sticky":false,"template":"","format":"standard","meta":{"_acf_changed":false,"_exactmetrics_skip_tracking":false,"_exactmetrics_sitenote_active":false,"_exactmetrics_sitenote_note":"","_exactmetrics_sitenote_category":0,"footnotes":""},"categories":[44,470,48,84],"tags":[],"class_list":["post-14580","post","type-post","status-publish","format-standard","has-post-thumbnail","hentry","category-activitats","category-boletin","category-jornades-seminaris","category-novetats"],"acf":[],"yoast_head":"<!-- This site is optimized with the Yoast SEO plugin v19.6.1 - https:\/\/yoast.com\/wordpress\/plugins\/seo\/ -->\n<title>28 de novembre | Sessi\u00f3: Alg\u00e8ria aixeca les restriccions per a les exportacions d&#039;Espanya - Club Cecot Internacionalitzaci\u00f3<\/title>\n<meta name=\"robots\" content=\"noindex, follow, max-snippet:-1, max-image-preview:large, max-video-preview:-1\" \/>\n<meta property=\"og:locale\" content=\"es_ES\" \/>\n<meta property=\"og:type\" content=\"article\" \/>\n<meta property=\"og:title\" content=\"28 de novembre | Sessi\u00f3: Alg\u00e8ria aixeca les restriccions per a les exportacions d&#039;Espanya - Club Cecot Internacionalitzaci\u00f3\" \/>\n<meta property=\"og:description\" content=\"Aquesta sessi\u00f3 est\u00e0 dissenyada per abordar la recent sortida de la restricci\u00f3 a Alg\u00e8ria i les implicacions que aix\u00f2 t\u00e9 per a les empreses que mantenen relacions comercials amb l\u2019esmentat pa\u00eds. Llegir m\u00e9s &raquo;\" \/>\n<meta property=\"og:url\" content=\"https:\/\/www.cecotinternacionalitzacio.org\/es\/28-de-novembre-sessio-algeria-aixeca-les-restriccions-per-a-les-exportacions-despanya\/\" \/>\n<meta property=\"og:site_name\" content=\"Club Cecot Internacionalitzaci\u00f3\" \/>\n<meta property=\"article:published_time\" content=\"2024-11-21T09:55:24+00:00\" \/>\n<meta property=\"article:modified_time\" content=\"2024-11-21T09:59:00+00:00\" \/>\n<meta property=\"og:image\" content=\"https:\/\/www.cecotinternacionalitzacio.org\/wp-content\/uploads\/2022\/12\/comercio-mundial.jpg\" \/>\n\t<meta property=\"og:image:width\" content=\"600\" \/>\n\t<meta property=\"og:image:height\" content=\"400\" \/>\n\t<meta property=\"og:image:type\" content=\"image\/jpeg\" \/>\n<meta name=\"author\" content=\"Pilar\" \/>\n<meta name=\"twitter:card\" content=\"summary\" \/>\n<meta name=\"twitter:label1\" content=\"Escrito por\" \/>\n\t<meta name=\"twitter:data1\" content=\"Pilar\" \/>\n\t<meta name=\"twitter:label2\" content=\"Tiempo de lectura\" \/>\n\t<meta name=\"twitter:data2\" content=\"1 minuto\" \/>\n<script type=\"application\/ld+json\" class=\"yoast-schema-graph\">{\"@context\":\"https:\/\/schema.org\",\"@graph\":[{\"@type\":\"Article\",\"@id\":\"https:\/\/www.cecotinternacionalitzacio.org\/es\/28-de-novembre-sessio-algeria-aixeca-les-restriccions-per-a-les-exportacions-despanya\/#article\",\"isPartOf\":{\"@id\":\"https:\/\/www.cecotinternacionalitzacio.org\/es\/28-de-novembre-sessio-algeria-aixeca-les-restriccions-per-a-les-exportacions-despanya\/\"},\"author\":{\"name\":\"Pilar\",\"@id\":\"https:\/\/www.cecotinternacionalitzacio.org\/#\/schema\/person\/d91738a2c122bbfcdd029c0e82833c58\"},\"headline\":\"28 de novembre | Sessi\u00f3: Alg\u00e8ria aixeca les restriccions per a les exportacions d&#8217;Espanya\",\"datePublished\":\"2024-11-21T09:55:24+00:00\",\"dateModified\":\"2024-11-21T09:59:00+00:00\",\"mainEntityOfPage\":{\"@id\":\"https:\/\/www.cecotinternacionalitzacio.org\/es\/28-de-novembre-sessio-algeria-aixeca-les-restriccions-per-a-les-exportacions-despanya\/\"},\"wordCount\":167,\"publisher\":{\"@id\":\"https:\/\/www.cecotinternacionalitzacio.org\/#organization\"},\"articleSection\":[\"Activitats\",\"Boletin\",\"Jornades i seminaris\",\"Novetats\"],\"inLanguage\":\"es\"},{\"@type\":\"WebPage\",\"@id\":\"https:\/\/www.cecotinternacionalitzacio.org\/es\/28-de-novembre-sessio-algeria-aixeca-les-restriccions-per-a-les-exportacions-despanya\/\",\"url\":\"https:\/\/www.cecotinternacionalitzacio.org\/es\/28-de-novembre-sessio-algeria-aixeca-les-restriccions-per-a-les-exportacions-despanya\/\",\"name\":\"28 de novembre | Sessi\u00f3: Alg\u00e8ria aixeca les restriccions per a les exportacions d'Espanya - Club Cecot Internacionalitzaci\u00f3\",\"isPartOf\":{\"@id\":\"https:\/\/www.cecotinternacionalitzacio.org\/#website\"},\"datePublished\":\"2024-11-21T09:55:24+00:00\",\"dateModified\":\"2024-11-21T09:59:00+00:00\",\"breadcrumb\":{\"@id\":\"https:\/\/www.cecotinternacionalitzacio.org\/es\/28-de-novembre-sessio-algeria-aixeca-les-restriccions-per-a-les-exportacions-despanya\/#breadcrumb\"},\"inLanguage\":\"es\",\"potentialAction\":[{\"@type\":\"ReadAction\",\"target\":[\"https:\/\/www.cecotinternacionalitzacio.org\/es\/28-de-novembre-sessio-algeria-aixeca-les-restriccions-per-a-les-exportacions-despanya\/\"]}]},{\"@type\":\"BreadcrumbList\",\"@id\":\"https:\/\/www.cecotinternacionalitzacio.org\/es\/28-de-novembre-sessio-algeria-aixeca-les-restriccions-per-a-les-exportacions-despanya\/#breadcrumb\",\"itemListElement\":[{\"@type\":\"ListItem\",\"position\":1,\"name\":\"Inici\",\"item\":\"https:\/\/www.cecotinternacionalitzacio.org\/es\/\"},{\"@type\":\"ListItem\",\"position\":2,\"name\":\"28 de novembre | Sessi\u00f3: Alg\u00e8ria aixeca les restriccions per a les exportacions d&#8217;Espanya\"}]},{\"@type\":\"WebSite\",\"@id\":\"https:\/\/www.cecotinternacionalitzacio.org\/#website\",\"url\":\"https:\/\/www.cecotinternacionalitzacio.org\/\",\"name\":\"Club Cecot Internacionalitzaci\u00f3\",\"description\":\"Un f\u00f2rum d\u2019intercanvi d\u2019experi\u00e8ncies sobre l\u2019activitat exportadora de les empreses\",\"publisher\":{\"@id\":\"https:\/\/www.cecotinternacionalitzacio.org\/#organization\"},\"potentialAction\":[{\"@type\":\"SearchAction\",\"target\":{\"@type\":\"EntryPoint\",\"urlTemplate\":\"https:\/\/www.cecotinternacionalitzacio.org\/?s={search_term_string}\"},\"query-input\":\"required name=search_term_string\"}],\"inLanguage\":\"es\"},{\"@type\":\"Organization\",\"@id\":\"https:\/\/www.cecotinternacionalitzacio.org\/#organization\",\"name\":\"Club Cecot Internacionalitzaci\u00f3\",\"url\":\"https:\/\/www.cecotinternacionalitzacio.org\/\",\"sameAs\":[],\"logo\":{\"@type\":\"ImageObject\",\"inLanguage\":\"es\",\"@id\":\"https:\/\/www.cecotinternacionalitzacio.org\/#\/schema\/logo\/image\/\",\"url\":\"https:\/\/www.cecotinternacionalitzacio.org\/wp-content\/uploads\/2015\/07\/Logo_Club_Int_165x60.png\",\"contentUrl\":\"https:\/\/www.cecotinternacionalitzacio.org\/wp-content\/uploads\/2015\/07\/Logo_Club_Int_165x60.png\",\"width\":165,\"height\":60,\"caption\":\"Club Cecot Internacionalitzaci\u00f3\"},\"image\":{\"@id\":\"https:\/\/www.cecotinternacionalitzacio.org\/#\/schema\/logo\/image\/\"}},{\"@type\":\"Person\",\"@id\":\"https:\/\/www.cecotinternacionalitzacio.org\/#\/schema\/person\/d91738a2c122bbfcdd029c0e82833c58\",\"name\":\"Pilar\",\"image\":{\"@type\":\"ImageObject\",\"inLanguage\":\"es\",\"@id\":\"https:\/\/www.cecotinternacionalitzacio.org\/#\/schema\/person\/image\/\",\"url\":\"https:\/\/secure.gravatar.com\/avatar\/32cc2674644dd8ee7951cf6daf8d21e1a23999353a7dc19b8aa7c4747598ba57?s=96&r=g\",\"contentUrl\":\"https:\/\/secure.gravatar.com\/avatar\/32cc2674644dd8ee7951cf6daf8d21e1a23999353a7dc19b8aa7c4747598ba57?s=96&r=g\",\"caption\":\"Pilar\"},\"url\":\"https:\/\/www.cecotinternacionalitzacio.org\/es\/author\/p-lores\/\"}]}<\/script>\n<!-- \/ Yoast SEO plugin. -->","yoast_head_json":{"title":"28 de novembre | Sessi\u00f3: Alg\u00e8ria aixeca les restriccions per a les exportacions d'Espanya - Club Cecot Internacionalitzaci\u00f3","robots":{"index":"noindex","follow":"follow","max-snippet":"max-snippet:-1","max-image-preview":"max-image-preview:large","max-video-preview":"max-video-preview:-1"},"og_locale":"es_ES","og_type":"article","og_title":"28 de novembre | Sessi\u00f3: Alg\u00e8ria aixeca les restriccions per a les exportacions d'Espanya - Club Cecot Internacionalitzaci\u00f3","og_description":"Aquesta sessi\u00f3 est\u00e0 dissenyada per abordar la recent sortida de la restricci\u00f3 a Alg\u00e8ria i les implicacions que aix\u00f2 t\u00e9 per a les empreses que mantenen relacions comercials amb l\u2019esmentat pa\u00eds. Llegir m\u00e9s &raquo;","og_url":"https:\/\/www.cecotinternacionalitzacio.org\/es\/28-de-novembre-sessio-algeria-aixeca-les-restriccions-per-a-les-exportacions-despanya\/","og_site_name":"Club Cecot Internacionalitzaci\u00f3","article_published_time":"2024-11-21T09:55:24+00:00","article_modified_time":"2024-11-21T09:59:00+00:00","og_image":[{"width":600,"height":400,"url":"https:\/\/www.cecotinternacionalitzacio.org\/wp-content\/uploads\/2022\/12\/comercio-mundial.jpg","type":"image\/jpeg"}],"author":"Pilar","twitter_card":"summary","twitter_misc":{"Escrito por":"Pilar","Tiempo de lectura":"1 minuto"},"schema":{"@context":"https:\/\/schema.org","@graph":[{"@type":"Article","@id":"https:\/\/www.cecotinternacionalitzacio.org\/es\/28-de-novembre-sessio-algeria-aixeca-les-restriccions-per-a-les-exportacions-despanya\/#article","isPartOf":{"@id":"https:\/\/www.cecotinternacionalitzacio.org\/es\/28-de-novembre-sessio-algeria-aixeca-les-restriccions-per-a-les-exportacions-despanya\/"},"author":{"name":"Pilar","@id":"https:\/\/www.cecotinternacionalitzacio.org\/#\/schema\/person\/d91738a2c122bbfcdd029c0e82833c58"},"headline":"28 de novembre | Sessi\u00f3: Alg\u00e8ria aixeca les restriccions per a les exportacions d&#8217;Espanya","datePublished":"2024-11-21T09:55:24+00:00","dateModified":"2024-11-21T09:59:00+00:00","mainEntityOfPage":{"@id":"https:\/\/www.cecotinternacionalitzacio.org\/es\/28-de-novembre-sessio-algeria-aixeca-les-restriccions-per-a-les-exportacions-despanya\/"},"wordCount":167,"publisher":{"@id":"https:\/\/www.cecotinternacionalitzacio.org\/#organization"},"articleSection":["Activitats","Boletin","Jornades i seminaris","Novetats"],"inLanguage":"es"},{"@type":"WebPage","@id":"https:\/\/www.cecotinternacionalitzacio.org\/es\/28-de-novembre-sessio-algeria-aixeca-les-restriccions-per-a-les-exportacions-despanya\/","url":"https:\/\/www.cecotinternacionalitzacio.org\/es\/28-de-novembre-sessio-algeria-aixeca-les-restriccions-per-a-les-exportacions-despanya\/","name":"28 de novembre | Sessi\u00f3: Alg\u00e8ria aixeca les restriccions per a les exportacions d'Espanya - Club Cecot Internacionalitzaci\u00f3","isPartOf":{"@id":"https:\/\/www.cecotinternacionalitzacio.org\/#website"},"datePublished":"2024-11-21T09:55:24+00:00","dateModified":"2024-11-21T09:59:00+00:00","breadcrumb":{"@id":"https:\/\/www.cecotinternacionalitzacio.org\/es\/28-de-novembre-sessio-algeria-aixeca-les-restriccions-per-a-les-exportacions-despanya\/#breadcrumb"},"inLanguage":"es","potentialAction":[{"@type":"ReadAction","target":["https:\/\/www.cecotinternacionalitzacio.org\/es\/28-de-novembre-sessio-algeria-aixeca-les-restriccions-per-a-les-exportacions-despanya\/"]}]},{"@type":"BreadcrumbList","@id":"https:\/\/www.cecotinternacionalitzacio.org\/es\/28-de-novembre-sessio-algeria-aixeca-les-restriccions-per-a-les-exportacions-despanya\/#breadcrumb","itemListElement":[{"@type":"ListItem","position":1,"name":"Inici","item":"https:\/\/www.cecotinternacionalitzacio.org\/es\/"},{"@type":"ListItem","position":2,"name":"28 de novembre | Sessi\u00f3: Alg\u00e8ria aixeca les restriccions per a les exportacions d&#8217;Espanya"}]},{"@type":"WebSite","@id":"https:\/\/www.cecotinternacionalitzacio.org\/#website","url":"https:\/\/www.cecotinternacionalitzacio.org\/","name":"Club Cecot Internacionalitzaci\u00f3","description":"Un f\u00f2rum d\u2019intercanvi d\u2019experi\u00e8ncies sobre l\u2019activitat exportadora de les empreses","publisher":{"@id":"https:\/\/www.cecotinternacionalitzacio.org\/#organization"},"potentialAction":[{"@type":"SearchAction","target":{"@type":"EntryPoint","urlTemplate":"https:\/\/www.cecotinternacionalitzacio.org\/?s={search_term_string}"},"query-input":"required name=search_term_string"}],"inLanguage":"es"},{"@type":"Organization","@id":"https:\/\/www.cecotinternacionalitzacio.org\/#organization","name":"Club Cecot Internacionalitzaci\u00f3","url":"https:\/\/www.cecotinternacionalitzacio.org\/","sameAs":[],"logo":{"@type":"ImageObject","inLanguage":"es","@id":"https:\/\/www.cecotinternacionalitzacio.org\/#\/schema\/logo\/image\/","url":"https:\/\/www.cecotinternacionalitzacio.org\/wp-content\/uploads\/2015\/07\/Logo_Club_Int_165x60.png","contentUrl":"https:\/\/www.cecotinternacionalitzacio.org\/wp-content\/uploads\/2015\/07\/Logo_Club_Int_165x60.png","width":165,"height":60,"caption":"Club Cecot Internacionalitzaci\u00f3"},"image":{"@id":"https:\/\/www.cecotinternacionalitzacio.org\/#\/schema\/logo\/image\/"}},{"@type":"Person","@id":"https:\/\/www.cecotinternacionalitzacio.org\/#\/schema\/person\/d91738a2c122bbfcdd029c0e82833c58","name":"Pilar","image":{"@type":"ImageObject","inLanguage":"es","@id":"https:\/\/www.cecotinternacionalitzacio.org\/#\/schema\/person\/image\/","url":"https:\/\/secure.gravatar.com\/avatar\/32cc2674644dd8ee7951cf6daf8d21e1a23999353a7dc19b8aa7c4747598ba57?s=96&r=g","contentUrl":"https:\/\/secure.gravatar.com\/avatar\/32cc2674644dd8ee7951cf6daf8d21e1a23999353a7dc19b8aa7c4747598ba57?s=96&r=g","caption":"Pilar"},"url":"https:\/\/www.cecotinternacionalitzacio.org\/es\/author\/p-lores\/"}]}},"_links":{"self":[{"href":"https:\/\/www.cecotinternacionalitzacio.org\/es\/wp-json\/wp\/v2\/posts\/14580","targetHints":{"allow":["GET"]}}],"collection":[{"href":"https:\/\/www.cecotinternacionalitzacio.org\/es\/wp-json\/wp\/v2\/posts"}],"about":[{"href":"https:\/\/www.cecotinternacionalitzacio.org\/es\/wp-json\/wp\/v2\/types\/post"}],"author":[{"embeddable":true,"href":"https:\/\/www.cecotinternacionalitzacio.org\/es\/wp-json\/wp\/v2\/users\/76105"}],"replies":[{"embeddable":true,"href":"https:\/\/www.cecotinternacionalitzacio.org\/es\/wp-json\/wp\/v2\/comments?post=14580"}],"version-history":[{"count":0,"href":"https:\/\/www.cecotinternacionalitzacio.org\/es\/wp-json\/wp\/v2\/posts\/14580\/revisions"}],"wp:featuredmedia":[{"embeddable":true,"href":"https:\/\/www.cecotinternacionalitzacio.org\/es\/wp-json\/wp\/v2\/media\/12796"}],"wp:attachment":[{"href":"https:\/\/www.cecotinternacionalitzacio.org\/es\/wp-json\/wp\/v2\/media?parent=14580"}],"wp:term":[{"taxonomy":"category","embeddable":true,"href":"https:\/\/www.cecotinternacionalitzacio.org\/es\/wp-json\/wp\/v2\/categories?post=14580"},{"taxonomy":"post_tag","embeddable":true,"href":"https:\/\/www.cecotinternacionalitzacio.org\/es\/wp-json\/wp\/v2\/tags?post=14580"}],"curies":[{"name":"wp","href":"https:\/\/api.w.org\/{rel}","templated":true}]}}