{"id":3106,"date":"2016-03-21T14:09:40","date_gmt":"2016-03-21T14:09:40","guid":{"rendered":"http:\/\/www.cecotinternacionalitzacio.org\/?p=3106"},"modified":"2016-03-31T14:18:58","modified_gmt":"2016-03-31T14:18:58","slug":"entrevistes-director-oficina-exterior-catalunya-paris","status":"publish","type":"post","link":"https:\/\/www.cecotinternacionalitzacio.org\/es\/entrevistes-director-oficina-exterior-catalunya-paris\/","title":{"rendered":"Entrevistes amb el director de l&#8217;Oficina Exterior de Catalunya a Par\u00eds"},"content":{"rendered":"<p><strong>Data:<\/strong> Del 4 al 8 d&#8217;abril del 2016<br \/>\n<strong>Organitza:<\/strong> ACCI\u00d3, passeig de Gr\u00e0cia, 129 &#8211; Barcelona<\/p>\n<p>Visita de <strong>Francesc D\u00edaz<\/strong>, director de l&#8217;Oficina exterior de comer\u00e7 i inversions de Catalunya a Par\u00eds, per mantenir reunions individuals amb empreses interessades en el mercat franc\u00e8s.<!--more--><\/p>\n<p>Si esteu interessats en con\u00e8ixer de primera m\u00e0 aquest mercat i com ACCI\u00d3 pot ajudar la vostra empresa a entrar o consolidar-se en ell, podeu posar-vos en contacte amb nosaltres per concertar una entrevista. <\/p>\n<p>Junts podreu definir un pla d&#8217;actuaci\u00f3 a mida per a la vostra empresa segons les vostres necessitats.<\/p>\n<p><a href=\"http:\/\/accio.gencat.cat\/cat\/agenda-activitats\/formulari\/index.jsp?idAgenda=tcm176-224888\" target=\"_blank\">M\u00e9s informaci\u00f3 i inscripcions<\/a><\/p>\n","protected":false},"excerpt":{"rendered":"<p>Data: Del 4 al 8 d&#8217;abril del 2016 Organitza: ACCI\u00d3, passeig de Gr\u00e0cia, 129 &#8211; Barcelona Visita de Francesc D\u00edaz, director de l&#8217;Oficina exterior de comer\u00e7 i inversions de Catalunya a Par\u00eds, per mantenir reunions individuals amb empreses interessades en el mercat franc\u00e8s&#8230;. <a class=\"moretag\" href=\"https:\/\/www.cecotinternacionalitzacio.org\/es\/entrevistes-director-oficina-exterior-catalunya-paris\/\"><br \/>Llegir m\u00e9s &raquo;<\/a><\/p>\n","protected":false},"author":1,"featured_media":3107,"comment_status":"closed","ping_status":"closed","sticky":false,"template":"","format":"standard","meta":{"_acf_changed":false,"_exactmetrics_skip_tracking":false,"_exactmetrics_sitenote_active":false,"_exactmetrics_sitenote_note":"","_exactmetrics_sitenote_category":0,"footnotes":""},"categories":[44],"tags":[85,94,219],"class_list":["post-3106","post","type-post","status-publish","format-standard","has-post-thumbnail","hentry","category-activitats","tag-accio","tag-comerc-exterior","tag-franca"],"acf":[],"yoast_head":"<!-- This site is optimized with the Yoast SEO plugin v19.6.1 - https:\/\/yoast.com\/wordpress\/plugins\/seo\/ -->\n<title>Entrevistes amb el director de l&#039;Oficina Exterior de Catalunya a Par\u00eds - Club Cecot Internacionalitzaci\u00f3<\/title>\n<meta name=\"robots\" content=\"noindex, follow, max-snippet:-1, max-image-preview:large, max-video-preview:-1\" \/>\n<meta property=\"og:locale\" content=\"es_ES\" \/>\n<meta property=\"og:type\" content=\"article\" \/>\n<meta property=\"og:title\" content=\"Entrevistes amb el director de l&#039;Oficina Exterior de Catalunya a Par\u00eds - Club Cecot Internacionalitzaci\u00f3\" \/>\n<meta property=\"og:description\" content=\"Data: Del 4 al 8 d&#8217;abril del 2016 Organitza: ACCI\u00d3, passeig de Gr\u00e0cia, 129 &#8211; Barcelona Visita de Francesc D\u00edaz, director de l&#8217;Oficina exterior de comer\u00e7 i inversions de Catalunya a Par\u00eds, per mantenir reunions individuals amb empreses interessades en el mercat franc\u00e8s.... Llegir m\u00e9s &raquo;\" \/>\n<meta property=\"og:url\" content=\"https:\/\/www.cecotinternacionalitzacio.org\/es\/entrevistes-director-oficina-exterior-catalunya-paris\/\" \/>\n<meta property=\"og:site_name\" content=\"Club Cecot Internacionalitzaci\u00f3\" \/>\n<meta property=\"article:published_time\" content=\"2016-03-21T14:09:40+00:00\" \/>\n<meta property=\"article:modified_time\" content=\"2016-03-31T14:18:58+00:00\" \/>\n<meta property=\"og:image\" content=\"https:\/\/www.cecotinternacionalitzacio.org\/wp-content\/uploads\/2016\/03\/businessFrance.png\" \/>\n\t<meta property=\"og:image:width\" content=\"500\" \/>\n\t<meta property=\"og:image:height\" content=\"300\" \/>\n\t<meta property=\"og:image:type\" content=\"image\/png\" \/>\n<meta name=\"author\" content=\"Club Cecot Inter.\" \/>\n<meta name=\"twitter:card\" content=\"summary\" \/>\n<meta name=\"twitter:label1\" content=\"Escrito por\" \/>\n\t<meta name=\"twitter:data1\" content=\"Club Cecot Inter.\" \/>\n\t<meta name=\"twitter:label2\" content=\"Tiempo de lectura\" \/>\n\t<meta name=\"twitter:data2\" content=\"1 minuto\" \/>\n<script type=\"application\/ld+json\" class=\"yoast-schema-graph\">{\"@context\":\"https:\/\/schema.org\",\"@graph\":[{\"@type\":\"Article\",\"@id\":\"https:\/\/www.cecotinternacionalitzacio.org\/es\/entrevistes-director-oficina-exterior-catalunya-paris\/#article\",\"isPartOf\":{\"@id\":\"https:\/\/www.cecotinternacionalitzacio.org\/es\/entrevistes-director-oficina-exterior-catalunya-paris\/\"},\"author\":{\"name\":\"Club Cecot Inter.\",\"@id\":\"https:\/\/www.cecotinternacionalitzacio.org\/#\/schema\/person\/58d3621fb781542573f7224385ca68a2\"},\"headline\":\"Entrevistes amb el director de l&#8217;Oficina Exterior de Catalunya a Par\u00eds\",\"datePublished\":\"2016-03-21T14:09:40+00:00\",\"dateModified\":\"2016-03-31T14:18:58+00:00\",\"mainEntityOfPage\":{\"@id\":\"https:\/\/www.cecotinternacionalitzacio.org\/es\/entrevistes-director-oficina-exterior-catalunya-paris\/\"},\"wordCount\":112,\"publisher\":{\"@id\":\"https:\/\/www.cecotinternacionalitzacio.org\/#organization\"},\"keywords\":[\"accio\",\"comer\u00e7 exterior\",\"fran\u00e7a\"],\"articleSection\":[\"Activitats\"],\"inLanguage\":\"es\"},{\"@type\":\"WebPage\",\"@id\":\"https:\/\/www.cecotinternacionalitzacio.org\/es\/entrevistes-director-oficina-exterior-catalunya-paris\/\",\"url\":\"https:\/\/www.cecotinternacionalitzacio.org\/es\/entrevistes-director-oficina-exterior-catalunya-paris\/\",\"name\":\"Entrevistes amb el director de l'Oficina Exterior de Catalunya a Par\u00eds - Club Cecot Internacionalitzaci\u00f3\",\"isPartOf\":{\"@id\":\"https:\/\/www.cecotinternacionalitzacio.org\/#website\"},\"datePublished\":\"2016-03-21T14:09:40+00:00\",\"dateModified\":\"2016-03-31T14:18:58+00:00\",\"breadcrumb\":{\"@id\":\"https:\/\/www.cecotinternacionalitzacio.org\/es\/entrevistes-director-oficina-exterior-catalunya-paris\/#breadcrumb\"},\"inLanguage\":\"es\",\"potentialAction\":[{\"@type\":\"ReadAction\",\"target\":[\"https:\/\/www.cecotinternacionalitzacio.org\/es\/entrevistes-director-oficina-exterior-catalunya-paris\/\"]}]},{\"@type\":\"BreadcrumbList\",\"@id\":\"https:\/\/www.cecotinternacionalitzacio.org\/es\/entrevistes-director-oficina-exterior-catalunya-paris\/#breadcrumb\",\"itemListElement\":[{\"@type\":\"ListItem\",\"position\":1,\"name\":\"Inici\",\"item\":\"https:\/\/www.cecotinternacionalitzacio.org\/es\/\"},{\"@type\":\"ListItem\",\"position\":2,\"name\":\"Entrevistes amb el director de l&#8217;Oficina Exterior de Catalunya a Par\u00eds\"}]},{\"@type\":\"WebSite\",\"@id\":\"https:\/\/www.cecotinternacionalitzacio.org\/#website\",\"url\":\"https:\/\/www.cecotinternacionalitzacio.org\/\",\"name\":\"Club Cecot Internacionalitzaci\u00f3\",\"description\":\"Un f\u00f2rum d\u2019intercanvi d\u2019experi\u00e8ncies sobre l\u2019activitat exportadora de les empreses\",\"publisher\":{\"@id\":\"https:\/\/www.cecotinternacionalitzacio.org\/#organization\"},\"potentialAction\":[{\"@type\":\"SearchAction\",\"target\":{\"@type\":\"EntryPoint\",\"urlTemplate\":\"https:\/\/www.cecotinternacionalitzacio.org\/?s={search_term_string}\"},\"query-input\":\"required name=search_term_string\"}],\"inLanguage\":\"es\"},{\"@type\":\"Organization\",\"@id\":\"https:\/\/www.cecotinternacionalitzacio.org\/#organization\",\"name\":\"Club Cecot Internacionalitzaci\u00f3\",\"url\":\"https:\/\/www.cecotinternacionalitzacio.org\/\",\"sameAs\":[],\"logo\":{\"@type\":\"ImageObject\",\"inLanguage\":\"es\",\"@id\":\"https:\/\/www.cecotinternacionalitzacio.org\/#\/schema\/logo\/image\/\",\"url\":\"https:\/\/www.cecotinternacionalitzacio.org\/wp-content\/uploads\/2015\/07\/Logo_Club_Int_165x60.png\",\"contentUrl\":\"https:\/\/www.cecotinternacionalitzacio.org\/wp-content\/uploads\/2015\/07\/Logo_Club_Int_165x60.png\",\"width\":165,\"height\":60,\"caption\":\"Club Cecot Internacionalitzaci\u00f3\"},\"image\":{\"@id\":\"https:\/\/www.cecotinternacionalitzacio.org\/#\/schema\/logo\/image\/\"}},{\"@type\":\"Person\",\"@id\":\"https:\/\/www.cecotinternacionalitzacio.org\/#\/schema\/person\/58d3621fb781542573f7224385ca68a2\",\"name\":\"Club Cecot Inter.\",\"image\":{\"@type\":\"ImageObject\",\"inLanguage\":\"es\",\"@id\":\"https:\/\/www.cecotinternacionalitzacio.org\/#\/schema\/person\/image\/\",\"url\":\"https:\/\/secure.gravatar.com\/avatar\/eacff8e73673ab09c1390cb7cd7b0fa00a987ef31f2368f5eeb668bbdb15ceec?s=96&r=g\",\"contentUrl\":\"https:\/\/secure.gravatar.com\/avatar\/eacff8e73673ab09c1390cb7cd7b0fa00a987ef31f2368f5eeb668bbdb15ceec?s=96&r=g\",\"caption\":\"Club Cecot Inter.\"},\"url\":\"https:\/\/www.cecotinternacionalitzacio.org\/es\/author\/club_admin\/\"}]}<\/script>\n<!-- \/ Yoast SEO plugin. -->","yoast_head_json":{"title":"Entrevistes amb el director de l'Oficina Exterior de Catalunya a Par\u00eds - Club Cecot Internacionalitzaci\u00f3","robots":{"index":"noindex","follow":"follow","max-snippet":"max-snippet:-1","max-image-preview":"max-image-preview:large","max-video-preview":"max-video-preview:-1"},"og_locale":"es_ES","og_type":"article","og_title":"Entrevistes amb el director de l'Oficina Exterior de Catalunya a Par\u00eds - Club Cecot Internacionalitzaci\u00f3","og_description":"Data: Del 4 al 8 d&#8217;abril del 2016 Organitza: ACCI\u00d3, passeig de Gr\u00e0cia, 129 &#8211; Barcelona Visita de Francesc D\u00edaz, director de l&#8217;Oficina exterior de comer\u00e7 i inversions de Catalunya a Par\u00eds, per mantenir reunions individuals amb empreses interessades en el mercat franc\u00e8s.... Llegir m\u00e9s &raquo;","og_url":"https:\/\/www.cecotinternacionalitzacio.org\/es\/entrevistes-director-oficina-exterior-catalunya-paris\/","og_site_name":"Club Cecot Internacionalitzaci\u00f3","article_published_time":"2016-03-21T14:09:40+00:00","article_modified_time":"2016-03-31T14:18:58+00:00","og_image":[{"width":500,"height":300,"url":"https:\/\/www.cecotinternacionalitzacio.org\/wp-content\/uploads\/2016\/03\/businessFrance.png","type":"image\/png"}],"author":"Club Cecot Inter.","twitter_card":"summary","twitter_misc":{"Escrito por":"Club Cecot Inter.","Tiempo de lectura":"1 minuto"},"schema":{"@context":"https:\/\/schema.org","@graph":[{"@type":"Article","@id":"https:\/\/www.cecotinternacionalitzacio.org\/es\/entrevistes-director-oficina-exterior-catalunya-paris\/#article","isPartOf":{"@id":"https:\/\/www.cecotinternacionalitzacio.org\/es\/entrevistes-director-oficina-exterior-catalunya-paris\/"},"author":{"name":"Club Cecot Inter.","@id":"https:\/\/www.cecotinternacionalitzacio.org\/#\/schema\/person\/58d3621fb781542573f7224385ca68a2"},"headline":"Entrevistes amb el director de l&#8217;Oficina Exterior de Catalunya a Par\u00eds","datePublished":"2016-03-21T14:09:40+00:00","dateModified":"2016-03-31T14:18:58+00:00","mainEntityOfPage":{"@id":"https:\/\/www.cecotinternacionalitzacio.org\/es\/entrevistes-director-oficina-exterior-catalunya-paris\/"},"wordCount":112,"publisher":{"@id":"https:\/\/www.cecotinternacionalitzacio.org\/#organization"},"keywords":["accio","comer\u00e7 exterior","fran\u00e7a"],"articleSection":["Activitats"],"inLanguage":"es"},{"@type":"WebPage","@id":"https:\/\/www.cecotinternacionalitzacio.org\/es\/entrevistes-director-oficina-exterior-catalunya-paris\/","url":"https:\/\/www.cecotinternacionalitzacio.org\/es\/entrevistes-director-oficina-exterior-catalunya-paris\/","name":"Entrevistes amb el director de l'Oficina Exterior de Catalunya a Par\u00eds - Club Cecot Internacionalitzaci\u00f3","isPartOf":{"@id":"https:\/\/www.cecotinternacionalitzacio.org\/#website"},"datePublished":"2016-03-21T14:09:40+00:00","dateModified":"2016-03-31T14:18:58+00:00","breadcrumb":{"@id":"https:\/\/www.cecotinternacionalitzacio.org\/es\/entrevistes-director-oficina-exterior-catalunya-paris\/#breadcrumb"},"inLanguage":"es","potentialAction":[{"@type":"ReadAction","target":["https:\/\/www.cecotinternacionalitzacio.org\/es\/entrevistes-director-oficina-exterior-catalunya-paris\/"]}]},{"@type":"BreadcrumbList","@id":"https:\/\/www.cecotinternacionalitzacio.org\/es\/entrevistes-director-oficina-exterior-catalunya-paris\/#breadcrumb","itemListElement":[{"@type":"ListItem","position":1,"name":"Inici","item":"https:\/\/www.cecotinternacionalitzacio.org\/es\/"},{"@type":"ListItem","position":2,"name":"Entrevistes amb el director de l&#8217;Oficina Exterior de Catalunya a Par\u00eds"}]},{"@type":"WebSite","@id":"https:\/\/www.cecotinternacionalitzacio.org\/#website","url":"https:\/\/www.cecotinternacionalitzacio.org\/","name":"Club Cecot Internacionalitzaci\u00f3","description":"Un f\u00f2rum d\u2019intercanvi d\u2019experi\u00e8ncies sobre l\u2019activitat exportadora de les empreses","publisher":{"@id":"https:\/\/www.cecotinternacionalitzacio.org\/#organization"},"potentialAction":[{"@type":"SearchAction","target":{"@type":"EntryPoint","urlTemplate":"https:\/\/www.cecotinternacionalitzacio.org\/?s={search_term_string}"},"query-input":"required name=search_term_string"}],"inLanguage":"es"},{"@type":"Organization","@id":"https:\/\/www.cecotinternacionalitzacio.org\/#organization","name":"Club Cecot Internacionalitzaci\u00f3","url":"https:\/\/www.cecotinternacionalitzacio.org\/","sameAs":[],"logo":{"@type":"ImageObject","inLanguage":"es","@id":"https:\/\/www.cecotinternacionalitzacio.org\/#\/schema\/logo\/image\/","url":"https:\/\/www.cecotinternacionalitzacio.org\/wp-content\/uploads\/2015\/07\/Logo_Club_Int_165x60.png","contentUrl":"https:\/\/www.cecotinternacionalitzacio.org\/wp-content\/uploads\/2015\/07\/Logo_Club_Int_165x60.png","width":165,"height":60,"caption":"Club Cecot Internacionalitzaci\u00f3"},"image":{"@id":"https:\/\/www.cecotinternacionalitzacio.org\/#\/schema\/logo\/image\/"}},{"@type":"Person","@id":"https:\/\/www.cecotinternacionalitzacio.org\/#\/schema\/person\/58d3621fb781542573f7224385ca68a2","name":"Club Cecot Inter.","image":{"@type":"ImageObject","inLanguage":"es","@id":"https:\/\/www.cecotinternacionalitzacio.org\/#\/schema\/person\/image\/","url":"https:\/\/secure.gravatar.com\/avatar\/eacff8e73673ab09c1390cb7cd7b0fa00a987ef31f2368f5eeb668bbdb15ceec?s=96&r=g","contentUrl":"https:\/\/secure.gravatar.com\/avatar\/eacff8e73673ab09c1390cb7cd7b0fa00a987ef31f2368f5eeb668bbdb15ceec?s=96&r=g","caption":"Club Cecot Inter."},"url":"https:\/\/www.cecotinternacionalitzacio.org\/es\/author\/club_admin\/"}]}},"_links":{"self":[{"href":"https:\/\/www.cecotinternacionalitzacio.org\/es\/wp-json\/wp\/v2\/posts\/3106","targetHints":{"allow":["GET"]}}],"collection":[{"href":"https:\/\/www.cecotinternacionalitzacio.org\/es\/wp-json\/wp\/v2\/posts"}],"about":[{"href":"https:\/\/www.cecotinternacionalitzacio.org\/es\/wp-json\/wp\/v2\/types\/post"}],"author":[{"embeddable":true,"href":"https:\/\/www.cecotinternacionalitzacio.org\/es\/wp-json\/wp\/v2\/users\/1"}],"replies":[{"embeddable":true,"href":"https:\/\/www.cecotinternacionalitzacio.org\/es\/wp-json\/wp\/v2\/comments?post=3106"}],"version-history":[{"count":0,"href":"https:\/\/www.cecotinternacionalitzacio.org\/es\/wp-json\/wp\/v2\/posts\/3106\/revisions"}],"wp:featuredmedia":[{"embeddable":true,"href":"https:\/\/www.cecotinternacionalitzacio.org\/es\/wp-json\/wp\/v2\/media\/3107"}],"wp:attachment":[{"href":"https:\/\/www.cecotinternacionalitzacio.org\/es\/wp-json\/wp\/v2\/media?parent=3106"}],"wp:term":[{"taxonomy":"category","embeddable":true,"href":"https:\/\/www.cecotinternacionalitzacio.org\/es\/wp-json\/wp\/v2\/categories?post=3106"},{"taxonomy":"post_tag","embeddable":true,"href":"https:\/\/www.cecotinternacionalitzacio.org\/es\/wp-json\/wp\/v2\/tags?post=3106"}],"curies":[{"name":"wp","href":"https:\/\/api.w.org\/{rel}","templated":true}]}}