{"id":4484,"date":"2017-02-27T12:49:26","date_gmt":"2017-02-27T12:49:26","guid":{"rendered":"http:\/\/www.cecotinternacionalitzacio.org\/?p=4484\/"},"modified":"2017-02-28T20:08:14","modified_gmt":"2017-02-28T20:08:14","slug":"entra-vigor-lacord-sobre-facilitacio-comerc-lomc","status":"publish","type":"post","link":"https:\/\/www.cecotinternacionalitzacio.org\/es\/entra-vigor-lacord-sobre-facilitacio-comerc-lomc\/","title":{"rendered":"Entra en vigor l&#8217;Acord sobre Facilitaci\u00f3 del Comer\u00e7 de l&#8217;OMC"},"content":{"rendered":"<p style=\"text-align: justify;\">El sistema mundial de comer\u00e7 ha aconseguit una fita important aquest 22 de febrer de 2017, data en la qual ha entrar en vigor el primer acord multilateral concl\u00f2s en els 21 anys d&#8217;exist\u00e8ncia de l&#8217;Organitzaci\u00f3 Mundial del Comer\u00e7.<\/p>\n<p><!--more--><\/p>\n<p style=\"text-align: justify;\">En rebre quatre noves ratificacions, l&#8217;OMC ha obtingut l&#8217;acceptaci\u00f3 de l&#8217;Acord sobre Facilitaci\u00f3 del Comer\u00e7 (AFC) per dos ter\u00e7os dels 164 Membres de l&#8217;Organitzaci\u00f3, m\u00ednim requerit per a l&#8217;entrada en vigor del AFC.<\/p>\n<p>Per a m\u00e9s informaci\u00f3 cliqueu <a href=\"https:\/\/www.wto.org\/spanish\/news_s\/news17_s\/fac_31jan17_s.htm\">aqu\u00ed<\/a><\/p>\n","protected":false},"excerpt":{"rendered":"<p>El sistema mundial de comer\u00e7 ha aconseguit una fita important aquest 22 de febrer de 2017, data en la qual ha entrar en vigor el primer acord multilateral concl\u00f2s en els 21 anys d&#8217;exist\u00e8ncia de l&#8217;Organitzaci\u00f3 Mundial del Comer\u00e7&#8230;. <a class=\"moretag\" href=\"https:\/\/www.cecotinternacionalitzacio.org\/es\/entra-vigor-lacord-sobre-facilitacio-comerc-lomc\/\"><br \/>Llegir m\u00e9s &raquo;<\/a><\/p>\n","protected":false},"author":1,"featured_media":4488,"comment_status":"closed","ping_status":"closed","sticky":false,"template":"","format":"standard","meta":{"_acf_changed":false,"_exactmetrics_skip_tracking":false,"_exactmetrics_sitenote_active":false,"_exactmetrics_sitenote_note":"","_exactmetrics_sitenote_category":0,"footnotes":""},"categories":[84],"tags":[346,345,170],"class_list":["post-4484","post","type-post","status-publish","format-standard","has-post-thumbnail","hentry","category-novetats","tag-club-internacional","tag-facilitacio-comerc","tag-omc"],"acf":[],"yoast_head":"<!-- This site is optimized with the Yoast SEO plugin v19.6.1 - https:\/\/yoast.com\/wordpress\/plugins\/seo\/ -->\n<title>Entra en vigor l&#039;Acord sobre Facilitaci\u00f3 del Comer\u00e7 de l&#039;OMC - Club Cecot Internacionalitzaci\u00f3<\/title>\n<meta name=\"robots\" content=\"noindex, follow, max-snippet:-1, max-image-preview:large, max-video-preview:-1\" \/>\n<meta property=\"og:locale\" content=\"es_ES\" \/>\n<meta property=\"og:type\" content=\"article\" \/>\n<meta property=\"og:title\" content=\"Entra en vigor l&#039;Acord sobre Facilitaci\u00f3 del Comer\u00e7 de l&#039;OMC - Club Cecot Internacionalitzaci\u00f3\" \/>\n<meta property=\"og:description\" content=\"El sistema mundial de comer\u00e7 ha aconseguit una fita important aquest 22 de febrer de 2017, data en la qual ha entrar en vigor el primer acord multilateral concl\u00f2s en els 21 anys d&#8217;exist\u00e8ncia de l&#8217;Organitzaci\u00f3 Mundial del Comer\u00e7.... Llegir m\u00e9s &raquo;\" \/>\n<meta property=\"og:url\" content=\"https:\/\/www.cecotinternacionalitzacio.org\/es\/entra-vigor-lacord-sobre-facilitacio-comerc-lomc\/\" \/>\n<meta property=\"og:site_name\" content=\"Club Cecot Internacionalitzaci\u00f3\" \/>\n<meta property=\"article:published_time\" content=\"2017-02-27T12:49:26+00:00\" \/>\n<meta property=\"article:modified_time\" content=\"2017-02-28T20:08:14+00:00\" \/>\n<meta property=\"og:image\" content=\"https:\/\/www.cecotinternacionalitzacio.org\/wp-content\/uploads\/2017\/02\/acuerdobilateral-1.jpg\" \/>\n\t<meta property=\"og:image:width\" content=\"408\" \/>\n\t<meta property=\"og:image:height\" content=\"280\" \/>\n\t<meta property=\"og:image:type\" content=\"image\/jpeg\" \/>\n<meta name=\"author\" content=\"Club Cecot Inter.\" \/>\n<meta name=\"twitter:card\" content=\"summary\" \/>\n<meta name=\"twitter:label1\" content=\"Escrito por\" \/>\n\t<meta name=\"twitter:data1\" content=\"Club Cecot Inter.\" \/>\n<script type=\"application\/ld+json\" class=\"yoast-schema-graph\">{\"@context\":\"https:\/\/schema.org\",\"@graph\":[{\"@type\":\"Article\",\"@id\":\"https:\/\/www.cecotinternacionalitzacio.org\/es\/entra-vigor-lacord-sobre-facilitacio-comerc-lomc\/#article\",\"isPartOf\":{\"@id\":\"https:\/\/www.cecotinternacionalitzacio.org\/es\/entra-vigor-lacord-sobre-facilitacio-comerc-lomc\/\"},\"author\":{\"name\":\"Club Cecot Inter.\",\"@id\":\"https:\/\/www.cecotinternacionalitzacio.org\/#\/schema\/person\/58d3621fb781542573f7224385ca68a2\"},\"headline\":\"Entra en vigor l&#8217;Acord sobre Facilitaci\u00f3 del Comer\u00e7 de l&#8217;OMC\",\"datePublished\":\"2017-02-27T12:49:26+00:00\",\"dateModified\":\"2017-02-28T20:08:14+00:00\",\"mainEntityOfPage\":{\"@id\":\"https:\/\/www.cecotinternacionalitzacio.org\/es\/entra-vigor-lacord-sobre-facilitacio-comerc-lomc\/\"},\"wordCount\":89,\"publisher\":{\"@id\":\"https:\/\/www.cecotinternacionalitzacio.org\/#organization\"},\"keywords\":[\"club internacional\",\"facilitaci\u00f3 comer\u00e7\",\"OMC\"],\"articleSection\":[\"Novetats\"],\"inLanguage\":\"es\"},{\"@type\":\"WebPage\",\"@id\":\"https:\/\/www.cecotinternacionalitzacio.org\/es\/entra-vigor-lacord-sobre-facilitacio-comerc-lomc\/\",\"url\":\"https:\/\/www.cecotinternacionalitzacio.org\/es\/entra-vigor-lacord-sobre-facilitacio-comerc-lomc\/\",\"name\":\"Entra en vigor l'Acord sobre Facilitaci\u00f3 del Comer\u00e7 de l'OMC - Club Cecot Internacionalitzaci\u00f3\",\"isPartOf\":{\"@id\":\"https:\/\/www.cecotinternacionalitzacio.org\/#website\"},\"datePublished\":\"2017-02-27T12:49:26+00:00\",\"dateModified\":\"2017-02-28T20:08:14+00:00\",\"breadcrumb\":{\"@id\":\"https:\/\/www.cecotinternacionalitzacio.org\/es\/entra-vigor-lacord-sobre-facilitacio-comerc-lomc\/#breadcrumb\"},\"inLanguage\":\"es\",\"potentialAction\":[{\"@type\":\"ReadAction\",\"target\":[\"https:\/\/www.cecotinternacionalitzacio.org\/es\/entra-vigor-lacord-sobre-facilitacio-comerc-lomc\/\"]}]},{\"@type\":\"BreadcrumbList\",\"@id\":\"https:\/\/www.cecotinternacionalitzacio.org\/es\/entra-vigor-lacord-sobre-facilitacio-comerc-lomc\/#breadcrumb\",\"itemListElement\":[{\"@type\":\"ListItem\",\"position\":1,\"name\":\"Inici\",\"item\":\"https:\/\/www.cecotinternacionalitzacio.org\/es\/\"},{\"@type\":\"ListItem\",\"position\":2,\"name\":\"Entra en vigor l&#8217;Acord sobre Facilitaci\u00f3 del Comer\u00e7 de l&#8217;OMC\"}]},{\"@type\":\"WebSite\",\"@id\":\"https:\/\/www.cecotinternacionalitzacio.org\/#website\",\"url\":\"https:\/\/www.cecotinternacionalitzacio.org\/\",\"name\":\"Club Cecot Internacionalitzaci\u00f3\",\"description\":\"Un f\u00f2rum d\u2019intercanvi d\u2019experi\u00e8ncies sobre l\u2019activitat exportadora de les empreses\",\"publisher\":{\"@id\":\"https:\/\/www.cecotinternacionalitzacio.org\/#organization\"},\"potentialAction\":[{\"@type\":\"SearchAction\",\"target\":{\"@type\":\"EntryPoint\",\"urlTemplate\":\"https:\/\/www.cecotinternacionalitzacio.org\/?s={search_term_string}\"},\"query-input\":\"required name=search_term_string\"}],\"inLanguage\":\"es\"},{\"@type\":\"Organization\",\"@id\":\"https:\/\/www.cecotinternacionalitzacio.org\/#organization\",\"name\":\"Club Cecot Internacionalitzaci\u00f3\",\"url\":\"https:\/\/www.cecotinternacionalitzacio.org\/\",\"sameAs\":[],\"logo\":{\"@type\":\"ImageObject\",\"inLanguage\":\"es\",\"@id\":\"https:\/\/www.cecotinternacionalitzacio.org\/#\/schema\/logo\/image\/\",\"url\":\"https:\/\/www.cecotinternacionalitzacio.org\/wp-content\/uploads\/2015\/07\/Logo_Club_Int_165x60.png\",\"contentUrl\":\"https:\/\/www.cecotinternacionalitzacio.org\/wp-content\/uploads\/2015\/07\/Logo_Club_Int_165x60.png\",\"width\":165,\"height\":60,\"caption\":\"Club Cecot Internacionalitzaci\u00f3\"},\"image\":{\"@id\":\"https:\/\/www.cecotinternacionalitzacio.org\/#\/schema\/logo\/image\/\"}},{\"@type\":\"Person\",\"@id\":\"https:\/\/www.cecotinternacionalitzacio.org\/#\/schema\/person\/58d3621fb781542573f7224385ca68a2\",\"name\":\"Club Cecot Inter.\",\"image\":{\"@type\":\"ImageObject\",\"inLanguage\":\"es\",\"@id\":\"https:\/\/www.cecotinternacionalitzacio.org\/#\/schema\/person\/image\/\",\"url\":\"https:\/\/secure.gravatar.com\/avatar\/eacff8e73673ab09c1390cb7cd7b0fa00a987ef31f2368f5eeb668bbdb15ceec?s=96&r=g\",\"contentUrl\":\"https:\/\/secure.gravatar.com\/avatar\/eacff8e73673ab09c1390cb7cd7b0fa00a987ef31f2368f5eeb668bbdb15ceec?s=96&r=g\",\"caption\":\"Club Cecot Inter.\"},\"url\":\"https:\/\/www.cecotinternacionalitzacio.org\/es\/author\/club_admin\/\"}]}<\/script>\n<!-- \/ Yoast SEO plugin. -->","yoast_head_json":{"title":"Entra en vigor l'Acord sobre Facilitaci\u00f3 del Comer\u00e7 de l'OMC - Club Cecot Internacionalitzaci\u00f3","robots":{"index":"noindex","follow":"follow","max-snippet":"max-snippet:-1","max-image-preview":"max-image-preview:large","max-video-preview":"max-video-preview:-1"},"og_locale":"es_ES","og_type":"article","og_title":"Entra en vigor l'Acord sobre Facilitaci\u00f3 del Comer\u00e7 de l'OMC - Club Cecot Internacionalitzaci\u00f3","og_description":"El sistema mundial de comer\u00e7 ha aconseguit una fita important aquest 22 de febrer de 2017, data en la qual ha entrar en vigor el primer acord multilateral concl\u00f2s en els 21 anys d&#8217;exist\u00e8ncia de l&#8217;Organitzaci\u00f3 Mundial del Comer\u00e7.... Llegir m\u00e9s &raquo;","og_url":"https:\/\/www.cecotinternacionalitzacio.org\/es\/entra-vigor-lacord-sobre-facilitacio-comerc-lomc\/","og_site_name":"Club Cecot Internacionalitzaci\u00f3","article_published_time":"2017-02-27T12:49:26+00:00","article_modified_time":"2017-02-28T20:08:14+00:00","og_image":[{"width":408,"height":280,"url":"https:\/\/www.cecotinternacionalitzacio.org\/wp-content\/uploads\/2017\/02\/acuerdobilateral-1.jpg","type":"image\/jpeg"}],"author":"Club Cecot Inter.","twitter_card":"summary","twitter_misc":{"Escrito por":"Club Cecot Inter."},"schema":{"@context":"https:\/\/schema.org","@graph":[{"@type":"Article","@id":"https:\/\/www.cecotinternacionalitzacio.org\/es\/entra-vigor-lacord-sobre-facilitacio-comerc-lomc\/#article","isPartOf":{"@id":"https:\/\/www.cecotinternacionalitzacio.org\/es\/entra-vigor-lacord-sobre-facilitacio-comerc-lomc\/"},"author":{"name":"Club Cecot Inter.","@id":"https:\/\/www.cecotinternacionalitzacio.org\/#\/schema\/person\/58d3621fb781542573f7224385ca68a2"},"headline":"Entra en vigor l&#8217;Acord sobre Facilitaci\u00f3 del Comer\u00e7 de l&#8217;OMC","datePublished":"2017-02-27T12:49:26+00:00","dateModified":"2017-02-28T20:08:14+00:00","mainEntityOfPage":{"@id":"https:\/\/www.cecotinternacionalitzacio.org\/es\/entra-vigor-lacord-sobre-facilitacio-comerc-lomc\/"},"wordCount":89,"publisher":{"@id":"https:\/\/www.cecotinternacionalitzacio.org\/#organization"},"keywords":["club internacional","facilitaci\u00f3 comer\u00e7","OMC"],"articleSection":["Novetats"],"inLanguage":"es"},{"@type":"WebPage","@id":"https:\/\/www.cecotinternacionalitzacio.org\/es\/entra-vigor-lacord-sobre-facilitacio-comerc-lomc\/","url":"https:\/\/www.cecotinternacionalitzacio.org\/es\/entra-vigor-lacord-sobre-facilitacio-comerc-lomc\/","name":"Entra en vigor l'Acord sobre Facilitaci\u00f3 del Comer\u00e7 de l'OMC - Club Cecot Internacionalitzaci\u00f3","isPartOf":{"@id":"https:\/\/www.cecotinternacionalitzacio.org\/#website"},"datePublished":"2017-02-27T12:49:26+00:00","dateModified":"2017-02-28T20:08:14+00:00","breadcrumb":{"@id":"https:\/\/www.cecotinternacionalitzacio.org\/es\/entra-vigor-lacord-sobre-facilitacio-comerc-lomc\/#breadcrumb"},"inLanguage":"es","potentialAction":[{"@type":"ReadAction","target":["https:\/\/www.cecotinternacionalitzacio.org\/es\/entra-vigor-lacord-sobre-facilitacio-comerc-lomc\/"]}]},{"@type":"BreadcrumbList","@id":"https:\/\/www.cecotinternacionalitzacio.org\/es\/entra-vigor-lacord-sobre-facilitacio-comerc-lomc\/#breadcrumb","itemListElement":[{"@type":"ListItem","position":1,"name":"Inici","item":"https:\/\/www.cecotinternacionalitzacio.org\/es\/"},{"@type":"ListItem","position":2,"name":"Entra en vigor l&#8217;Acord sobre Facilitaci\u00f3 del Comer\u00e7 de l&#8217;OMC"}]},{"@type":"WebSite","@id":"https:\/\/www.cecotinternacionalitzacio.org\/#website","url":"https:\/\/www.cecotinternacionalitzacio.org\/","name":"Club Cecot Internacionalitzaci\u00f3","description":"Un f\u00f2rum d\u2019intercanvi d\u2019experi\u00e8ncies sobre l\u2019activitat exportadora de les empreses","publisher":{"@id":"https:\/\/www.cecotinternacionalitzacio.org\/#organization"},"potentialAction":[{"@type":"SearchAction","target":{"@type":"EntryPoint","urlTemplate":"https:\/\/www.cecotinternacionalitzacio.org\/?s={search_term_string}"},"query-input":"required name=search_term_string"}],"inLanguage":"es"},{"@type":"Organization","@id":"https:\/\/www.cecotinternacionalitzacio.org\/#organization","name":"Club Cecot Internacionalitzaci\u00f3","url":"https:\/\/www.cecotinternacionalitzacio.org\/","sameAs":[],"logo":{"@type":"ImageObject","inLanguage":"es","@id":"https:\/\/www.cecotinternacionalitzacio.org\/#\/schema\/logo\/image\/","url":"https:\/\/www.cecotinternacionalitzacio.org\/wp-content\/uploads\/2015\/07\/Logo_Club_Int_165x60.png","contentUrl":"https:\/\/www.cecotinternacionalitzacio.org\/wp-content\/uploads\/2015\/07\/Logo_Club_Int_165x60.png","width":165,"height":60,"caption":"Club Cecot Internacionalitzaci\u00f3"},"image":{"@id":"https:\/\/www.cecotinternacionalitzacio.org\/#\/schema\/logo\/image\/"}},{"@type":"Person","@id":"https:\/\/www.cecotinternacionalitzacio.org\/#\/schema\/person\/58d3621fb781542573f7224385ca68a2","name":"Club Cecot Inter.","image":{"@type":"ImageObject","inLanguage":"es","@id":"https:\/\/www.cecotinternacionalitzacio.org\/#\/schema\/person\/image\/","url":"https:\/\/secure.gravatar.com\/avatar\/eacff8e73673ab09c1390cb7cd7b0fa00a987ef31f2368f5eeb668bbdb15ceec?s=96&r=g","contentUrl":"https:\/\/secure.gravatar.com\/avatar\/eacff8e73673ab09c1390cb7cd7b0fa00a987ef31f2368f5eeb668bbdb15ceec?s=96&r=g","caption":"Club Cecot Inter."},"url":"https:\/\/www.cecotinternacionalitzacio.org\/es\/author\/club_admin\/"}]}},"_links":{"self":[{"href":"https:\/\/www.cecotinternacionalitzacio.org\/es\/wp-json\/wp\/v2\/posts\/4484","targetHints":{"allow":["GET"]}}],"collection":[{"href":"https:\/\/www.cecotinternacionalitzacio.org\/es\/wp-json\/wp\/v2\/posts"}],"about":[{"href":"https:\/\/www.cecotinternacionalitzacio.org\/es\/wp-json\/wp\/v2\/types\/post"}],"author":[{"embeddable":true,"href":"https:\/\/www.cecotinternacionalitzacio.org\/es\/wp-json\/wp\/v2\/users\/1"}],"replies":[{"embeddable":true,"href":"https:\/\/www.cecotinternacionalitzacio.org\/es\/wp-json\/wp\/v2\/comments?post=4484"}],"version-history":[{"count":0,"href":"https:\/\/www.cecotinternacionalitzacio.org\/es\/wp-json\/wp\/v2\/posts\/4484\/revisions"}],"wp:featuredmedia":[{"embeddable":true,"href":"https:\/\/www.cecotinternacionalitzacio.org\/es\/wp-json\/wp\/v2\/media\/4488"}],"wp:attachment":[{"href":"https:\/\/www.cecotinternacionalitzacio.org\/es\/wp-json\/wp\/v2\/media?parent=4484"}],"wp:term":[{"taxonomy":"category","embeddable":true,"href":"https:\/\/www.cecotinternacionalitzacio.org\/es\/wp-json\/wp\/v2\/categories?post=4484"},{"taxonomy":"post_tag","embeddable":true,"href":"https:\/\/www.cecotinternacionalitzacio.org\/es\/wp-json\/wp\/v2\/tags?post=4484"}],"curies":[{"name":"wp","href":"https:\/\/api.w.org\/{rel}","templated":true}]}}