{"id":4701,"date":"2017-04-28T09:51:55","date_gmt":"2017-04-28T09:51:55","guid":{"rendered":"http:\/\/www.cecotinternacionalitzacio.org\/?p=4701\/"},"modified":"2017-04-28T12:17:49","modified_gmt":"2017-04-28T12:17:49","slug":"marc-renom","status":"publish","type":"post","link":"https:\/\/www.cecotinternacionalitzacio.org\/es\/marc-renom\/","title":{"rendered":"Mark Renom: \u00abL\u2019an\u00e0lisi previ del mercat \u00e9s essencial\u00bb"},"content":{"rendered":"<p style=\"text-align: justify;\"><strong>Mark Renom<\/strong>, Export Manager \u00a0de l&#8217;empresa <a href=\"http:\/\/keya.cat\/ca\/\">KEYA<\/a><\/p>\n<p style=\"text-align: justify;\">KEYA va ser fundada el 1965 com a fabricant de panys. En aquells temps, la producci\u00f3 estava orientada als panys de pestell per a fabricants de mobiliari. Passat aquest primer per\u00edode i seguint les necessitats emergents del mercat de l\u2019\u00e8poca, vam decidir comen\u00e7ar una nova l\u00ednia de productes: l\u2019\u00e0mpliament conegut pany de moneda KEYA, que es pot trobar a les taquilles de tants supermercats i centres esportius d\u2019Espanya.<\/p>\n<p style=\"text-align: justify;\">Actualment, despr\u00e9s de 50 anys dissenyant i fabricant panys de pestell i de moneda, a KEYA hem pres una decisi\u00f3 estrat\u00e8gica: Durant aquest darrers anys hem desenvolupat una nova l\u00ednia de panys electr\u00f2nics i sistemes de gesti\u00f3 RFID, actualment disposem d&#8217;una complerta gama de panys per a la gesti\u00f3 de taquilles i mobiliari comercial.<\/p>\n<p style=\"text-align: justify;\">A KEYA, dissenyem i fabriquem panys equipats amb les \u00faltimes tecnologies.<\/p>\n<p style=\"text-align: justify;\"><!--more--><\/p>\n<p style=\"text-align: justify;\"><img loading=\"lazy\" decoding=\"async\" class=\"alignleft wp-image-4706\" src=\"https:\/\/www.cecotinternacionalitzacio.org\/wp-content\/uploads\/2017\/04\/MARK-RENOM.jpg\" alt=\"\" width=\"226\" height=\"293\" srcset=\"https:\/\/www.cecotinternacionalitzacio.org\/wp-content\/uploads\/2017\/04\/MARK-RENOM.jpg 341w, https:\/\/www.cecotinternacionalitzacio.org\/wp-content\/uploads\/2017\/04\/MARK-RENOM-232x300.jpg 232w\" sizes=\"auto, (max-width: 226px) 100vw, 226px\" \/><strong>1.- Quin producte o productes de la seva empresa comercialitza a l\u2019exterior?<\/strong><br \/>\nNosaltres tenim dues games de productes, panys per mobiliari comercial (panys mec\u00e0nics i panys electr\u00f2nics) i l\u2019altre gama de productes interruptors per arrencar vehicles industrials- <em>Ignition switches<\/em>,\u00a0maquinaria per a la construcci\u00f3, agr\u00edcola, log\u00edstica, etc.<\/p>\n<p style=\"text-align: justify;\"><strong>2.- Quan va iniciar-se en el comer\u00e7 exterior?<\/strong><br \/>\nNosaltres exportem des dels anys 90.<\/p>\n<p style=\"text-align: justify;\"><strong>3.- Actualment quin percentatge de la\u00a0 facturaci\u00f3 \u00a0s&#8217;exporta?<\/strong><br \/>\nAproximadament 50%<\/p>\n<p style=\"text-align: justify;\"><strong>4.- Mark, qu\u00e8 el va motivar per iniciar-se en el comer\u00e7 internacional?<\/strong><\/p>\n<p style=\"text-align: justify;\">Des de molt jove he viscut a l\u2019estranger, he treballat 4 anys al Marroc i\u00a0 6 anys a Londres i d\u2019alguna manera aix\u00f2 m\u2019ha portat a tenir una personalitat molt internacional.<\/p>\n<p style=\"text-align: justify;\"><strong>5.- Quins s\u00f3n els errors que hauria volgut evitar?<\/strong><br \/>\nEl pitjor que recordo \u00e9s un cop que vaig prendre la decisi\u00f3 d&#8217;exposar en una fira de mostres a un pa\u00eds on no havia analitzat prou el mercat. Va ser un desastre!<\/p>\n<p style=\"text-align: justify;\"><strong>6.- Compta amb un departament d&#8217;exportacions o \u00a0persona responsable de les exportacions?<\/strong><br \/>\nComptem amb un departament d\u2019exportaci\u00f3 de dues persones tot i que l\u2019empresa en general est\u00e0 molt enfocada a l\u2019exportaci\u00f3, tothom a dins de l\u2019empresa est\u00e0 directament vinculat a la internacionalitzaci\u00f3 de manera directa, ja sigui a nivell comercial o a nivell d&#8217;enginyeria i qualitat.<\/p>\n<p style=\"text-align: justify;\"><strong>7.- A quins pa\u00efsos exporta actualment?<\/strong><br \/>\nExportem als 5 continents, tot i que els nostres mercats principals es troben a Europa, Austr\u00e0lia, i llatina Am\u00e8rica.<\/p>\n<p style=\"text-align: justify;\"><strong>8.- Quins reptes ha hagut de superar\u00a0 en els mercats exteriors?<\/strong><br \/>\nEls reptes m\u00e9s dif\u00edcils de superar poden ser les barreres administratives d\u2019alguns pa\u00efsos per\u00f2 jo diria que en general som una empresa que s\u2019adapta molt b\u00e9 a les diferents cultures i maneres de fer i no ens hem trobat amb gaires problemes a l\u2019hora d\u2019exportar els nostres productes.<\/p>\n<p style=\"text-align: justify;\"><strong>9.- Quin considera que \u00e9s el seu avantatge competitiu internacional, qu\u00e8 diferencia els seus productes o la seva oferta?<\/strong><br \/>\nL\u2019adaptabilitat i el servei, partint de la base que tenim productes de molt bona qualitat amb un preu molt competitiu.<\/p>\n<p style=\"text-align: justify;\"><strong>10.-Adapta l&#8217;estrat\u00e8gia d\u2019entrada \u00a0a cada mercat en el qual treballa?<\/strong><\/p>\n<p style=\"text-align: justify;\">No utilitzem sempre la mateixa estrat\u00e8gia, tot i que normalment ens basem en desenvolupar col\u00b7laboracions amb distribu\u00efdors a cada mercat que ens permeten comercialitzar els nostre productes a diferents canals.<\/p>\n<p style=\"text-align: justify;\"><strong>11.- Quines recomanacions faria a les empreses que estan comen\u00e7ant en l\u2019 exportaci\u00f3?<\/strong><br \/>\nQue tinguin molt clar quin es l\u2019avantatge competitiu del seu producte i que aquest s\u2019adapta b\u00e9 al mercat on es volen dirigir.L\u2019an\u00e0lisi previ del mercat \u00e9s \u00a0essencial.<\/p>\n","protected":false},"excerpt":{"rendered":"<p>Mark Renom, Export Manager \u00a0de l&#8217;empresa KEYA KEYA va ser fundada el 1965 com a fabricant de panys. En aquells temps, la producci\u00f3 estava orientada als panys de pestell per a fabricants de mobiliari. Passat aquest primer per\u00edode i seguint les necessitats emergents del mercat de l\u2019\u00e8poca, vam decidir comen\u00e7ar una nova l\u00ednia de productes: &hellip;&#8230; <a class=\"moretag\" href=\"https:\/\/www.cecotinternacionalitzacio.org\/es\/marc-renom\/\"><br \/>Llegir m\u00e9s &raquo;<\/a><\/p>\n","protected":false},"author":1,"featured_media":0,"comment_status":"closed","ping_status":"closed","sticky":false,"template":"","format":"standard","meta":{"_acf_changed":false,"_exactmetrics_skip_tracking":false,"_exactmetrics_sitenote_active":false,"_exactmetrics_sitenote_note":"","_exactmetrics_sitenote_category":0,"footnotes":""},"categories":[194],"tags":[113,120,365,363,364],"class_list":["post-4701","post","type-post","status-publish","format-standard","hentry","category-entrevista-cat","tag-cecot","tag-internacionalitzacio","tag-keya","tag-marc-renom","tag-mark-renom"],"acf":[],"yoast_head":"<!-- This site is optimized with the Yoast SEO plugin v19.6.1 - https:\/\/yoast.com\/wordpress\/plugins\/seo\/ -->\n<title>Mark Renom: &quot;L\u2019an\u00e0lisi previ del mercat \u00e9s essencial&quot; - Club Cecot Internacionalitzaci\u00f3<\/title>\n<meta name=\"robots\" content=\"noindex, follow, max-snippet:-1, max-image-preview:large, max-video-preview:-1\" \/>\n<meta property=\"og:locale\" content=\"es_ES\" \/>\n<meta property=\"og:type\" content=\"article\" \/>\n<meta property=\"og:title\" content=\"Mark Renom: &quot;L\u2019an\u00e0lisi previ del mercat \u00e9s essencial&quot; - Club Cecot Internacionalitzaci\u00f3\" \/>\n<meta property=\"og:description\" content=\"Mark Renom, Export Manager \u00a0de l&#8217;empresa KEYA KEYA va ser fundada el 1965 com a fabricant de panys. En aquells temps, la producci\u00f3 estava orientada als panys de pestell per a fabricants de mobiliari. Passat aquest primer per\u00edode i seguint les necessitats emergents del mercat de l\u2019\u00e8poca, vam decidir comen\u00e7ar una nova l\u00ednia de productes: &hellip;... Llegir m\u00e9s &raquo;\" \/>\n<meta property=\"og:url\" content=\"https:\/\/www.cecotinternacionalitzacio.org\/es\/marc-renom\/\" \/>\n<meta property=\"og:site_name\" content=\"Club Cecot Internacionalitzaci\u00f3\" \/>\n<meta property=\"article:published_time\" content=\"2017-04-28T09:51:55+00:00\" \/>\n<meta property=\"article:modified_time\" content=\"2017-04-28T12:17:49+00:00\" \/>\n<meta property=\"og:image\" content=\"https:\/\/www.cecotinternacionalitzacio.org\/wp-content\/uploads\/2017\/04\/MARK-RENOM.jpg\" \/>\n<meta name=\"author\" content=\"Club Cecot Inter.\" \/>\n<meta name=\"twitter:card\" content=\"summary\" \/>\n<meta name=\"twitter:label1\" content=\"Escrito por\" \/>\n\t<meta name=\"twitter:data1\" content=\"Club Cecot Inter.\" \/>\n\t<meta name=\"twitter:label2\" content=\"Tiempo de lectura\" \/>\n\t<meta name=\"twitter:data2\" content=\"3 minutos\" \/>\n<script type=\"application\/ld+json\" class=\"yoast-schema-graph\">{\"@context\":\"https:\/\/schema.org\",\"@graph\":[{\"@type\":\"Article\",\"@id\":\"https:\/\/www.cecotinternacionalitzacio.org\/es\/marc-renom\/#article\",\"isPartOf\":{\"@id\":\"https:\/\/www.cecotinternacionalitzacio.org\/es\/marc-renom\/\"},\"author\":{\"name\":\"Club Cecot Inter.\",\"@id\":\"https:\/\/www.cecotinternacionalitzacio.org\/#\/schema\/person\/58d3621fb781542573f7224385ca68a2\"},\"headline\":\"Mark Renom: \u00abL\u2019an\u00e0lisi previ del mercat \u00e9s essencial\u00bb\",\"datePublished\":\"2017-04-28T09:51:55+00:00\",\"dateModified\":\"2017-04-28T12:17:49+00:00\",\"mainEntityOfPage\":{\"@id\":\"https:\/\/www.cecotinternacionalitzacio.org\/es\/marc-renom\/\"},\"wordCount\":604,\"publisher\":{\"@id\":\"https:\/\/www.cecotinternacionalitzacio.org\/#organization\"},\"keywords\":[\"cecot\",\"Internacionalitzaci\u00f3\",\"Keya\",\"Marc renom\",\"Mark renom\"],\"articleSection\":[\"Entrevista\"],\"inLanguage\":\"es\"},{\"@type\":\"WebPage\",\"@id\":\"https:\/\/www.cecotinternacionalitzacio.org\/es\/marc-renom\/\",\"url\":\"https:\/\/www.cecotinternacionalitzacio.org\/es\/marc-renom\/\",\"name\":\"Mark Renom: \\\"L\u2019an\u00e0lisi previ del mercat \u00e9s essencial\\\" - Club Cecot Internacionalitzaci\u00f3\",\"isPartOf\":{\"@id\":\"https:\/\/www.cecotinternacionalitzacio.org\/#website\"},\"datePublished\":\"2017-04-28T09:51:55+00:00\",\"dateModified\":\"2017-04-28T12:17:49+00:00\",\"breadcrumb\":{\"@id\":\"https:\/\/www.cecotinternacionalitzacio.org\/es\/marc-renom\/#breadcrumb\"},\"inLanguage\":\"es\",\"potentialAction\":[{\"@type\":\"ReadAction\",\"target\":[\"https:\/\/www.cecotinternacionalitzacio.org\/es\/marc-renom\/\"]}]},{\"@type\":\"BreadcrumbList\",\"@id\":\"https:\/\/www.cecotinternacionalitzacio.org\/es\/marc-renom\/#breadcrumb\",\"itemListElement\":[{\"@type\":\"ListItem\",\"position\":1,\"name\":\"Inici\",\"item\":\"https:\/\/www.cecotinternacionalitzacio.org\/es\/\"},{\"@type\":\"ListItem\",\"position\":2,\"name\":\"Mark Renom: \u00abL\u2019an\u00e0lisi previ del mercat \u00e9s essencial\u00bb\"}]},{\"@type\":\"WebSite\",\"@id\":\"https:\/\/www.cecotinternacionalitzacio.org\/#website\",\"url\":\"https:\/\/www.cecotinternacionalitzacio.org\/\",\"name\":\"Club Cecot Internacionalitzaci\u00f3\",\"description\":\"Un f\u00f2rum d\u2019intercanvi d\u2019experi\u00e8ncies sobre l\u2019activitat exportadora de les empreses\",\"publisher\":{\"@id\":\"https:\/\/www.cecotinternacionalitzacio.org\/#organization\"},\"potentialAction\":[{\"@type\":\"SearchAction\",\"target\":{\"@type\":\"EntryPoint\",\"urlTemplate\":\"https:\/\/www.cecotinternacionalitzacio.org\/?s={search_term_string}\"},\"query-input\":\"required name=search_term_string\"}],\"inLanguage\":\"es\"},{\"@type\":\"Organization\",\"@id\":\"https:\/\/www.cecotinternacionalitzacio.org\/#organization\",\"name\":\"Club Cecot Internacionalitzaci\u00f3\",\"url\":\"https:\/\/www.cecotinternacionalitzacio.org\/\",\"sameAs\":[],\"logo\":{\"@type\":\"ImageObject\",\"inLanguage\":\"es\",\"@id\":\"https:\/\/www.cecotinternacionalitzacio.org\/#\/schema\/logo\/image\/\",\"url\":\"https:\/\/www.cecotinternacionalitzacio.org\/wp-content\/uploads\/2015\/07\/Logo_Club_Int_165x60.png\",\"contentUrl\":\"https:\/\/www.cecotinternacionalitzacio.org\/wp-content\/uploads\/2015\/07\/Logo_Club_Int_165x60.png\",\"width\":165,\"height\":60,\"caption\":\"Club Cecot Internacionalitzaci\u00f3\"},\"image\":{\"@id\":\"https:\/\/www.cecotinternacionalitzacio.org\/#\/schema\/logo\/image\/\"}},{\"@type\":\"Person\",\"@id\":\"https:\/\/www.cecotinternacionalitzacio.org\/#\/schema\/person\/58d3621fb781542573f7224385ca68a2\",\"name\":\"Club Cecot Inter.\",\"image\":{\"@type\":\"ImageObject\",\"inLanguage\":\"es\",\"@id\":\"https:\/\/www.cecotinternacionalitzacio.org\/#\/schema\/person\/image\/\",\"url\":\"https:\/\/secure.gravatar.com\/avatar\/eacff8e73673ab09c1390cb7cd7b0fa00a987ef31f2368f5eeb668bbdb15ceec?s=96&r=g\",\"contentUrl\":\"https:\/\/secure.gravatar.com\/avatar\/eacff8e73673ab09c1390cb7cd7b0fa00a987ef31f2368f5eeb668bbdb15ceec?s=96&r=g\",\"caption\":\"Club Cecot Inter.\"},\"url\":\"https:\/\/www.cecotinternacionalitzacio.org\/es\/author\/club_admin\/\"}]}<\/script>\n<!-- \/ Yoast SEO plugin. -->","yoast_head_json":{"title":"Mark Renom: \"L\u2019an\u00e0lisi previ del mercat \u00e9s essencial\" - Club Cecot Internacionalitzaci\u00f3","robots":{"index":"noindex","follow":"follow","max-snippet":"max-snippet:-1","max-image-preview":"max-image-preview:large","max-video-preview":"max-video-preview:-1"},"og_locale":"es_ES","og_type":"article","og_title":"Mark Renom: \"L\u2019an\u00e0lisi previ del mercat \u00e9s essencial\" - Club Cecot Internacionalitzaci\u00f3","og_description":"Mark Renom, Export Manager \u00a0de l&#8217;empresa KEYA KEYA va ser fundada el 1965 com a fabricant de panys. En aquells temps, la producci\u00f3 estava orientada als panys de pestell per a fabricants de mobiliari. Passat aquest primer per\u00edode i seguint les necessitats emergents del mercat de l\u2019\u00e8poca, vam decidir comen\u00e7ar una nova l\u00ednia de productes: &hellip;... Llegir m\u00e9s &raquo;","og_url":"https:\/\/www.cecotinternacionalitzacio.org\/es\/marc-renom\/","og_site_name":"Club Cecot Internacionalitzaci\u00f3","article_published_time":"2017-04-28T09:51:55+00:00","article_modified_time":"2017-04-28T12:17:49+00:00","og_image":[{"url":"https:\/\/www.cecotinternacionalitzacio.org\/wp-content\/uploads\/2017\/04\/MARK-RENOM.jpg"}],"author":"Club Cecot Inter.","twitter_card":"summary","twitter_misc":{"Escrito por":"Club Cecot Inter.","Tiempo de lectura":"3 minutos"},"schema":{"@context":"https:\/\/schema.org","@graph":[{"@type":"Article","@id":"https:\/\/www.cecotinternacionalitzacio.org\/es\/marc-renom\/#article","isPartOf":{"@id":"https:\/\/www.cecotinternacionalitzacio.org\/es\/marc-renom\/"},"author":{"name":"Club Cecot Inter.","@id":"https:\/\/www.cecotinternacionalitzacio.org\/#\/schema\/person\/58d3621fb781542573f7224385ca68a2"},"headline":"Mark Renom: \u00abL\u2019an\u00e0lisi previ del mercat \u00e9s essencial\u00bb","datePublished":"2017-04-28T09:51:55+00:00","dateModified":"2017-04-28T12:17:49+00:00","mainEntityOfPage":{"@id":"https:\/\/www.cecotinternacionalitzacio.org\/es\/marc-renom\/"},"wordCount":604,"publisher":{"@id":"https:\/\/www.cecotinternacionalitzacio.org\/#organization"},"keywords":["cecot","Internacionalitzaci\u00f3","Keya","Marc renom","Mark renom"],"articleSection":["Entrevista"],"inLanguage":"es"},{"@type":"WebPage","@id":"https:\/\/www.cecotinternacionalitzacio.org\/es\/marc-renom\/","url":"https:\/\/www.cecotinternacionalitzacio.org\/es\/marc-renom\/","name":"Mark Renom: \"L\u2019an\u00e0lisi previ del mercat \u00e9s essencial\" - Club Cecot Internacionalitzaci\u00f3","isPartOf":{"@id":"https:\/\/www.cecotinternacionalitzacio.org\/#website"},"datePublished":"2017-04-28T09:51:55+00:00","dateModified":"2017-04-28T12:17:49+00:00","breadcrumb":{"@id":"https:\/\/www.cecotinternacionalitzacio.org\/es\/marc-renom\/#breadcrumb"},"inLanguage":"es","potentialAction":[{"@type":"ReadAction","target":["https:\/\/www.cecotinternacionalitzacio.org\/es\/marc-renom\/"]}]},{"@type":"BreadcrumbList","@id":"https:\/\/www.cecotinternacionalitzacio.org\/es\/marc-renom\/#breadcrumb","itemListElement":[{"@type":"ListItem","position":1,"name":"Inici","item":"https:\/\/www.cecotinternacionalitzacio.org\/es\/"},{"@type":"ListItem","position":2,"name":"Mark Renom: \u00abL\u2019an\u00e0lisi previ del mercat \u00e9s essencial\u00bb"}]},{"@type":"WebSite","@id":"https:\/\/www.cecotinternacionalitzacio.org\/#website","url":"https:\/\/www.cecotinternacionalitzacio.org\/","name":"Club Cecot Internacionalitzaci\u00f3","description":"Un f\u00f2rum d\u2019intercanvi d\u2019experi\u00e8ncies sobre l\u2019activitat exportadora de les empreses","publisher":{"@id":"https:\/\/www.cecotinternacionalitzacio.org\/#organization"},"potentialAction":[{"@type":"SearchAction","target":{"@type":"EntryPoint","urlTemplate":"https:\/\/www.cecotinternacionalitzacio.org\/?s={search_term_string}"},"query-input":"required name=search_term_string"}],"inLanguage":"es"},{"@type":"Organization","@id":"https:\/\/www.cecotinternacionalitzacio.org\/#organization","name":"Club Cecot Internacionalitzaci\u00f3","url":"https:\/\/www.cecotinternacionalitzacio.org\/","sameAs":[],"logo":{"@type":"ImageObject","inLanguage":"es","@id":"https:\/\/www.cecotinternacionalitzacio.org\/#\/schema\/logo\/image\/","url":"https:\/\/www.cecotinternacionalitzacio.org\/wp-content\/uploads\/2015\/07\/Logo_Club_Int_165x60.png","contentUrl":"https:\/\/www.cecotinternacionalitzacio.org\/wp-content\/uploads\/2015\/07\/Logo_Club_Int_165x60.png","width":165,"height":60,"caption":"Club Cecot Internacionalitzaci\u00f3"},"image":{"@id":"https:\/\/www.cecotinternacionalitzacio.org\/#\/schema\/logo\/image\/"}},{"@type":"Person","@id":"https:\/\/www.cecotinternacionalitzacio.org\/#\/schema\/person\/58d3621fb781542573f7224385ca68a2","name":"Club Cecot Inter.","image":{"@type":"ImageObject","inLanguage":"es","@id":"https:\/\/www.cecotinternacionalitzacio.org\/#\/schema\/person\/image\/","url":"https:\/\/secure.gravatar.com\/avatar\/eacff8e73673ab09c1390cb7cd7b0fa00a987ef31f2368f5eeb668bbdb15ceec?s=96&r=g","contentUrl":"https:\/\/secure.gravatar.com\/avatar\/eacff8e73673ab09c1390cb7cd7b0fa00a987ef31f2368f5eeb668bbdb15ceec?s=96&r=g","caption":"Club Cecot Inter."},"url":"https:\/\/www.cecotinternacionalitzacio.org\/es\/author\/club_admin\/"}]}},"_links":{"self":[{"href":"https:\/\/www.cecotinternacionalitzacio.org\/es\/wp-json\/wp\/v2\/posts\/4701","targetHints":{"allow":["GET"]}}],"collection":[{"href":"https:\/\/www.cecotinternacionalitzacio.org\/es\/wp-json\/wp\/v2\/posts"}],"about":[{"href":"https:\/\/www.cecotinternacionalitzacio.org\/es\/wp-json\/wp\/v2\/types\/post"}],"author":[{"embeddable":true,"href":"https:\/\/www.cecotinternacionalitzacio.org\/es\/wp-json\/wp\/v2\/users\/1"}],"replies":[{"embeddable":true,"href":"https:\/\/www.cecotinternacionalitzacio.org\/es\/wp-json\/wp\/v2\/comments?post=4701"}],"version-history":[{"count":0,"href":"https:\/\/www.cecotinternacionalitzacio.org\/es\/wp-json\/wp\/v2\/posts\/4701\/revisions"}],"wp:attachment":[{"href":"https:\/\/www.cecotinternacionalitzacio.org\/es\/wp-json\/wp\/v2\/media?parent=4701"}],"wp:term":[{"taxonomy":"category","embeddable":true,"href":"https:\/\/www.cecotinternacionalitzacio.org\/es\/wp-json\/wp\/v2\/categories?post=4701"},{"taxonomy":"post_tag","embeddable":true,"href":"https:\/\/www.cecotinternacionalitzacio.org\/es\/wp-json\/wp\/v2\/tags?post=4701"}],"curies":[{"name":"wp","href":"https:\/\/api.w.org\/{rel}","templated":true}]}}