{"id":4721,"date":"2017-04-28T11:14:45","date_gmt":"2017-04-28T11:14:45","guid":{"rendered":"http:\/\/www.cecotinternacionalitzacio.org\/?p=4721\/"},"modified":"2017-05-02T06:50:13","modified_gmt":"2017-05-02T06:50:13","slug":"4721","status":"publish","type":"post","link":"https:\/\/www.cecotinternacionalitzacio.org\/es\/4721\/","title":{"rendered":"MERCATS ALTERNATIUS A EUROPA"},"content":{"rendered":"<p style=\"text-align: justify;\">Plantejar-se cr\u00e9ixer internacionalment en mercats alternatius als europeus,\u00a0 \u00a0requereix fer una reflexi\u00f3 pr\u00e8via i contestar alguna de les preguntes que s\u2019han plantejat durant el desenvolupament d\u2019aquest Workshop, i al que han assistit empreses exportadores que tenen centrada la seva activitat exportadora principalment a Europa.<!--more--><\/p>\n<p style=\"text-align: justify;\"><strong>Per qu\u00e8 haur\u00edem de pensar en mercats alternatius a Europea?<\/strong><\/p>\n<p style=\"text-align: justify;\">Algunes de les idees en les que els participants han estat d\u2019 acord \u00e9s que els canvis socials i tecnol\u00f2gics far\u00e0 que els nostres actuals mercats canvi\u00efn r\u00e0pidament i que les oportunitats per al nostre negoci canvi\u00efn tamb\u00e9 de \u00a0localitzaci\u00f3.<\/p>\n<p style=\"text-align: justify;\">Per tant, la \u00fanica manera d\u2019estar preparats i informats \u00e9s provant i tastant mercats m\u00e9s llunyans i deferents als nostres. Amb aix\u00f2 aconseguirem crear m\u00fascul a dins l\u2019empresa per afrontar nous reptes, ser m\u00e9s competitius i estar al dia de les tend\u00e8ncies internacionals.<\/p>\n<p style=\"text-align: justify;\">Es \u00f2bviament un esfor\u00e7 per a la PIME, per\u00f2 un esfor\u00e7 necessari en aquets entorn VUCA d\u2019incertesa i volatilitat continua.<\/p>\n<p style=\"text-align: justify;\">Molts productes ja neixen internacionals i en molts casos ja no te sentit diferenciar entre l\u2019activitat dom\u00e8stica i la internacional, coneixem m\u00e9s d\u2019un exemple al respecte.<\/p>\n<p style=\"text-align: justify;\"><strong>Quins s\u00f3n els reptes que hem d\u2019afrontar i que hem de canviar per poder exportar a mercats diferents?<\/strong><\/p>\n<p style=\"text-align: justify;\">Cal fer una reflexi\u00f3 pr\u00e8via implicant a tot l\u2019equip de l\u2019empresa i es requereix especialment\u00a0 el convenciment de la direcci\u00f3 general, sin\u00f3 resultar\u00e0 impossible.<\/p>\n<p style=\"text-align: justify;\">Per comen\u00e7ar cal tenir persones preparades per fer front a la complexitat dels processos log\u00edstics i administratius. I per aix\u00f2 cal formaci\u00f3 de les persones de l\u2019empresa que es veuran afectades per a aquesta nova activitat. Es recomana la participaci\u00f3 en cursos i seminaris de car\u00e0cter pr\u00e0ctic.<\/p>\n<p style=\"text-align: justify;\">Un punt b\u00e0sic i imprescindible \u00e9s incorporar a l\u2019 empresa una cultura oberta, sense prejudicis , sensible al que \u00e9s diferent i curiositat per saber el que necessita l\u2019altre que no \u00e9s com nosaltres.<\/p>\n<p style=\"text-align: justify;\">\u00c8s b\u00e0sic saber identificar a les nostres organitzacions les persones que tenen intu\u00efci\u00f3 a l\u2019hora de detectar quins son els mercats que m\u00e9s poden funcionar. I tenir persones en les que es pugui delegar ja que els mercats llunyans requeriran molta dedicaci\u00f3 en viatges i formaci\u00f3 dels col\u00b7laboradors locals. Cal tenir resolt el suport a nivell de back office.<\/p>\n<p style=\"text-align: justify;\"><strong>Quins s\u00f3n els factors claus?<\/strong><\/p>\n<p style=\"text-align: justify;\">Saber con\u00e8ixer i identificar les oportunitats a cada pa\u00eds requereix\u00a0 trepitjar el terreny , no es poden prendre decisions sobre el paper.<\/p>\n<p style=\"text-align: justify;\">Cal que l\u2019empresa tingui flexibilitat i s\u00e0piga adaptar-se de forma continua a les noves necessitats i reptes que ens plantejar\u00e0 el nou mercat.<\/p>\n<p style=\"text-align: justify;\">Disposar d\u2019un <em>country manager<\/em> amb talent i motivaci\u00f3 per construir un mercat local amb \u00e8xit, \u00e9s una de les claus principals.<\/p>\n<p style=\"text-align: justify;\">Saber liderar i transmetre la maduresa i el <em>know how<\/em> del nostre producte es tamb\u00e9 b\u00e0sic. No \u00e9s suficient en fer un bon producte.<\/p>\n<p style=\"text-align: justify;\">Desig de participar en la cultura del pa\u00eds per part del quadre directiu \u00e9s necessari per assolir uns resultats a mig termini. I tenir una clara estrat\u00e8gia de marca \u00a0tamb\u00e9.<\/p>\n<p style=\"text-align: justify;\">I una cosa molt b\u00e0sica per\u00f2 imprescindible, centrar-nos en el qu\u00e8 sabem fer b\u00e9 i focalitzar tot l\u2019esfor\u00e7 en aix\u00f2.<\/p>\n<p style=\"text-align: justify;\">S\u2019ha de disposar tamb\u00e9 d\u2019un coneixement a l\u2019empresa per treballar en entorns multi-moneda i estar disposats a una cont\u00ednua re definici\u00f3 del model industrial.<\/p>\n<p style=\"text-align: justify;\">Des del punt de vista regulatori hi ha acord en qu\u00e8 els mercats m\u00e9s complicats s\u00f3n EEUU, Canad\u00e0, Brasil, Argentina i Austr\u00e0lia.<\/p>\n<p style=\"text-align: justify;\">Mercats poc complexes des d\u2019 aquest punt de vista son els de Midle-East i Sud\u00e0frica.<\/p>\n<p style=\"text-align: justify;\">Jap\u00f3 \u00e9s un mercat amb moltes oportunitats per\u00f2 \u00e9s de consum previsible i el tancament propi de la seva cultura o idiosincr\u00e0sia fa imprescindible anar de la ma d\u2019 un local que ens permeti descobrir el pa\u00eds i ser acceptats entre ells.<\/p>\n<p style=\"text-align: justify;\">La Xina te un model de consum previsible i tot que \u00e9s un mercat complicat permet descobrir-lo anant sol a diferencia de Jap\u00f3.<\/p>\n<p style=\"text-align: justify;\">La \u00cdndia \u00e9s un mercat molt complexa, no des del punt de vista regulatori ( nom\u00e9s en alguns sectors molt concrets) per\u00f2 si a l\u2019 hora de saber escollir l\u2019intermediari que ens interessa, tamb\u00e9 des de el punt de vista log\u00edstic, barreres d`entrada entre els propis territoris de la \u00cdndia. No obstant \u00e9s un mercat de moltes oportunitats.<\/p>\n<p style=\"text-align: justify;\">R\u00fassia \u00e9s un mercat molt c\u00edclic. La recomanaci\u00f3 \u00e9s cobrar sempre per endavant. NO es poden assumir riscos.<\/p>\n<p style=\"text-align: justify;\">Al mercat de M\u00e8xic \u00e9s dif\u00edcil trobar bons representants.<\/p>\n<p style=\"text-align: justify;\">Finalment s\u2019ha estat d\u2019acord en qu\u00e8 avui dia la consideraci\u00f3 del risc pol\u00edtic \u00e9s un aspecte que ha agafat una import\u00e0ncia rellevant en els \u00faltims temps, a diferencia de fa uns anys quan l&#8217;estabilitat pol\u00edtica i econ\u00f2mica era molt mes gran. Aquest \u00e9s un fet destacat pel responsable de Cesce qui ha confirmat un increment considerable de les cobertures de risc pol\u00edtic en els \u00faltims temps.<\/p>\n<p style=\"text-align: justify;\">Aquestes s\u00f3n les principals reflexions i conclusions extretes del workshop que ha estat dinamitzat pel Sr. Pere Ballart de l\u2019empresa Fluidra i on han participat les seg\u00fcents empreses:<\/p>\n<ul>\n<li><strong>Fluidra, S.A<\/strong><\/li>\n<li><strong>Cesce<\/strong><\/li>\n<li><strong>Creaciones de Velours Industriales, S.A<\/strong><\/li>\n<li><strong>Polinter, S.A<\/strong><\/li>\n<li><strong>Col\u00b7legi Aparelladors Arquitectes T\u00e8cnics i Enginyers d&#8217;Edificaci\u00f3 de Barcelona<\/strong><\/li>\n<li><strong>Radiadores Cerezo, S.A<\/strong><\/li>\n<li><strong>Conectividad y Comunicaciones Concom, S.A<\/strong><\/li>\n<li><strong>Keya- Talleres Absa, S.A<\/strong><\/li>\n<li><strong>Cecot<\/strong><\/li>\n<li><strong>Pla Metall<\/strong><\/li>\n<\/ul>\n","protected":false},"excerpt":{"rendered":"<p>Plantejar-se cr\u00e9ixer internacionalment en mercats alternatius als europeus,\u00a0 \u00a0requereix fer una reflexi\u00f3 pr\u00e8via i contestar alguna de les preguntes que s\u2019han plantejat durant el desenvolupament d\u2019aquest Workshop, i al que han assistit empreses exportadores que tenen centrada la seva activitat exportadora principalment a Europa&#8230;. <a class=\"moretag\" href=\"https:\/\/www.cecotinternacionalitzacio.org\/es\/4721\/\"><br \/>Llegir m\u00e9s &raquo;<\/a><\/p>\n","protected":false},"author":1,"featured_media":4726,"comment_status":"closed","ping_status":"closed","sticky":false,"template":"","format":"standard","meta":{"_acf_changed":false,"_exactmetrics_skip_tracking":false,"_exactmetrics_sitenote_active":false,"_exactmetrics_sitenote_note":"","_exactmetrics_sitenote_category":0,"footnotes":""},"categories":[196],"tags":[113,116,120,248],"class_list":["post-4721","post","type-post","status-publish","format-standard","has-post-thumbnail","hentry","category-temes-a-fons","tag-cecot","tag-fluidra","tag-internacionalitzacio","tag-workshop"],"acf":[],"yoast_head":"<!-- This site is optimized with the Yoast SEO plugin v19.6.1 - https:\/\/yoast.com\/wordpress\/plugins\/seo\/ -->\n<title>MERCATS ALTERNATIUS A EUROPA - Club Cecot Internacionalitzaci\u00f3<\/title>\n<meta name=\"robots\" content=\"noindex, follow, max-snippet:-1, max-image-preview:large, max-video-preview:-1\" \/>\n<meta property=\"og:locale\" content=\"es_ES\" \/>\n<meta property=\"og:type\" content=\"article\" \/>\n<meta property=\"og:title\" content=\"MERCATS ALTERNATIUS A EUROPA - Club Cecot Internacionalitzaci\u00f3\" \/>\n<meta property=\"og:description\" content=\"Plantejar-se cr\u00e9ixer internacionalment en mercats alternatius als europeus,\u00a0 \u00a0requereix fer una reflexi\u00f3 pr\u00e8via i contestar alguna de les preguntes que s\u2019han plantejat durant el desenvolupament d\u2019aquest Workshop, i al que han assistit empreses exportadores que tenen centrada la seva activitat exportadora principalment a Europa.... Llegir m\u00e9s &raquo;\" \/>\n<meta property=\"og:url\" content=\"https:\/\/www.cecotinternacionalitzacio.org\/es\/4721\/\" \/>\n<meta property=\"og:site_name\" content=\"Club Cecot Internacionalitzaci\u00f3\" \/>\n<meta property=\"article:published_time\" content=\"2017-04-28T11:14:45+00:00\" \/>\n<meta property=\"article:modified_time\" content=\"2017-05-02T06:50:13+00:00\" \/>\n<meta property=\"og:image\" content=\"https:\/\/www.cecotinternacionalitzacio.org\/wp-content\/uploads\/2017\/04\/work.jpg\" \/>\n\t<meta property=\"og:image:width\" content=\"434\" \/>\n\t<meta property=\"og:image:height\" content=\"281\" \/>\n\t<meta property=\"og:image:type\" content=\"image\/jpeg\" \/>\n<meta name=\"author\" content=\"Club Cecot Inter.\" \/>\n<meta name=\"twitter:card\" content=\"summary\" \/>\n<meta name=\"twitter:label1\" content=\"Escrito por\" \/>\n\t<meta name=\"twitter:data1\" content=\"Club Cecot Inter.\" \/>\n\t<meta name=\"twitter:label2\" content=\"Tiempo de lectura\" \/>\n\t<meta name=\"twitter:data2\" content=\"5 minutos\" \/>\n<script type=\"application\/ld+json\" class=\"yoast-schema-graph\">{\"@context\":\"https:\/\/schema.org\",\"@graph\":[{\"@type\":\"Article\",\"@id\":\"https:\/\/www.cecotinternacionalitzacio.org\/es\/4721\/#article\",\"isPartOf\":{\"@id\":\"https:\/\/www.cecotinternacionalitzacio.org\/es\/4721\/\"},\"author\":{\"name\":\"Club Cecot Inter.\",\"@id\":\"https:\/\/www.cecotinternacionalitzacio.org\/#\/schema\/person\/58d3621fb781542573f7224385ca68a2\"},\"headline\":\"MERCATS ALTERNATIUS A EUROPA\",\"datePublished\":\"2017-04-28T11:14:45+00:00\",\"dateModified\":\"2017-05-02T06:50:13+00:00\",\"mainEntityOfPage\":{\"@id\":\"https:\/\/www.cecotinternacionalitzacio.org\/es\/4721\/\"},\"wordCount\":934,\"publisher\":{\"@id\":\"https:\/\/www.cecotinternacionalitzacio.org\/#organization\"},\"keywords\":[\"cecot\",\"fluidra\",\"Internacionalitzaci\u00f3\",\"workshop\"],\"articleSection\":[\"Temes a fons\"],\"inLanguage\":\"es\"},{\"@type\":\"WebPage\",\"@id\":\"https:\/\/www.cecotinternacionalitzacio.org\/es\/4721\/\",\"url\":\"https:\/\/www.cecotinternacionalitzacio.org\/es\/4721\/\",\"name\":\"MERCATS ALTERNATIUS A EUROPA - Club Cecot Internacionalitzaci\u00f3\",\"isPartOf\":{\"@id\":\"https:\/\/www.cecotinternacionalitzacio.org\/#website\"},\"datePublished\":\"2017-04-28T11:14:45+00:00\",\"dateModified\":\"2017-05-02T06:50:13+00:00\",\"breadcrumb\":{\"@id\":\"https:\/\/www.cecotinternacionalitzacio.org\/es\/4721\/#breadcrumb\"},\"inLanguage\":\"es\",\"potentialAction\":[{\"@type\":\"ReadAction\",\"target\":[\"https:\/\/www.cecotinternacionalitzacio.org\/es\/4721\/\"]}]},{\"@type\":\"BreadcrumbList\",\"@id\":\"https:\/\/www.cecotinternacionalitzacio.org\/es\/4721\/#breadcrumb\",\"itemListElement\":[{\"@type\":\"ListItem\",\"position\":1,\"name\":\"Inici\",\"item\":\"https:\/\/www.cecotinternacionalitzacio.org\/es\/\"},{\"@type\":\"ListItem\",\"position\":2,\"name\":\"MERCATS ALTERNATIUS A EUROPA\"}]},{\"@type\":\"WebSite\",\"@id\":\"https:\/\/www.cecotinternacionalitzacio.org\/#website\",\"url\":\"https:\/\/www.cecotinternacionalitzacio.org\/\",\"name\":\"Club Cecot Internacionalitzaci\u00f3\",\"description\":\"Un f\u00f2rum d\u2019intercanvi d\u2019experi\u00e8ncies sobre l\u2019activitat exportadora de les empreses\",\"publisher\":{\"@id\":\"https:\/\/www.cecotinternacionalitzacio.org\/#organization\"},\"potentialAction\":[{\"@type\":\"SearchAction\",\"target\":{\"@type\":\"EntryPoint\",\"urlTemplate\":\"https:\/\/www.cecotinternacionalitzacio.org\/?s={search_term_string}\"},\"query-input\":\"required name=search_term_string\"}],\"inLanguage\":\"es\"},{\"@type\":\"Organization\",\"@id\":\"https:\/\/www.cecotinternacionalitzacio.org\/#organization\",\"name\":\"Club Cecot Internacionalitzaci\u00f3\",\"url\":\"https:\/\/www.cecotinternacionalitzacio.org\/\",\"sameAs\":[],\"logo\":{\"@type\":\"ImageObject\",\"inLanguage\":\"es\",\"@id\":\"https:\/\/www.cecotinternacionalitzacio.org\/#\/schema\/logo\/image\/\",\"url\":\"https:\/\/www.cecotinternacionalitzacio.org\/wp-content\/uploads\/2015\/07\/Logo_Club_Int_165x60.png\",\"contentUrl\":\"https:\/\/www.cecotinternacionalitzacio.org\/wp-content\/uploads\/2015\/07\/Logo_Club_Int_165x60.png\",\"width\":165,\"height\":60,\"caption\":\"Club Cecot Internacionalitzaci\u00f3\"},\"image\":{\"@id\":\"https:\/\/www.cecotinternacionalitzacio.org\/#\/schema\/logo\/image\/\"}},{\"@type\":\"Person\",\"@id\":\"https:\/\/www.cecotinternacionalitzacio.org\/#\/schema\/person\/58d3621fb781542573f7224385ca68a2\",\"name\":\"Club Cecot Inter.\",\"image\":{\"@type\":\"ImageObject\",\"inLanguage\":\"es\",\"@id\":\"https:\/\/www.cecotinternacionalitzacio.org\/#\/schema\/person\/image\/\",\"url\":\"https:\/\/secure.gravatar.com\/avatar\/eacff8e73673ab09c1390cb7cd7b0fa00a987ef31f2368f5eeb668bbdb15ceec?s=96&r=g\",\"contentUrl\":\"https:\/\/secure.gravatar.com\/avatar\/eacff8e73673ab09c1390cb7cd7b0fa00a987ef31f2368f5eeb668bbdb15ceec?s=96&r=g\",\"caption\":\"Club Cecot Inter.\"},\"url\":\"https:\/\/www.cecotinternacionalitzacio.org\/es\/author\/club_admin\/\"}]}<\/script>\n<!-- \/ Yoast SEO plugin. -->","yoast_head_json":{"title":"MERCATS ALTERNATIUS A EUROPA - Club Cecot Internacionalitzaci\u00f3","robots":{"index":"noindex","follow":"follow","max-snippet":"max-snippet:-1","max-image-preview":"max-image-preview:large","max-video-preview":"max-video-preview:-1"},"og_locale":"es_ES","og_type":"article","og_title":"MERCATS ALTERNATIUS A EUROPA - Club Cecot Internacionalitzaci\u00f3","og_description":"Plantejar-se cr\u00e9ixer internacionalment en mercats alternatius als europeus,\u00a0 \u00a0requereix fer una reflexi\u00f3 pr\u00e8via i contestar alguna de les preguntes que s\u2019han plantejat durant el desenvolupament d\u2019aquest Workshop, i al que han assistit empreses exportadores que tenen centrada la seva activitat exportadora principalment a Europa.... Llegir m\u00e9s &raquo;","og_url":"https:\/\/www.cecotinternacionalitzacio.org\/es\/4721\/","og_site_name":"Club Cecot Internacionalitzaci\u00f3","article_published_time":"2017-04-28T11:14:45+00:00","article_modified_time":"2017-05-02T06:50:13+00:00","og_image":[{"width":434,"height":281,"url":"https:\/\/www.cecotinternacionalitzacio.org\/wp-content\/uploads\/2017\/04\/work.jpg","type":"image\/jpeg"}],"author":"Club Cecot Inter.","twitter_card":"summary","twitter_misc":{"Escrito por":"Club Cecot Inter.","Tiempo de lectura":"5 minutos"},"schema":{"@context":"https:\/\/schema.org","@graph":[{"@type":"Article","@id":"https:\/\/www.cecotinternacionalitzacio.org\/es\/4721\/#article","isPartOf":{"@id":"https:\/\/www.cecotinternacionalitzacio.org\/es\/4721\/"},"author":{"name":"Club Cecot Inter.","@id":"https:\/\/www.cecotinternacionalitzacio.org\/#\/schema\/person\/58d3621fb781542573f7224385ca68a2"},"headline":"MERCATS ALTERNATIUS A EUROPA","datePublished":"2017-04-28T11:14:45+00:00","dateModified":"2017-05-02T06:50:13+00:00","mainEntityOfPage":{"@id":"https:\/\/www.cecotinternacionalitzacio.org\/es\/4721\/"},"wordCount":934,"publisher":{"@id":"https:\/\/www.cecotinternacionalitzacio.org\/#organization"},"keywords":["cecot","fluidra","Internacionalitzaci\u00f3","workshop"],"articleSection":["Temes a fons"],"inLanguage":"es"},{"@type":"WebPage","@id":"https:\/\/www.cecotinternacionalitzacio.org\/es\/4721\/","url":"https:\/\/www.cecotinternacionalitzacio.org\/es\/4721\/","name":"MERCATS ALTERNATIUS A EUROPA - Club Cecot Internacionalitzaci\u00f3","isPartOf":{"@id":"https:\/\/www.cecotinternacionalitzacio.org\/#website"},"datePublished":"2017-04-28T11:14:45+00:00","dateModified":"2017-05-02T06:50:13+00:00","breadcrumb":{"@id":"https:\/\/www.cecotinternacionalitzacio.org\/es\/4721\/#breadcrumb"},"inLanguage":"es","potentialAction":[{"@type":"ReadAction","target":["https:\/\/www.cecotinternacionalitzacio.org\/es\/4721\/"]}]},{"@type":"BreadcrumbList","@id":"https:\/\/www.cecotinternacionalitzacio.org\/es\/4721\/#breadcrumb","itemListElement":[{"@type":"ListItem","position":1,"name":"Inici","item":"https:\/\/www.cecotinternacionalitzacio.org\/es\/"},{"@type":"ListItem","position":2,"name":"MERCATS ALTERNATIUS A EUROPA"}]},{"@type":"WebSite","@id":"https:\/\/www.cecotinternacionalitzacio.org\/#website","url":"https:\/\/www.cecotinternacionalitzacio.org\/","name":"Club Cecot Internacionalitzaci\u00f3","description":"Un f\u00f2rum d\u2019intercanvi d\u2019experi\u00e8ncies sobre l\u2019activitat exportadora de les empreses","publisher":{"@id":"https:\/\/www.cecotinternacionalitzacio.org\/#organization"},"potentialAction":[{"@type":"SearchAction","target":{"@type":"EntryPoint","urlTemplate":"https:\/\/www.cecotinternacionalitzacio.org\/?s={search_term_string}"},"query-input":"required name=search_term_string"}],"inLanguage":"es"},{"@type":"Organization","@id":"https:\/\/www.cecotinternacionalitzacio.org\/#organization","name":"Club Cecot Internacionalitzaci\u00f3","url":"https:\/\/www.cecotinternacionalitzacio.org\/","sameAs":[],"logo":{"@type":"ImageObject","inLanguage":"es","@id":"https:\/\/www.cecotinternacionalitzacio.org\/#\/schema\/logo\/image\/","url":"https:\/\/www.cecotinternacionalitzacio.org\/wp-content\/uploads\/2015\/07\/Logo_Club_Int_165x60.png","contentUrl":"https:\/\/www.cecotinternacionalitzacio.org\/wp-content\/uploads\/2015\/07\/Logo_Club_Int_165x60.png","width":165,"height":60,"caption":"Club Cecot Internacionalitzaci\u00f3"},"image":{"@id":"https:\/\/www.cecotinternacionalitzacio.org\/#\/schema\/logo\/image\/"}},{"@type":"Person","@id":"https:\/\/www.cecotinternacionalitzacio.org\/#\/schema\/person\/58d3621fb781542573f7224385ca68a2","name":"Club Cecot Inter.","image":{"@type":"ImageObject","inLanguage":"es","@id":"https:\/\/www.cecotinternacionalitzacio.org\/#\/schema\/person\/image\/","url":"https:\/\/secure.gravatar.com\/avatar\/eacff8e73673ab09c1390cb7cd7b0fa00a987ef31f2368f5eeb668bbdb15ceec?s=96&r=g","contentUrl":"https:\/\/secure.gravatar.com\/avatar\/eacff8e73673ab09c1390cb7cd7b0fa00a987ef31f2368f5eeb668bbdb15ceec?s=96&r=g","caption":"Club Cecot Inter."},"url":"https:\/\/www.cecotinternacionalitzacio.org\/es\/author\/club_admin\/"}]}},"_links":{"self":[{"href":"https:\/\/www.cecotinternacionalitzacio.org\/es\/wp-json\/wp\/v2\/posts\/4721","targetHints":{"allow":["GET"]}}],"collection":[{"href":"https:\/\/www.cecotinternacionalitzacio.org\/es\/wp-json\/wp\/v2\/posts"}],"about":[{"href":"https:\/\/www.cecotinternacionalitzacio.org\/es\/wp-json\/wp\/v2\/types\/post"}],"author":[{"embeddable":true,"href":"https:\/\/www.cecotinternacionalitzacio.org\/es\/wp-json\/wp\/v2\/users\/1"}],"replies":[{"embeddable":true,"href":"https:\/\/www.cecotinternacionalitzacio.org\/es\/wp-json\/wp\/v2\/comments?post=4721"}],"version-history":[{"count":0,"href":"https:\/\/www.cecotinternacionalitzacio.org\/es\/wp-json\/wp\/v2\/posts\/4721\/revisions"}],"wp:featuredmedia":[{"embeddable":true,"href":"https:\/\/www.cecotinternacionalitzacio.org\/es\/wp-json\/wp\/v2\/media\/4726"}],"wp:attachment":[{"href":"https:\/\/www.cecotinternacionalitzacio.org\/es\/wp-json\/wp\/v2\/media?parent=4721"}],"wp:term":[{"taxonomy":"category","embeddable":true,"href":"https:\/\/www.cecotinternacionalitzacio.org\/es\/wp-json\/wp\/v2\/categories?post=4721"},{"taxonomy":"post_tag","embeddable":true,"href":"https:\/\/www.cecotinternacionalitzacio.org\/es\/wp-json\/wp\/v2\/tags?post=4721"}],"curies":[{"name":"wp","href":"https:\/\/api.w.org\/{rel}","templated":true}]}}