{"id":4784,"date":"2017-06-29T11:21:12","date_gmt":"2017-06-29T09:21:12","guid":{"rendered":"http:\/\/www.cecotinternacionalitzacio.org\/?p=4784\/"},"modified":"2018-06-29T12:29:25","modified_gmt":"2018-06-29T10:29:25","slug":"entrevista-alfonso-trivino","status":"publish","type":"post","link":"https:\/\/www.cecotinternacionalitzacio.org\/es\/entrevista-alfonso-trivino\/","title":{"rendered":"Entrevista a Alfonso Trivi\u00f1o: \u00abTenir definida la proposta de valor \u00e9s b\u00e0sic per iniciar-se en el comer\u00e7 exterior\u00bb"},"content":{"rendered":"<p><strong>Alfonso Trivi\u00f1o, \u00a0director de l&#8217;<a href=\"https:\/\/www.clie.es\">Editorial Clie<\/a><\/strong><br \/>\nAmb\u00a0m\u00e9s de 2.500 t\u00edtols publicats, Editorial CLIE \u00e9s, pel volum de t\u00edtols, la major casa editora al m\u00f3n de llibres cristians en espanyol. Est\u00e0 en possessi\u00f3 de la medalla de plata al m\u00e8rit exportador i va ser seleccionada per dos anys consecutius, 1996 i 1997, per votaci\u00f3 de les llibreries, com a <em>\u201cEditorial de l&#8217;Any\u201d<\/em> pel bon servei i qualitat de producte.<!--more--><\/p>\n<p><img loading=\"lazy\" decoding=\"async\" class=\"alignright size-full wp-image-4787\" src=\"https:\/\/www.cecotinternacionalitzacio.org\/wp-content\/uploads\/2017\/05\/Alfonso.jpg\" alt=\"\" width=\"249\" height=\"342\" srcset=\"https:\/\/www.cecotinternacionalitzacio.org\/wp-content\/uploads\/2017\/05\/Alfonso.jpg 249w, https:\/\/www.cecotinternacionalitzacio.org\/wp-content\/uploads\/2017\/05\/Alfonso-218x300.jpg 218w\" sizes=\"auto, (max-width: 249px) 100vw, 249px\" \/><strong>Quins productes comercialitza la seva empresa a l\u2019exterior?<\/strong><br \/>\nLa nostra resposta en un model de negoci \u201ctradicional i tancat \u201c seria que els nostres productes tangibles s\u00f3n llibres; ens dediquem al m\u00f3n editorial acad\u00e8mic amb una especialitat o expertise a l&#8217;\u00e0rea religiosa de la cultura b\u00edblica cristiana . Llibres en tres grans \u00e0rees:<\/p>\n<ul>\n<li>de consulta i refer\u00e8ncia b\u00edblica<\/li>\n<li>d&#8217;estudis b\u00edblics<\/li>\n<li>d&#8217;estudis teol\u00f2gics.<\/li>\n<\/ul>\n<p>I la interrelaci\u00f3 i interdepend\u00e8ncia d&#8217;aquesta disciplina amb moltes altres \u00e0rees com la filosofia , psicologia o sociologia, entre d\u2019altres.<\/p>\n<p>La nostra resposta en un model de negoci \u201c no tradicional i obert \u201c \u00e9s que els nostres productes no tangibles s\u00f3n \u201ccontingut\u201c; el que es coneix actualment al m\u00f3n editorial, de l&#8217;educaci\u00f3 i de la innovaci\u00f3 com un \u201ccontent provider\u201c; en altres paraules el nostre producte \u00e9s \u201cel coneixement i la transfer\u00e8ncia d&#8217;aquest coneixement\u201c.<\/p>\n<p><strong>Quan va iniciar-se en el comer\u00e7 exterior?<\/strong><br \/>\nL&#8217;empresa es va fundar al 1924 i encara que des dels inicis va haver-hi sempre la missi\u00f3 i visi\u00f3 empresarial i fundacional d&#8217;exportar, va ser a partir de la d\u00e8cada dels anys 70 on es va comen\u00e7ar a expandir l&#8217;exportaci\u00f3.<\/p>\n<p><strong>Actualment quin percentatge de la facturaci\u00f3 s&#8217;exporta?<\/strong><br \/>\nEl 80% ; centrat en tot el continent Americ\u00e0 ; des de Canad\u00e0 i Estats Units a Argentina i Xile.<\/p>\n<p><strong>Qu\u00e8 el va motivar per iniciar-se en el comer\u00e7 internacional?<\/strong><br \/>\nRebem una demanda externa que junts amb dos factors d&#8217;avantatge competitiu ;el vinculo cultural de l&#8217;idioma espanyol i la producci\u00f3 competitiva inicial d&#8217;ind\u00fastria d&#8217;impressi\u00f3 al nostre pa\u00eds.<\/p>\n<p>El que ens va permetre inicialment obrir canals de distribuci\u00f3 a l&#8217;exterior i un posicionament i reconeixement de la marca.<\/p>\n<p><strong>Va dissenyar un pla?<\/strong><br \/>\nEn els seus inicis el pla era la visi\u00f3 del fundador, la qual amb el pas dels anys i la professionalitzaci\u00f3 de l&#8217;empresa familiar i de la seva transformaci\u00f3 a una fundaci\u00f3 empresarial ha portat a incorporar metodologies i plans d&#8217;expansi\u00f3.<\/p>\n<p><strong>Quins beneficis considera que li aporta?<\/strong><br \/>\nA nivell empresarial, economies d&#8217;escala, diversificaci\u00f3 de mercats i riscos, i oportunitats de nous mercats de creixement.<\/p>\n<p>A nivell intern crear una cultura empresarial basada en compet\u00e8ncies indispensables per al m\u00f3n empresarial actual de la globalitzaci\u00f3 com s\u00f3n: \u201ccross cultural mind\u201c, \u201cla deslocalitzaci\u00f3\u201c, \u201cla flexibilitat\u201c o en altres paraules intentar ser una empresa \u201cGlocal\u201c que pensa globalment i actua localment.<\/p>\n<p>A altres nivells l&#8217;intercanvi cultural i exposici\u00f3 a altres formes de fer i pensar que ens obliga a estar en un actitud d&#8217;aprenentatge constant , i tamb\u00e9 a un sentiment de reconeixement i satisfacci\u00f3 de l&#8217;empresa.<\/p>\n<p>Un exemple pr\u00e0ctic \u00e9s que vam haver de deslocalitzar la impressi\u00f3 i producci\u00f3 de llibres a Espanya a partir de l&#8217;any 2008 a causa de l&#8217;increment de la divisa $ versus \u20ac que va arribar a estar $ 1,6.<\/p>\n<p><strong>Quins s\u00f3n els errors que hauria volgut evitar?<\/strong><br \/>\nErrors hem com\u00e8s molts com tots en la vida, l&#8217;important \u00e9s saber aprendre d&#8217;ells. Aprendre que cada pa\u00eds t\u00e9 les seves pr\u00f2pia cultura, voler entendre&#8217;ls i escoltar-los \u00e9s fonamental. Ho resumim en una frase del filosofo Karl Ppoper: \u201cNuestro conocimiento es necesariamente finito mientras que nuestra ignoracia es necess\u00e0riament infinita\u201d.<\/p>\n<p><strong>Compta amb un departament d&#8217;exportacions o persona responsable dels exportacions?<\/strong><br \/>\nS\u00ed.<\/p>\n<p><strong>A quins pa\u00efsos exporta actualment?<\/strong><br \/>\nEstem exportant a uns 35 pa\u00efsos del continent Americ\u00e0.<\/p>\n<p><strong>Quins reptes ha hagut de superar en els mercats exteriors?<\/strong><br \/>\nHi ha dos grans reptes que estem intentant superar des d&#8217;una visi\u00f3 constructiva i positiva per fer d&#8217;aquests reptes oportunitats i adaptar-nos a l&#8217;entorn canviant del nostre sector:<\/p>\n<ul>\n<li>La compet\u00e8ncia de grans grups editorials a Estats Units amb un gran know how del sector i amb un mercat propi intern molt fort, amb gran capitalitzaci\u00f3 econ\u00f2mica i de contingut editorial. Hem passat de competir en un entorn de les petites i mitjanes a competir amb grups Industrials i Internacionals que han obert divisions en el nostre n\u00ednxol de mercat i en espanyol.<\/li>\n<li>Les noves tecnologies i models disruptius de negocis que han canviant la cultura del client i els models de negoci del sector del llibre; exemples com el llibre digital o el model Amazon.<\/li>\n<\/ul>\n<p><strong>Quin considera que \u00e9s el seu avantatge competitiu internacional, \u00a0qu\u00e8 diferencia els seus productes o la seva oferta?<\/strong><br \/>\nL&#8217;especialitzaci\u00f3 tem\u00e0tica i la qualitat del contingut que ha refor\u00e7at el prestigi de la marca CLIE. Tamb\u00e9 en els \u00faltims anys una decisi\u00f3 de ser refer\u00e8ncia en el nostre sector editorial amb la \u00a0incorporaci\u00f3 de R+D+I en els nostres continguts i en la transfer\u00e8ncia d&#8217;aquests continguts de forma m\u00faltiple tant a nivell canals i formats com a nivell idioma.<\/p>\n<p>Un exemple \u00e9s la traducci\u00f3 de varis dels nostres continguts editorials al portugu\u00e8s al mercat de Brasil i en el futur en angl\u00e8s al mercat d&#8217;Estats Units.<\/p>\n<p>En termes d&#8217;estrat\u00e8gia i m\u00e0rqueting un posicionament de diferenciaci\u00f3 i com a l\u00edder de mercat en el nostre n\u00ednxol editorial.<\/p>\n<p><strong>Quina \u00e9s l\u2019 estrat\u00e8gia que utilitza per entrar als mercats exteriors? Adapta l&#8217;estrat\u00e8gia d\u2019entrada a cada mercat en el qual treballa?<\/strong><br \/>\nAdaptem l&#8217;estrat\u00e8gia al mercat i als propis canvis de cicles de models de negoci del nostre sector. Actualment estem fent un canvi de model en l&#8217;estrat\u00e8gia d&#8217;entrada i manteniment als mercats , canviant la figura del distribu\u00efdor local i tradicional per acords globals amb altres grups editorials Internacionals per aprofitar sinergies amb un model mixt de distribuci\u00f3 internacional i acords de licesing (drets de llic\u00e8ncies)<\/p>\n<p><strong>Quines recomanacions faria als empreses que estan comen\u00e7ant en l\u2019 exportaci\u00f3?<\/strong><\/p>\n<ul>\n<li>Tenir una visi\u00f3 empresarial d&#8217;expansi\u00f3 acompanyada de crear una cultural Glocal ; per aprendre , cr\u00e9ixer i prendre riscos controlats.<\/li>\n<li>Creure en la teva organitzaci\u00f3 o empresa, en tu i l&#8217;equip.<\/li>\n<li>Acceptar que ens equivocarem per\u00f2 no acceptar que no aprendrem i no millorarem. .<\/li>\n<li>Tenir definida com \u00e9s la teva proposta de valor o valor afegit en la teva oferta o producte.<\/li>\n<li>Preparar i Invertir en un equip hum\u00e0, per crear una cultura global d&#8217;empresa.<\/li>\n<li>Crear canviar i anar adaptant tu pr\u00f2pia estrat\u00e8gia d&#8217;exportaci\u00f3 d&#8217;una forma constant.<\/li>\n<li>Llegir molt<\/li>\n<\/ul>\n","protected":false},"excerpt":{"rendered":"<p>Alfonso Trivi\u00f1o, \u00a0director de l&#8217;Editorial Clie Amb\u00a0m\u00e9s de 2.500 t\u00edtols publicats, Editorial CLIE \u00e9s, pel volum de t\u00edtols, la major casa editora al m\u00f3n de llibres cristians en espanyol. Est\u00e0 en possessi\u00f3 de la medalla de plata al m\u00e8rit exportador i va ser seleccionada per dos anys consecutius, 1996 i 1997, per votaci\u00f3 de les &hellip;&#8230; <a class=\"moretag\" href=\"https:\/\/www.cecotinternacionalitzacio.org\/es\/entrevista-alfonso-trivino\/\"><br \/>Llegir m\u00e9s &raquo;<\/a><\/p>\n","protected":false},"author":1,"featured_media":0,"comment_status":"closed","ping_status":"closed","sticky":false,"template":"","format":"standard","meta":{"_acf_changed":false,"_exactmetrics_skip_tracking":false,"_exactmetrics_sitenote_active":false,"_exactmetrics_sitenote_note":"","_exactmetrics_sitenote_category":0,"footnotes":""},"categories":[194],"tags":[113,269,375,304],"class_list":["post-4784","post","type-post","status-publish","format-standard","hentry","category-entrevista-cat","tag-cecot","tag-club-internacionalitzacio","tag-editorial-clie","tag-entrevista"],"acf":[],"yoast_head":"<!-- This site is optimized with the Yoast SEO plugin v19.6.1 - https:\/\/yoast.com\/wordpress\/plugins\/seo\/ -->\n<title>Entrevista a Alfonso Trivi\u00f1o: &quot;Tenir definida la proposta de valor \u00e9s b\u00e0sic per iniciar-se en el comer\u00e7 exterior&quot; - Club Cecot Internacionalitzaci\u00f3<\/title>\n<meta name=\"robots\" content=\"noindex, follow, max-snippet:-1, max-image-preview:large, max-video-preview:-1\" \/>\n<meta property=\"og:locale\" content=\"es_ES\" \/>\n<meta property=\"og:type\" content=\"article\" \/>\n<meta property=\"og:title\" content=\"Entrevista a Alfonso Trivi\u00f1o: &quot;Tenir definida la proposta de valor \u00e9s b\u00e0sic per iniciar-se en el comer\u00e7 exterior&quot; - Club Cecot Internacionalitzaci\u00f3\" \/>\n<meta property=\"og:description\" content=\"Alfonso Trivi\u00f1o, \u00a0director de l&#8217;Editorial Clie Amb\u00a0m\u00e9s de 2.500 t\u00edtols publicats, Editorial CLIE \u00e9s, pel volum de t\u00edtols, la major casa editora al m\u00f3n de llibres cristians en espanyol. Est\u00e0 en possessi\u00f3 de la medalla de plata al m\u00e8rit exportador i va ser seleccionada per dos anys consecutius, 1996 i 1997, per votaci\u00f3 de les &hellip;... Llegir m\u00e9s &raquo;\" \/>\n<meta property=\"og:url\" content=\"https:\/\/www.cecotinternacionalitzacio.org\/es\/entrevista-alfonso-trivino\/\" \/>\n<meta property=\"og:site_name\" content=\"Club Cecot Internacionalitzaci\u00f3\" \/>\n<meta property=\"article:published_time\" content=\"2017-06-29T09:21:12+00:00\" \/>\n<meta property=\"article:modified_time\" content=\"2018-06-29T10:29:25+00:00\" \/>\n<meta property=\"og:image\" content=\"https:\/\/www.cecotinternacionalitzacio.org\/wp-content\/uploads\/2017\/05\/Alfonso.jpg\" \/>\n<meta name=\"author\" content=\"Club Cecot Inter.\" \/>\n<meta name=\"twitter:card\" content=\"summary\" \/>\n<meta name=\"twitter:label1\" content=\"Escrito por\" \/>\n\t<meta name=\"twitter:data1\" content=\"Club Cecot Inter.\" \/>\n\t<meta name=\"twitter:label2\" content=\"Tiempo de lectura\" \/>\n\t<meta name=\"twitter:data2\" content=\"5 minutos\" \/>\n<script type=\"application\/ld+json\" class=\"yoast-schema-graph\">{\"@context\":\"https:\/\/schema.org\",\"@graph\":[{\"@type\":\"Article\",\"@id\":\"https:\/\/www.cecotinternacionalitzacio.org\/es\/entrevista-alfonso-trivino\/#article\",\"isPartOf\":{\"@id\":\"https:\/\/www.cecotinternacionalitzacio.org\/es\/entrevista-alfonso-trivino\/\"},\"author\":{\"name\":\"Club Cecot Inter.\",\"@id\":\"https:\/\/www.cecotinternacionalitzacio.org\/#\/schema\/person\/58d3621fb781542573f7224385ca68a2\"},\"headline\":\"Entrevista a Alfonso Trivi\u00f1o: \u00abTenir definida la proposta de valor \u00e9s b\u00e0sic per iniciar-se en el comer\u00e7 exterior\u00bb\",\"datePublished\":\"2017-06-29T09:21:12+00:00\",\"dateModified\":\"2018-06-29T10:29:25+00:00\",\"mainEntityOfPage\":{\"@id\":\"https:\/\/www.cecotinternacionalitzacio.org\/es\/entrevista-alfonso-trivino\/\"},\"wordCount\":1111,\"publisher\":{\"@id\":\"https:\/\/www.cecotinternacionalitzacio.org\/#organization\"},\"keywords\":[\"cecot\",\"club internacionalitzaci\u00f3\",\"editorial clie\",\"entrevista\"],\"articleSection\":[\"Entrevista\"],\"inLanguage\":\"es\"},{\"@type\":\"WebPage\",\"@id\":\"https:\/\/www.cecotinternacionalitzacio.org\/es\/entrevista-alfonso-trivino\/\",\"url\":\"https:\/\/www.cecotinternacionalitzacio.org\/es\/entrevista-alfonso-trivino\/\",\"name\":\"Entrevista a Alfonso Trivi\u00f1o: \\\"Tenir definida la proposta de valor \u00e9s b\u00e0sic per iniciar-se en el comer\u00e7 exterior\\\" - Club Cecot Internacionalitzaci\u00f3\",\"isPartOf\":{\"@id\":\"https:\/\/www.cecotinternacionalitzacio.org\/#website\"},\"datePublished\":\"2017-06-29T09:21:12+00:00\",\"dateModified\":\"2018-06-29T10:29:25+00:00\",\"breadcrumb\":{\"@id\":\"https:\/\/www.cecotinternacionalitzacio.org\/es\/entrevista-alfonso-trivino\/#breadcrumb\"},\"inLanguage\":\"es\",\"potentialAction\":[{\"@type\":\"ReadAction\",\"target\":[\"https:\/\/www.cecotinternacionalitzacio.org\/es\/entrevista-alfonso-trivino\/\"]}]},{\"@type\":\"BreadcrumbList\",\"@id\":\"https:\/\/www.cecotinternacionalitzacio.org\/es\/entrevista-alfonso-trivino\/#breadcrumb\",\"itemListElement\":[{\"@type\":\"ListItem\",\"position\":1,\"name\":\"Inici\",\"item\":\"https:\/\/www.cecotinternacionalitzacio.org\/es\/\"},{\"@type\":\"ListItem\",\"position\":2,\"name\":\"Entrevista a Alfonso Trivi\u00f1o: &#8220;Tenir definida la proposta de valor \u00e9s b\u00e0sic per iniciar-se en el comer\u00e7 exterior&#8221;\"}]},{\"@type\":\"WebSite\",\"@id\":\"https:\/\/www.cecotinternacionalitzacio.org\/#website\",\"url\":\"https:\/\/www.cecotinternacionalitzacio.org\/\",\"name\":\"Club Cecot Internacionalitzaci\u00f3\",\"description\":\"Un f\u00f2rum d\u2019intercanvi d\u2019experi\u00e8ncies sobre l\u2019activitat exportadora de les empreses\",\"publisher\":{\"@id\":\"https:\/\/www.cecotinternacionalitzacio.org\/#organization\"},\"potentialAction\":[{\"@type\":\"SearchAction\",\"target\":{\"@type\":\"EntryPoint\",\"urlTemplate\":\"https:\/\/www.cecotinternacionalitzacio.org\/?s={search_term_string}\"},\"query-input\":\"required name=search_term_string\"}],\"inLanguage\":\"es\"},{\"@type\":\"Organization\",\"@id\":\"https:\/\/www.cecotinternacionalitzacio.org\/#organization\",\"name\":\"Club Cecot Internacionalitzaci\u00f3\",\"url\":\"https:\/\/www.cecotinternacionalitzacio.org\/\",\"sameAs\":[],\"logo\":{\"@type\":\"ImageObject\",\"inLanguage\":\"es\",\"@id\":\"https:\/\/www.cecotinternacionalitzacio.org\/#\/schema\/logo\/image\/\",\"url\":\"https:\/\/www.cecotinternacionalitzacio.org\/wp-content\/uploads\/2015\/07\/Logo_Club_Int_165x60.png\",\"contentUrl\":\"https:\/\/www.cecotinternacionalitzacio.org\/wp-content\/uploads\/2015\/07\/Logo_Club_Int_165x60.png\",\"width\":165,\"height\":60,\"caption\":\"Club Cecot Internacionalitzaci\u00f3\"},\"image\":{\"@id\":\"https:\/\/www.cecotinternacionalitzacio.org\/#\/schema\/logo\/image\/\"}},{\"@type\":\"Person\",\"@id\":\"https:\/\/www.cecotinternacionalitzacio.org\/#\/schema\/person\/58d3621fb781542573f7224385ca68a2\",\"name\":\"Club Cecot Inter.\",\"image\":{\"@type\":\"ImageObject\",\"inLanguage\":\"es\",\"@id\":\"https:\/\/www.cecotinternacionalitzacio.org\/#\/schema\/person\/image\/\",\"url\":\"https:\/\/secure.gravatar.com\/avatar\/eacff8e73673ab09c1390cb7cd7b0fa00a987ef31f2368f5eeb668bbdb15ceec?s=96&r=g\",\"contentUrl\":\"https:\/\/secure.gravatar.com\/avatar\/eacff8e73673ab09c1390cb7cd7b0fa00a987ef31f2368f5eeb668bbdb15ceec?s=96&r=g\",\"caption\":\"Club Cecot Inter.\"},\"url\":\"https:\/\/www.cecotinternacionalitzacio.org\/es\/author\/club_admin\/\"}]}<\/script>\n<!-- \/ Yoast SEO plugin. -->","yoast_head_json":{"title":"Entrevista a Alfonso Trivi\u00f1o: \"Tenir definida la proposta de valor \u00e9s b\u00e0sic per iniciar-se en el comer\u00e7 exterior\" - Club Cecot Internacionalitzaci\u00f3","robots":{"index":"noindex","follow":"follow","max-snippet":"max-snippet:-1","max-image-preview":"max-image-preview:large","max-video-preview":"max-video-preview:-1"},"og_locale":"es_ES","og_type":"article","og_title":"Entrevista a Alfonso Trivi\u00f1o: \"Tenir definida la proposta de valor \u00e9s b\u00e0sic per iniciar-se en el comer\u00e7 exterior\" - Club Cecot Internacionalitzaci\u00f3","og_description":"Alfonso Trivi\u00f1o, \u00a0director de l&#8217;Editorial Clie Amb\u00a0m\u00e9s de 2.500 t\u00edtols publicats, Editorial CLIE \u00e9s, pel volum de t\u00edtols, la major casa editora al m\u00f3n de llibres cristians en espanyol. Est\u00e0 en possessi\u00f3 de la medalla de plata al m\u00e8rit exportador i va ser seleccionada per dos anys consecutius, 1996 i 1997, per votaci\u00f3 de les &hellip;... Llegir m\u00e9s &raquo;","og_url":"https:\/\/www.cecotinternacionalitzacio.org\/es\/entrevista-alfonso-trivino\/","og_site_name":"Club Cecot Internacionalitzaci\u00f3","article_published_time":"2017-06-29T09:21:12+00:00","article_modified_time":"2018-06-29T10:29:25+00:00","og_image":[{"url":"https:\/\/www.cecotinternacionalitzacio.org\/wp-content\/uploads\/2017\/05\/Alfonso.jpg"}],"author":"Club Cecot Inter.","twitter_card":"summary","twitter_misc":{"Escrito por":"Club Cecot Inter.","Tiempo de lectura":"5 minutos"},"schema":{"@context":"https:\/\/schema.org","@graph":[{"@type":"Article","@id":"https:\/\/www.cecotinternacionalitzacio.org\/es\/entrevista-alfonso-trivino\/#article","isPartOf":{"@id":"https:\/\/www.cecotinternacionalitzacio.org\/es\/entrevista-alfonso-trivino\/"},"author":{"name":"Club Cecot Inter.","@id":"https:\/\/www.cecotinternacionalitzacio.org\/#\/schema\/person\/58d3621fb781542573f7224385ca68a2"},"headline":"Entrevista a Alfonso Trivi\u00f1o: \u00abTenir definida la proposta de valor \u00e9s b\u00e0sic per iniciar-se en el comer\u00e7 exterior\u00bb","datePublished":"2017-06-29T09:21:12+00:00","dateModified":"2018-06-29T10:29:25+00:00","mainEntityOfPage":{"@id":"https:\/\/www.cecotinternacionalitzacio.org\/es\/entrevista-alfonso-trivino\/"},"wordCount":1111,"publisher":{"@id":"https:\/\/www.cecotinternacionalitzacio.org\/#organization"},"keywords":["cecot","club internacionalitzaci\u00f3","editorial clie","entrevista"],"articleSection":["Entrevista"],"inLanguage":"es"},{"@type":"WebPage","@id":"https:\/\/www.cecotinternacionalitzacio.org\/es\/entrevista-alfonso-trivino\/","url":"https:\/\/www.cecotinternacionalitzacio.org\/es\/entrevista-alfonso-trivino\/","name":"Entrevista a Alfonso Trivi\u00f1o: \"Tenir definida la proposta de valor \u00e9s b\u00e0sic per iniciar-se en el comer\u00e7 exterior\" - Club Cecot Internacionalitzaci\u00f3","isPartOf":{"@id":"https:\/\/www.cecotinternacionalitzacio.org\/#website"},"datePublished":"2017-06-29T09:21:12+00:00","dateModified":"2018-06-29T10:29:25+00:00","breadcrumb":{"@id":"https:\/\/www.cecotinternacionalitzacio.org\/es\/entrevista-alfonso-trivino\/#breadcrumb"},"inLanguage":"es","potentialAction":[{"@type":"ReadAction","target":["https:\/\/www.cecotinternacionalitzacio.org\/es\/entrevista-alfonso-trivino\/"]}]},{"@type":"BreadcrumbList","@id":"https:\/\/www.cecotinternacionalitzacio.org\/es\/entrevista-alfonso-trivino\/#breadcrumb","itemListElement":[{"@type":"ListItem","position":1,"name":"Inici","item":"https:\/\/www.cecotinternacionalitzacio.org\/es\/"},{"@type":"ListItem","position":2,"name":"Entrevista a Alfonso Trivi\u00f1o: &#8220;Tenir definida la proposta de valor \u00e9s b\u00e0sic per iniciar-se en el comer\u00e7 exterior&#8221;"}]},{"@type":"WebSite","@id":"https:\/\/www.cecotinternacionalitzacio.org\/#website","url":"https:\/\/www.cecotinternacionalitzacio.org\/","name":"Club Cecot Internacionalitzaci\u00f3","description":"Un f\u00f2rum d\u2019intercanvi d\u2019experi\u00e8ncies sobre l\u2019activitat exportadora de les empreses","publisher":{"@id":"https:\/\/www.cecotinternacionalitzacio.org\/#organization"},"potentialAction":[{"@type":"SearchAction","target":{"@type":"EntryPoint","urlTemplate":"https:\/\/www.cecotinternacionalitzacio.org\/?s={search_term_string}"},"query-input":"required name=search_term_string"}],"inLanguage":"es"},{"@type":"Organization","@id":"https:\/\/www.cecotinternacionalitzacio.org\/#organization","name":"Club Cecot Internacionalitzaci\u00f3","url":"https:\/\/www.cecotinternacionalitzacio.org\/","sameAs":[],"logo":{"@type":"ImageObject","inLanguage":"es","@id":"https:\/\/www.cecotinternacionalitzacio.org\/#\/schema\/logo\/image\/","url":"https:\/\/www.cecotinternacionalitzacio.org\/wp-content\/uploads\/2015\/07\/Logo_Club_Int_165x60.png","contentUrl":"https:\/\/www.cecotinternacionalitzacio.org\/wp-content\/uploads\/2015\/07\/Logo_Club_Int_165x60.png","width":165,"height":60,"caption":"Club Cecot Internacionalitzaci\u00f3"},"image":{"@id":"https:\/\/www.cecotinternacionalitzacio.org\/#\/schema\/logo\/image\/"}},{"@type":"Person","@id":"https:\/\/www.cecotinternacionalitzacio.org\/#\/schema\/person\/58d3621fb781542573f7224385ca68a2","name":"Club Cecot Inter.","image":{"@type":"ImageObject","inLanguage":"es","@id":"https:\/\/www.cecotinternacionalitzacio.org\/#\/schema\/person\/image\/","url":"https:\/\/secure.gravatar.com\/avatar\/eacff8e73673ab09c1390cb7cd7b0fa00a987ef31f2368f5eeb668bbdb15ceec?s=96&r=g","contentUrl":"https:\/\/secure.gravatar.com\/avatar\/eacff8e73673ab09c1390cb7cd7b0fa00a987ef31f2368f5eeb668bbdb15ceec?s=96&r=g","caption":"Club Cecot Inter."},"url":"https:\/\/www.cecotinternacionalitzacio.org\/es\/author\/club_admin\/"}]}},"_links":{"self":[{"href":"https:\/\/www.cecotinternacionalitzacio.org\/es\/wp-json\/wp\/v2\/posts\/4784","targetHints":{"allow":["GET"]}}],"collection":[{"href":"https:\/\/www.cecotinternacionalitzacio.org\/es\/wp-json\/wp\/v2\/posts"}],"about":[{"href":"https:\/\/www.cecotinternacionalitzacio.org\/es\/wp-json\/wp\/v2\/types\/post"}],"author":[{"embeddable":true,"href":"https:\/\/www.cecotinternacionalitzacio.org\/es\/wp-json\/wp\/v2\/users\/1"}],"replies":[{"embeddable":true,"href":"https:\/\/www.cecotinternacionalitzacio.org\/es\/wp-json\/wp\/v2\/comments?post=4784"}],"version-history":[{"count":0,"href":"https:\/\/www.cecotinternacionalitzacio.org\/es\/wp-json\/wp\/v2\/posts\/4784\/revisions"}],"wp:attachment":[{"href":"https:\/\/www.cecotinternacionalitzacio.org\/es\/wp-json\/wp\/v2\/media?parent=4784"}],"wp:term":[{"taxonomy":"category","embeddable":true,"href":"https:\/\/www.cecotinternacionalitzacio.org\/es\/wp-json\/wp\/v2\/categories?post=4784"},{"taxonomy":"post_tag","embeddable":true,"href":"https:\/\/www.cecotinternacionalitzacio.org\/es\/wp-json\/wp\/v2\/tags?post=4784"}],"curies":[{"name":"wp","href":"https:\/\/api.w.org\/{rel}","templated":true}]}}