{"id":4828,"date":"2017-06-20T13:02:03","date_gmt":"2017-06-20T11:02:03","guid":{"rendered":"http:\/\/www.cecotinternacionalitzacio.org\/?p=4828\/"},"modified":"2017-06-20T13:11:53","modified_gmt":"2017-06-20T11:11:53","slug":"entrevista-pol-fantobalexportacio-no-cosa-dun-sol-tret-pensar-ho-be-quantificar-planificar-be-lestrategia-seguir","status":"publish","type":"post","link":"https:\/\/www.cecotinternacionalitzacio.org\/es\/entrevista-pol-fantobalexportacio-no-cosa-dun-sol-tret-pensar-ho-be-quantificar-planificar-be-lestrategia-seguir\/","title":{"rendered":"Entrevista a Pol A. Fantoba:\u00bb l&#8217;exportaci\u00f3 no \u00e9s cosa d&#8217;un sol tret: pensar-ho b\u00e9, quantificar i planificar b\u00e9 l\u2019estrat\u00e8gia a seguir \u00ab"},"content":{"rendered":"<p><a href=\"https:\/\/es.linkedin.com\/in\/pol-a-fantoba-b1894415\">Pol A. Fantoba<\/a>,\u00a0Co-Founder &amp; Business Director at <a href=\"http:\/\/www.lucid.pro\">L\u00daCID DESIGN AGENCY<\/a><\/p>\n<p style=\"text-align: justify;\">L\u00facid Design Agency, l&#8217;ag\u00e8ncia de disseny i innovaci\u00f3 de Barcelona. Ajudem a empreses i organitzacions a crear oportunitats de negoci per mitj\u00e0 de l&#8217;estrat\u00e8gia i el disseny de productes i marques \u00faniques. Vam n\u00e9ixer com a dissenyadors de producte i els nostres clients ens van demanar m\u00e9s. Som exigents, ens agrada fer coses i fer-les b\u00e9. Per aix\u00f2 hem crescut i ampliat els nostres serveis fins el que som avui dia: Una ag\u00e8ncia global de disseny estrat\u00e8gic. \u00ab<strong>Som persones que dissenyem per a les persones<\/strong>.\u00bb<!--more--><\/p>\n<p style=\"text-align: justify;\"><strong><img loading=\"lazy\" decoding=\"async\" class=\"wp-image-4830 alignleft\" src=\"https:\/\/www.cecotinternacionalitzacio.org\/wp-content\/uploads\/2017\/06\/Pol-A.-Fantoba.jpg.png\" alt=\"\" width=\"351\" height=\"317\" srcset=\"https:\/\/www.cecotinternacionalitzacio.org\/wp-content\/uploads\/2017\/06\/Pol-A.-Fantoba.jpg.png 554w, https:\/\/www.cecotinternacionalitzacio.org\/wp-content\/uploads\/2017\/06\/Pol-A.-Fantoba.jpg-300x271.png 300w\" sizes=\"auto, (max-width: 351px) 100vw, 351px\" \/>1.- Quin producte o productes de la seva empresa comercialitza a l\u2019 exterior?<\/strong><\/p>\n<p style=\"text-align: justify;\">La nostra \u00e9s una empresa de serveis de disseny i diria que qualsevol dels serveis que oferim es presta a comercialitzar-se a l\u2019exterior. El disseny \u00e9s una eina molt potent de generaci\u00f3 de valor i de diferenciaci\u00f3 competitiva i aix\u00f2 a qualsevol empresa li podria convenir.<\/p>\n<p>&nbsp;<\/p>\n<p><strong>2.- Quan va iniciar-se en el comer\u00e7 exterior?<\/strong><\/p>\n<p style=\"text-align: justify;\">V\u00e0rem comen\u00e7ar a trav\u00e9s d\u2019un client nacional a fer projectes de disseny per a empreses de Llatinoam\u00e8rica. Per\u00f2 el nostre objectiu ha estat des de el principi orientar-nos en Centre Europa. A Europa els nostres primers clients sorgeixen fruit de les nostres missions comercials a Fires internacionals a l\u2019estranger.<\/p>\n<p><strong>3.- Actualment quin percentatge de la\u00a0 facturaci\u00f3 \u00a0s&#8217;exporta?<\/strong><\/p>\n<p>El 2016 va ser un 20%. Aquest any esperem que arribar al 30%.<\/p>\n<p><strong>4.- Qu\u00e8 el va motivar per iniciar-se en el comer\u00e7 internacional?<\/strong><\/p>\n<p style=\"text-align: justify;\">Els nostres serveis s\u00f3n una necessitat global per pr\u00e0cticament qualsevol empresa. Hi ha un mercat potencial molt gran per nosaltres a Asia, Llatinoam\u00e8rica i Europa. A Europa en concret, la cultura de disseny i innovaci\u00f3 est\u00e0 molt estesa i les empreses tenen molt clar l\u2019impacte positiu que representen els nostres serveis. Aix\u00f2 fa que la inversi\u00f3 en disseny i innovaci\u00f3 de les empreses del centre de Europa siguin molt superior a la de les empreses Catalanes o Espa\u00f1oles.<\/p>\n<p><strong>5.- Va dissenyar un pla?<\/strong><\/p>\n<p>Vam treballar de la ma d\u2019ACCI\u00d3-Start Up Catalonia en identificar i prioritzar mercats i treballar agendes comercials.<\/p>\n<p><strong>6.- Quins beneficis considera que li aporta?<\/strong><\/p>\n<p style=\"text-align: justify;\">Reputaci\u00f3, major rendibilitat i una experi\u00e8ncia i obertura de mires que ens permet treballar amb comoditat de manera molt transversal en gaireb\u00e9 qualsevol sector o pa\u00eds.<\/p>\n<p><strong>7.- Quins s\u00f3n els errors que hauria volgut evitar?<\/strong><\/p>\n<p style=\"text-align: justify;\">La internacionalitzaci\u00f3 te associada una despesa comercial important, cal quantificar-la b\u00e9, ser conscient de la persist\u00e8ncia que cal per assentar qualsevol nou mercat i sobretot no voler c\u00f3rrer, cada empresa t\u00e9 el seu moment per comen\u00e7ar a fer cam\u00ed en aquest sentit.<\/p>\n<p><strong>8.- Compta amb un departament d&#8217;exportacions o \u00a0persona responsable de les exportacions?<\/strong><\/p>\n<p>No com a tal, el nostre equip compta amb un comercial que opera tant a Catalunya i Espanya com a l\u2019estranger.<\/p>\n<p><strong>9.- A quins pa\u00efsos exporta actualment?<\/strong><\/p>\n<p>Alemanya principalment, Noruega, Litu\u00e0nia, Emirats \u00e0rabs, Xina i Corea,\u00a0 Pa\u00efsos de centre i sud- Am\u00e8rica&#8230;<\/p>\n<p><strong>10.- Quins reptes ha hagut de superar\u00a0 en els mercats exteriors?<\/strong><\/p>\n<p style=\"text-align: justify;\">Falta de marca i traject\u00f2ria contrastada envers els nostres competidors internacionals. Principalment temes de escala, les grans empreses estrangeres s\u2019ho pensen molt abans de comen\u00e7ar a treballar amb una petita empresa d\u2019aqu\u00ed. Cal que la proposta de valor que oferim sigui realment prometedora.<\/p>\n<p><strong>11.- Quin considera que \u00e9s el seu avantatge competitiu internacional, qu\u00e8 diferencia els seus productes o la seva oferta?<\/strong><\/p>\n<p style=\"text-align: justify;\">Creiem que la consist\u00e8ncia dels nostres serveis, molt orientats al servei del client i els seus resultats. Serveis 100% enfocats a oferir un acompanyament integral <em>From mind to market<\/em>, amb notable experi\u00e8ncia i <em>know-how<\/em> contrastat per\u00f2 amb preus de mercat raonables.<\/p>\n<p><strong>12.- Quina \u00e9s l\u2019estrat\u00e8gia que utilitza per entrar als mercats exteriors? Adapta l&#8217;estrat\u00e8gia d\u2019entrada \u00a0a cada mercat en el qual treballa?<\/strong><\/p>\n<p style=\"text-align: justify;\">2018 i 2019 han de ser els nostres anys de creixement internacional i de consolidaci\u00f3 de mercats. Creiem que ens demanar\u00e0 diferents estrat\u00e8gies per cada gran mercat internacional. Europa i Asia demanaran estrat\u00e8gies for\u00e7a diferents. En ambd\u00f3s casos la compet\u00e8ncia \u00e9s molt forta i cal oferir una proposta de valor diferencial i adaptada al moment del mercat. A Asia les marques estan creixent r\u00e0pidament i demanden nous dissenys. A Europa el mercat \u00e9s m\u00e9s madur i la innovaci\u00f3 hi juga un paper molt m\u00e9s rellevant.<\/p>\n<p><strong>13.- Quines recomanacions faria a les empreses que estan comen\u00e7ant en l\u2019exportaci\u00f3? \u00a0<\/strong><\/p>\n<p style=\"text-align: justify;\">Pensar-ho b\u00e9, quantificar i planificar b\u00e9 l\u2019estrat\u00e8gia a seguir. Assumir que hi ha d\u2019haver un temps m\u00ednim que caldr\u00e0 mantenir l\u2019acci\u00f3 comercial exterior i entendre que no \u00e9s cosa d\u2019un sol tret. Aix\u00f2 si, un cop decidit: anar a per totes i creure-s\u2019ho!<\/p>\n<p><img loading=\"lazy\" decoding=\"async\" class=\"alignright size-full wp-image-4833\" src=\"https:\/\/www.cecotinternacionalitzacio.org\/wp-content\/uploads\/2017\/06\/Equip-Lucid.png\" alt=\"\" width=\"1506\" height=\"700\" srcset=\"https:\/\/www.cecotinternacionalitzacio.org\/wp-content\/uploads\/2017\/06\/Equip-Lucid.png 1506w, https:\/\/www.cecotinternacionalitzacio.org\/wp-content\/uploads\/2017\/06\/Equip-Lucid-300x139.png 300w, https:\/\/www.cecotinternacionalitzacio.org\/wp-content\/uploads\/2017\/06\/Equip-Lucid-768x357.png 768w, https:\/\/www.cecotinternacionalitzacio.org\/wp-content\/uploads\/2017\/06\/Equip-Lucid-1024x476.png 1024w, https:\/\/www.cecotinternacionalitzacio.org\/wp-content\/uploads\/2017\/06\/Equip-Lucid-600x279.png 600w\" sizes=\"auto, (max-width: 1506px) 100vw, 1506px\" \/><\/p>\n<p><span style=\"color: #3366ff;\">Equip L\u00daCID DESIGN AGENCY<\/span><\/p>\n","protected":false},"excerpt":{"rendered":"<p>Pol A. Fantoba,\u00a0Co-Founder &amp; Business Director at L\u00daCID DESIGN AGENCY L\u00facid Design Agency, l&#8217;ag\u00e8ncia de disseny i innovaci\u00f3 de Barcelona. Ajudem a empreses i organitzacions a crear oportunitats de negoci per mitj\u00e0 de l&#8217;estrat\u00e8gia i el disseny de productes i marques \u00faniques. Vam n\u00e9ixer com a dissenyadors de producte i els nostres clients ens van &hellip;&#8230; <a class=\"moretag\" href=\"https:\/\/www.cecotinternacionalitzacio.org\/es\/entrevista-pol-fantobalexportacio-no-cosa-dun-sol-tret-pensar-ho-be-quantificar-planificar-be-lestrategia-seguir\/\"><br \/>Llegir m\u00e9s &raquo;<\/a><\/p>\n","protected":false},"author":1,"featured_media":0,"comment_status":"closed","ping_status":"closed","sticky":false,"template":"","format":"standard","meta":{"_acf_changed":false,"_exactmetrics_skip_tracking":false,"_exactmetrics_sitenote_active":false,"_exactmetrics_sitenote_note":"","_exactmetrics_sitenote_category":0,"footnotes":""},"categories":[194],"tags":[113,378,269,377,376],"class_list":["post-4828","post","type-post","status-publish","format-standard","hentry","category-entrevista-cat","tag-cecot","tag-cercle-cecot-de-joves-empresaris","tag-club-internacionalitzacio","tag-lucid","tag-pol-a-fantoba"],"acf":[],"yoast_head":"<!-- This site is optimized with the Yoast SEO plugin v19.6.1 - https:\/\/yoast.com\/wordpress\/plugins\/seo\/ -->\n<title>Entrevista a Pol A. Fantoba:&quot; l&#039;exportaci\u00f3 no \u00e9s cosa d&#039;un sol tret: pensar-ho b\u00e9, quantificar i planificar b\u00e9 l\u2019estrat\u00e8gia a seguir &quot; - Club Cecot Internacionalitzaci\u00f3<\/title>\n<meta name=\"robots\" content=\"noindex, follow, max-snippet:-1, max-image-preview:large, max-video-preview:-1\" \/>\n<meta property=\"og:locale\" content=\"es_ES\" \/>\n<meta property=\"og:type\" content=\"article\" \/>\n<meta property=\"og:title\" content=\"Entrevista a Pol A. Fantoba:&quot; l&#039;exportaci\u00f3 no \u00e9s cosa d&#039;un sol tret: pensar-ho b\u00e9, quantificar i planificar b\u00e9 l\u2019estrat\u00e8gia a seguir &quot; - Club Cecot Internacionalitzaci\u00f3\" \/>\n<meta property=\"og:description\" content=\"Pol A. Fantoba,\u00a0Co-Founder &amp; Business Director at L\u00daCID DESIGN AGENCY L\u00facid Design Agency, l&#8217;ag\u00e8ncia de disseny i innovaci\u00f3 de Barcelona. Ajudem a empreses i organitzacions a crear oportunitats de negoci per mitj\u00e0 de l&#8217;estrat\u00e8gia i el disseny de productes i marques \u00faniques. Vam n\u00e9ixer com a dissenyadors de producte i els nostres clients ens van &hellip;... Llegir m\u00e9s &raquo;\" \/>\n<meta property=\"og:url\" content=\"https:\/\/www.cecotinternacionalitzacio.org\/es\/entrevista-pol-fantobalexportacio-no-cosa-dun-sol-tret-pensar-ho-be-quantificar-planificar-be-lestrategia-seguir\/\" \/>\n<meta property=\"og:site_name\" content=\"Club Cecot Internacionalitzaci\u00f3\" \/>\n<meta property=\"article:published_time\" content=\"2017-06-20T11:02:03+00:00\" \/>\n<meta property=\"article:modified_time\" content=\"2017-06-20T11:11:53+00:00\" \/>\n<meta property=\"og:image\" content=\"https:\/\/www.cecotinternacionalitzacio.org\/wp-content\/uploads\/2017\/06\/Pol-A.-Fantoba.jpg.png\" \/>\n<meta name=\"author\" content=\"Club Cecot Inter.\" \/>\n<meta name=\"twitter:card\" content=\"summary\" \/>\n<meta name=\"twitter:label1\" content=\"Escrito por\" \/>\n\t<meta name=\"twitter:data1\" content=\"Club Cecot Inter.\" \/>\n\t<meta name=\"twitter:label2\" content=\"Tiempo de lectura\" \/>\n\t<meta name=\"twitter:data2\" content=\"4 minutos\" \/>\n<script type=\"application\/ld+json\" class=\"yoast-schema-graph\">{\"@context\":\"https:\/\/schema.org\",\"@graph\":[{\"@type\":\"Article\",\"@id\":\"https:\/\/www.cecotinternacionalitzacio.org\/es\/entrevista-pol-fantobalexportacio-no-cosa-dun-sol-tret-pensar-ho-be-quantificar-planificar-be-lestrategia-seguir\/#article\",\"isPartOf\":{\"@id\":\"https:\/\/www.cecotinternacionalitzacio.org\/es\/entrevista-pol-fantobalexportacio-no-cosa-dun-sol-tret-pensar-ho-be-quantificar-planificar-be-lestrategia-seguir\/\"},\"author\":{\"name\":\"Club Cecot Inter.\",\"@id\":\"https:\/\/www.cecotinternacionalitzacio.org\/#\/schema\/person\/58d3621fb781542573f7224385ca68a2\"},\"headline\":\"Entrevista a Pol A. Fantoba:\u00bb l&#8217;exportaci\u00f3 no \u00e9s cosa d&#8217;un sol tret: pensar-ho b\u00e9, quantificar i planificar b\u00e9 l\u2019estrat\u00e8gia a seguir \u00ab\",\"datePublished\":\"2017-06-20T11:02:03+00:00\",\"dateModified\":\"2017-06-20T11:11:53+00:00\",\"mainEntityOfPage\":{\"@id\":\"https:\/\/www.cecotinternacionalitzacio.org\/es\/entrevista-pol-fantobalexportacio-no-cosa-dun-sol-tret-pensar-ho-be-quantificar-planificar-be-lestrategia-seguir\/\"},\"wordCount\":840,\"publisher\":{\"@id\":\"https:\/\/www.cecotinternacionalitzacio.org\/#organization\"},\"keywords\":[\"cecot\",\"Cercle Cecot de joves empresaris\",\"club internacionalitzaci\u00f3\",\"LUCID\",\"Pol A. Fantoba\"],\"articleSection\":[\"Entrevista\"],\"inLanguage\":\"es\"},{\"@type\":\"WebPage\",\"@id\":\"https:\/\/www.cecotinternacionalitzacio.org\/es\/entrevista-pol-fantobalexportacio-no-cosa-dun-sol-tret-pensar-ho-be-quantificar-planificar-be-lestrategia-seguir\/\",\"url\":\"https:\/\/www.cecotinternacionalitzacio.org\/es\/entrevista-pol-fantobalexportacio-no-cosa-dun-sol-tret-pensar-ho-be-quantificar-planificar-be-lestrategia-seguir\/\",\"name\":\"Entrevista a Pol A. Fantoba:\\\" l'exportaci\u00f3 no \u00e9s cosa d'un sol tret: pensar-ho b\u00e9, quantificar i planificar b\u00e9 l\u2019estrat\u00e8gia a seguir \\\" - Club Cecot Internacionalitzaci\u00f3\",\"isPartOf\":{\"@id\":\"https:\/\/www.cecotinternacionalitzacio.org\/#website\"},\"datePublished\":\"2017-06-20T11:02:03+00:00\",\"dateModified\":\"2017-06-20T11:11:53+00:00\",\"breadcrumb\":{\"@id\":\"https:\/\/www.cecotinternacionalitzacio.org\/es\/entrevista-pol-fantobalexportacio-no-cosa-dun-sol-tret-pensar-ho-be-quantificar-planificar-be-lestrategia-seguir\/#breadcrumb\"},\"inLanguage\":\"es\",\"potentialAction\":[{\"@type\":\"ReadAction\",\"target\":[\"https:\/\/www.cecotinternacionalitzacio.org\/es\/entrevista-pol-fantobalexportacio-no-cosa-dun-sol-tret-pensar-ho-be-quantificar-planificar-be-lestrategia-seguir\/\"]}]},{\"@type\":\"BreadcrumbList\",\"@id\":\"https:\/\/www.cecotinternacionalitzacio.org\/es\/entrevista-pol-fantobalexportacio-no-cosa-dun-sol-tret-pensar-ho-be-quantificar-planificar-be-lestrategia-seguir\/#breadcrumb\",\"itemListElement\":[{\"@type\":\"ListItem\",\"position\":1,\"name\":\"Inici\",\"item\":\"https:\/\/www.cecotinternacionalitzacio.org\/es\/\"},{\"@type\":\"ListItem\",\"position\":2,\"name\":\"Entrevista a Pol A. Fantoba:&#8221; l&#8217;exportaci\u00f3 no \u00e9s cosa d&#8217;un sol tret: pensar-ho b\u00e9, quantificar i planificar b\u00e9 l\u2019estrat\u00e8gia a seguir &#8220;\"}]},{\"@type\":\"WebSite\",\"@id\":\"https:\/\/www.cecotinternacionalitzacio.org\/#website\",\"url\":\"https:\/\/www.cecotinternacionalitzacio.org\/\",\"name\":\"Club Cecot Internacionalitzaci\u00f3\",\"description\":\"Un f\u00f2rum d\u2019intercanvi d\u2019experi\u00e8ncies sobre l\u2019activitat exportadora de les empreses\",\"publisher\":{\"@id\":\"https:\/\/www.cecotinternacionalitzacio.org\/#organization\"},\"potentialAction\":[{\"@type\":\"SearchAction\",\"target\":{\"@type\":\"EntryPoint\",\"urlTemplate\":\"https:\/\/www.cecotinternacionalitzacio.org\/?s={search_term_string}\"},\"query-input\":\"required name=search_term_string\"}],\"inLanguage\":\"es\"},{\"@type\":\"Organization\",\"@id\":\"https:\/\/www.cecotinternacionalitzacio.org\/#organization\",\"name\":\"Club Cecot Internacionalitzaci\u00f3\",\"url\":\"https:\/\/www.cecotinternacionalitzacio.org\/\",\"sameAs\":[],\"logo\":{\"@type\":\"ImageObject\",\"inLanguage\":\"es\",\"@id\":\"https:\/\/www.cecotinternacionalitzacio.org\/#\/schema\/logo\/image\/\",\"url\":\"https:\/\/www.cecotinternacionalitzacio.org\/wp-content\/uploads\/2015\/07\/Logo_Club_Int_165x60.png\",\"contentUrl\":\"https:\/\/www.cecotinternacionalitzacio.org\/wp-content\/uploads\/2015\/07\/Logo_Club_Int_165x60.png\",\"width\":165,\"height\":60,\"caption\":\"Club Cecot Internacionalitzaci\u00f3\"},\"image\":{\"@id\":\"https:\/\/www.cecotinternacionalitzacio.org\/#\/schema\/logo\/image\/\"}},{\"@type\":\"Person\",\"@id\":\"https:\/\/www.cecotinternacionalitzacio.org\/#\/schema\/person\/58d3621fb781542573f7224385ca68a2\",\"name\":\"Club Cecot Inter.\",\"image\":{\"@type\":\"ImageObject\",\"inLanguage\":\"es\",\"@id\":\"https:\/\/www.cecotinternacionalitzacio.org\/#\/schema\/person\/image\/\",\"url\":\"https:\/\/secure.gravatar.com\/avatar\/eacff8e73673ab09c1390cb7cd7b0fa00a987ef31f2368f5eeb668bbdb15ceec?s=96&r=g\",\"contentUrl\":\"https:\/\/secure.gravatar.com\/avatar\/eacff8e73673ab09c1390cb7cd7b0fa00a987ef31f2368f5eeb668bbdb15ceec?s=96&r=g\",\"caption\":\"Club Cecot Inter.\"},\"url\":\"https:\/\/www.cecotinternacionalitzacio.org\/es\/author\/club_admin\/\"}]}<\/script>\n<!-- \/ Yoast SEO plugin. -->","yoast_head_json":{"title":"Entrevista a Pol A. Fantoba:\" l'exportaci\u00f3 no \u00e9s cosa d'un sol tret: pensar-ho b\u00e9, quantificar i planificar b\u00e9 l\u2019estrat\u00e8gia a seguir \" - Club Cecot Internacionalitzaci\u00f3","robots":{"index":"noindex","follow":"follow","max-snippet":"max-snippet:-1","max-image-preview":"max-image-preview:large","max-video-preview":"max-video-preview:-1"},"og_locale":"es_ES","og_type":"article","og_title":"Entrevista a Pol A. Fantoba:\" l'exportaci\u00f3 no \u00e9s cosa d'un sol tret: pensar-ho b\u00e9, quantificar i planificar b\u00e9 l\u2019estrat\u00e8gia a seguir \" - Club Cecot Internacionalitzaci\u00f3","og_description":"Pol A. Fantoba,\u00a0Co-Founder &amp; Business Director at L\u00daCID DESIGN AGENCY L\u00facid Design Agency, l&#8217;ag\u00e8ncia de disseny i innovaci\u00f3 de Barcelona. Ajudem a empreses i organitzacions a crear oportunitats de negoci per mitj\u00e0 de l&#8217;estrat\u00e8gia i el disseny de productes i marques \u00faniques. Vam n\u00e9ixer com a dissenyadors de producte i els nostres clients ens van &hellip;... Llegir m\u00e9s &raquo;","og_url":"https:\/\/www.cecotinternacionalitzacio.org\/es\/entrevista-pol-fantobalexportacio-no-cosa-dun-sol-tret-pensar-ho-be-quantificar-planificar-be-lestrategia-seguir\/","og_site_name":"Club Cecot Internacionalitzaci\u00f3","article_published_time":"2017-06-20T11:02:03+00:00","article_modified_time":"2017-06-20T11:11:53+00:00","og_image":[{"url":"https:\/\/www.cecotinternacionalitzacio.org\/wp-content\/uploads\/2017\/06\/Pol-A.-Fantoba.jpg.png"}],"author":"Club Cecot Inter.","twitter_card":"summary","twitter_misc":{"Escrito por":"Club Cecot Inter.","Tiempo de lectura":"4 minutos"},"schema":{"@context":"https:\/\/schema.org","@graph":[{"@type":"Article","@id":"https:\/\/www.cecotinternacionalitzacio.org\/es\/entrevista-pol-fantobalexportacio-no-cosa-dun-sol-tret-pensar-ho-be-quantificar-planificar-be-lestrategia-seguir\/#article","isPartOf":{"@id":"https:\/\/www.cecotinternacionalitzacio.org\/es\/entrevista-pol-fantobalexportacio-no-cosa-dun-sol-tret-pensar-ho-be-quantificar-planificar-be-lestrategia-seguir\/"},"author":{"name":"Club Cecot Inter.","@id":"https:\/\/www.cecotinternacionalitzacio.org\/#\/schema\/person\/58d3621fb781542573f7224385ca68a2"},"headline":"Entrevista a Pol A. Fantoba:\u00bb l&#8217;exportaci\u00f3 no \u00e9s cosa d&#8217;un sol tret: pensar-ho b\u00e9, quantificar i planificar b\u00e9 l\u2019estrat\u00e8gia a seguir \u00ab","datePublished":"2017-06-20T11:02:03+00:00","dateModified":"2017-06-20T11:11:53+00:00","mainEntityOfPage":{"@id":"https:\/\/www.cecotinternacionalitzacio.org\/es\/entrevista-pol-fantobalexportacio-no-cosa-dun-sol-tret-pensar-ho-be-quantificar-planificar-be-lestrategia-seguir\/"},"wordCount":840,"publisher":{"@id":"https:\/\/www.cecotinternacionalitzacio.org\/#organization"},"keywords":["cecot","Cercle Cecot de joves empresaris","club internacionalitzaci\u00f3","LUCID","Pol A. Fantoba"],"articleSection":["Entrevista"],"inLanguage":"es"},{"@type":"WebPage","@id":"https:\/\/www.cecotinternacionalitzacio.org\/es\/entrevista-pol-fantobalexportacio-no-cosa-dun-sol-tret-pensar-ho-be-quantificar-planificar-be-lestrategia-seguir\/","url":"https:\/\/www.cecotinternacionalitzacio.org\/es\/entrevista-pol-fantobalexportacio-no-cosa-dun-sol-tret-pensar-ho-be-quantificar-planificar-be-lestrategia-seguir\/","name":"Entrevista a Pol A. Fantoba:\" l'exportaci\u00f3 no \u00e9s cosa d'un sol tret: pensar-ho b\u00e9, quantificar i planificar b\u00e9 l\u2019estrat\u00e8gia a seguir \" - Club Cecot Internacionalitzaci\u00f3","isPartOf":{"@id":"https:\/\/www.cecotinternacionalitzacio.org\/#website"},"datePublished":"2017-06-20T11:02:03+00:00","dateModified":"2017-06-20T11:11:53+00:00","breadcrumb":{"@id":"https:\/\/www.cecotinternacionalitzacio.org\/es\/entrevista-pol-fantobalexportacio-no-cosa-dun-sol-tret-pensar-ho-be-quantificar-planificar-be-lestrategia-seguir\/#breadcrumb"},"inLanguage":"es","potentialAction":[{"@type":"ReadAction","target":["https:\/\/www.cecotinternacionalitzacio.org\/es\/entrevista-pol-fantobalexportacio-no-cosa-dun-sol-tret-pensar-ho-be-quantificar-planificar-be-lestrategia-seguir\/"]}]},{"@type":"BreadcrumbList","@id":"https:\/\/www.cecotinternacionalitzacio.org\/es\/entrevista-pol-fantobalexportacio-no-cosa-dun-sol-tret-pensar-ho-be-quantificar-planificar-be-lestrategia-seguir\/#breadcrumb","itemListElement":[{"@type":"ListItem","position":1,"name":"Inici","item":"https:\/\/www.cecotinternacionalitzacio.org\/es\/"},{"@type":"ListItem","position":2,"name":"Entrevista a Pol A. Fantoba:&#8221; l&#8217;exportaci\u00f3 no \u00e9s cosa d&#8217;un sol tret: pensar-ho b\u00e9, quantificar i planificar b\u00e9 l\u2019estrat\u00e8gia a seguir &#8220;"}]},{"@type":"WebSite","@id":"https:\/\/www.cecotinternacionalitzacio.org\/#website","url":"https:\/\/www.cecotinternacionalitzacio.org\/","name":"Club Cecot Internacionalitzaci\u00f3","description":"Un f\u00f2rum d\u2019intercanvi d\u2019experi\u00e8ncies sobre l\u2019activitat exportadora de les empreses","publisher":{"@id":"https:\/\/www.cecotinternacionalitzacio.org\/#organization"},"potentialAction":[{"@type":"SearchAction","target":{"@type":"EntryPoint","urlTemplate":"https:\/\/www.cecotinternacionalitzacio.org\/?s={search_term_string}"},"query-input":"required name=search_term_string"}],"inLanguage":"es"},{"@type":"Organization","@id":"https:\/\/www.cecotinternacionalitzacio.org\/#organization","name":"Club Cecot Internacionalitzaci\u00f3","url":"https:\/\/www.cecotinternacionalitzacio.org\/","sameAs":[],"logo":{"@type":"ImageObject","inLanguage":"es","@id":"https:\/\/www.cecotinternacionalitzacio.org\/#\/schema\/logo\/image\/","url":"https:\/\/www.cecotinternacionalitzacio.org\/wp-content\/uploads\/2015\/07\/Logo_Club_Int_165x60.png","contentUrl":"https:\/\/www.cecotinternacionalitzacio.org\/wp-content\/uploads\/2015\/07\/Logo_Club_Int_165x60.png","width":165,"height":60,"caption":"Club Cecot Internacionalitzaci\u00f3"},"image":{"@id":"https:\/\/www.cecotinternacionalitzacio.org\/#\/schema\/logo\/image\/"}},{"@type":"Person","@id":"https:\/\/www.cecotinternacionalitzacio.org\/#\/schema\/person\/58d3621fb781542573f7224385ca68a2","name":"Club Cecot Inter.","image":{"@type":"ImageObject","inLanguage":"es","@id":"https:\/\/www.cecotinternacionalitzacio.org\/#\/schema\/person\/image\/","url":"https:\/\/secure.gravatar.com\/avatar\/eacff8e73673ab09c1390cb7cd7b0fa00a987ef31f2368f5eeb668bbdb15ceec?s=96&r=g","contentUrl":"https:\/\/secure.gravatar.com\/avatar\/eacff8e73673ab09c1390cb7cd7b0fa00a987ef31f2368f5eeb668bbdb15ceec?s=96&r=g","caption":"Club Cecot Inter."},"url":"https:\/\/www.cecotinternacionalitzacio.org\/es\/author\/club_admin\/"}]}},"_links":{"self":[{"href":"https:\/\/www.cecotinternacionalitzacio.org\/es\/wp-json\/wp\/v2\/posts\/4828","targetHints":{"allow":["GET"]}}],"collection":[{"href":"https:\/\/www.cecotinternacionalitzacio.org\/es\/wp-json\/wp\/v2\/posts"}],"about":[{"href":"https:\/\/www.cecotinternacionalitzacio.org\/es\/wp-json\/wp\/v2\/types\/post"}],"author":[{"embeddable":true,"href":"https:\/\/www.cecotinternacionalitzacio.org\/es\/wp-json\/wp\/v2\/users\/1"}],"replies":[{"embeddable":true,"href":"https:\/\/www.cecotinternacionalitzacio.org\/es\/wp-json\/wp\/v2\/comments?post=4828"}],"version-history":[{"count":0,"href":"https:\/\/www.cecotinternacionalitzacio.org\/es\/wp-json\/wp\/v2\/posts\/4828\/revisions"}],"wp:attachment":[{"href":"https:\/\/www.cecotinternacionalitzacio.org\/es\/wp-json\/wp\/v2\/media?parent=4828"}],"wp:term":[{"taxonomy":"category","embeddable":true,"href":"https:\/\/www.cecotinternacionalitzacio.org\/es\/wp-json\/wp\/v2\/categories?post=4828"},{"taxonomy":"post_tag","embeddable":true,"href":"https:\/\/www.cecotinternacionalitzacio.org\/es\/wp-json\/wp\/v2\/tags?post=4828"}],"curies":[{"name":"wp","href":"https:\/\/api.w.org\/{rel}","templated":true}]}}