{"id":5089,"date":"2017-10-31T16:21:38","date_gmt":"2017-10-31T15:21:38","guid":{"rendered":"http:\/\/www.cecotinternacionalitzacio.org\/?p=5089\/"},"modified":"2017-11-02T16:29:46","modified_gmt":"2017-11-02T15:29:46","slug":"entrevisa-ferran-cormines","status":"publish","type":"post","link":"https:\/\/www.cecotinternacionalitzacio.org\/es\/entrevisa-ferran-cormines\/","title":{"rendered":"Entrevisa a Ferran Coromines: \u00ab\u00c0frica vol dir: insit\u00e8ncia i resist\u00e8ncia, que al final es tradueix en diners\u00bb"},"content":{"rendered":"<p style=\"text-align: justify;\">Ferran Coromines \u00e9s export manager de Mobel Linea S.L<\/p>\n<p style=\"text-align: justify;\"><a href=\"http:\/\/www.mobellinea.es\">Mobel Linea<\/a>\u00a0 va ser creada al 1973. Dissenyem mobiliari d&#8217;oficina i aportem funcionalitat, disseny i comoditat a cada lloc de treball. Des de l&#8217;any 2001 disposem de l&#8217;ISO 9001. Som una empresa compromesa amb l&#8217;entorn, desenvolupem la nostra activitat aplicant les normes i bones pr\u00e0ctiques ambientals.<!--more--><\/p>\n<p style=\"text-align: justify;\"><strong>1 Quins s\u00f3n els aspectes m\u00e9s rellevants que destacaria de la seva experi\u00e8ncia en els mercats \u00a0d\u2019\u00c0frica?\u00a0<\/strong><\/p>\n<p style=\"text-align: justify;\"><img loading=\"lazy\" decoding=\"async\" class=\"alignleft wp-image-5091\" src=\"https:\/\/www.cecotinternacionalitzacio.org\/wp-content\/uploads\/2017\/11\/\u00c0frica.jpg\" alt=\"\" width=\"361\" height=\"482\" srcset=\"https:\/\/www.cecotinternacionalitzacio.org\/wp-content\/uploads\/2017\/11\/\u00c0frica.jpg 1200w, https:\/\/www.cecotinternacionalitzacio.org\/wp-content\/uploads\/2017\/11\/\u00c0frica-225x300.jpg 225w, https:\/\/www.cecotinternacionalitzacio.org\/wp-content\/uploads\/2017\/11\/\u00c0frica-768x1024.jpg 768w, https:\/\/www.cecotinternacionalitzacio.org\/wp-content\/uploads\/2017\/11\/\u00c0frica-600x800.jpg 600w\" sizes=\"auto, (max-width: 361px) 100vw, 361px\" \/>El continent \u00e9s un contrast de cultures, d\u2019idiomes, etc,\u00a0 \u00a0nom\u00e9s com a mundologia val la pena,\u00a0 alhora sempre he pensat que \u00e9s un continent que de moment necessita comprar de tot, tot i que a futur ens haurem de replantejar el negoci, de comprar-ho gaireb\u00e9 tot, comen\u00e7ar\u00e0 a fabricar.<\/p>\n<p style=\"text-align: justify;\"><strong>2. En la seva opini\u00f3 quines s\u00f3n les empreses que poden \u00a0realment plantejar-se accedir als mercats d\u2019\u00c0frica?\u00a0\u00a0\u00a0\u00a0\u00a0\u00a0<\/strong><\/p>\n<p style=\"text-align: justify;\">Les empreses que poden anar a vendre a l\u2019africa son aquelles que ja tinguin un departament d\u2019exportaci\u00f3 potent, que ja tinguin experi\u00e9ncia en l\u2019exportaci\u00f3 i que el seu compte de resultats sigui POSITIU. L\u2019Africa no \u00e9s un mercat que pogui solucionar els comptes de resultats, no \u00e9s un mercat d\u2019avui per dem\u00e0.<\/p>\n<p style=\"text-align: justify;\"><strong>3. Hi ha algun factor determinant avui dia a l\u2019hora de decidir fer negocis en aquests continent?<\/strong><\/p>\n<p style=\"text-align: justify;\">Si, l\u2019empresari que \u00e9s obert i que considera que cal invertir en una prospecci\u00f3 a llarg pla\u00e7 en un continent for\u00e7a desconegut.<\/p>\n<p style=\"text-align: justify;\"><strong>4. Hi ha errors comuns entre les empreses que intenten fer negocis a l\u2019\u00c0frica?<\/strong><\/p>\n<p style=\"text-align: justify;\">Si, l\u2019error \u00e9s el cl\u00e0ssic \u201c comercial \u201c que diu que t\u00e9 contactes a nivell de govern i que \u00e9s amic, del amic\u2026. aix\u00f3 NO FUNCIONA !! Avui en molts pa\u00edssos africans ja existeix gent del sector que sigui\u2026.. cal saber qui son els bons i els menys bons.<\/p>\n<p style=\"text-align: justify;\"><strong>5.\u00a0 Serveixen les mateixes estrat\u00e8gies d\u2019entrada a qualsevol mercat?<\/strong><\/p>\n<p style=\"text-align: justify;\">No. Cal pensar que a l\u2019africa co-habiten pa\u00edssos anglofons, francofons en general ( tamb\u00e9 existeix Angola i Mo\u00e7ambique, que son ex colonies portugueses ) \u00a0\u2026.. \u00a0uns parlen franc\u00e8s, els altres parlen angl\u00e8s i cada pa\u00eds t\u00e9 la seva manera de funcionar.<\/p>\n<p style=\"text-align: justify;\"><strong>6.\u00a0 Es important la dimensi\u00f3 de l\u2019empresa per accedir a aquests mercats?<\/strong><\/p>\n<p style=\"text-align: justify;\">Condiciona for\u00e7a de cara a una bona prospecci\u00f3, \u00a0a l\u2019hora que \u00c0FRICA vol dir \u00a0: insist\u00e8ncia i resist\u00e8ncia, que al final, vol dir diners.<\/p>\n<p style=\"text-align: justify;\"><strong>7. Quins s\u00f3n els pa\u00efsos que recomanaria o destacaria per fer negocis o iniciar relacions comercials?\u00a0\u00a0<\/strong><\/p>\n<p style=\"text-align: justify;\">Tots els pa\u00edssos que tenen una mica de cara i ulls, una r\u00e0pida mirada per INTERNET \u00e9s f\u00e0cil saber quins\u2026.. No t\u00e9 gaire sentit invertir al Txad per\u00f3 si agafar un avi\u00f3 i baixar fins al Marroc o Kenya.<\/p>\n<p style=\"text-align: justify;\"><strong>8. Quins quatre consells donaria a una empresa que vol iniciar-se en aquests mercats?<\/strong><\/p>\n<p style=\"text-align: justify;\">1. Si \u00e9s comen\u00e7a s\u2019ha d&#8217;acabar, \u00e9s una aventura a 5 anys m\u00ednim, no sortir\u00e0 cap venda, ni un gran distribu\u00efdor a curt pla\u00e7 ( m\u00ednim d\u2019un a dos anys ) i despr\u00e9s toca la consolidaci\u00f3, que son 3-4 anys m\u00e9s. ( sempre hi ha alg\u00fa que t\u00e9 sort, per\u00f3 en general son vendes espor\u00e0diques.<\/p>\n<p style=\"text-align: justify;\">2. El distribu\u00efdor \/ client de l&#8217;\u00c0frica ha de rebre les mateixes atencions que t\u00e9 un distribu\u00efdor \/ client de Fran\u00e7a\u2026\u2026.<\/p>\n<p style=\"text-align: justify;\">3. No caure en l\u2019error t\u00edpic, que els negres nom\u00e9s compren vells stocks. A l\u2019\u00c0frica hi ha mercat per tot.<\/p>\n<p style=\"text-align: justify;\">4. No caure en la temptaci\u00f3 que qualsevol pot vendre qualsevol cosa, l\u2019\u00c0frica \u00e9s molt gran i t\u00e9 aprox 55 pa\u00edssos.<\/p>\n","protected":false},"excerpt":{"rendered":"<p>Ferran Coromines \u00e9s export manager de Mobel Linea S.L Mobel Linea\u00a0 va ser creada al 1973. Dissenyem mobiliari d&#8217;oficina i aportem funcionalitat, disseny i comoditat a cada lloc de treball. Des de l&#8217;any 2001 disposem de l&#8217;ISO 9001. Som una empresa compromesa amb l&#8217;entorn, desenvolupem la nostra activitat aplicant les normes i bones pr\u00e0ctiques ambientals&#8230;. <a class=\"moretag\" href=\"https:\/\/www.cecotinternacionalitzacio.org\/es\/entrevisa-ferran-cormines\/\"><br \/>Llegir m\u00e9s &raquo;<\/a><\/p>\n","protected":false},"author":1,"featured_media":0,"comment_status":"closed","ping_status":"closed","sticky":false,"template":"","format":"standard","meta":{"_acf_changed":false,"_exactmetrics_skip_tracking":false,"_exactmetrics_sitenote_active":false,"_exactmetrics_sitenote_note":"","_exactmetrics_sitenote_category":0,"footnotes":""},"categories":[194],"tags":[113,269,304,391],"class_list":["post-5089","post","type-post","status-publish","format-standard","hentry","category-entrevista-cat","tag-cecot","tag-club-internacionalitzacio","tag-entrevista","tag-ferran-coromines"],"acf":[],"yoast_head":"<!-- This site is optimized with the Yoast SEO plugin v19.6.1 - https:\/\/yoast.com\/wordpress\/plugins\/seo\/ -->\n<title>Entrevisa a Ferran Coromines: &quot;\u00c0frica vol dir: insit\u00e8ncia i resist\u00e8ncia, que al final es tradueix en diners&quot; - Club Cecot Internacionalitzaci\u00f3<\/title>\n<meta name=\"robots\" content=\"noindex, follow, max-snippet:-1, max-image-preview:large, max-video-preview:-1\" \/>\n<meta property=\"og:locale\" content=\"es_ES\" \/>\n<meta property=\"og:type\" content=\"article\" \/>\n<meta property=\"og:title\" content=\"Entrevisa a Ferran Coromines: &quot;\u00c0frica vol dir: insit\u00e8ncia i resist\u00e8ncia, que al final es tradueix en diners&quot; - Club Cecot Internacionalitzaci\u00f3\" \/>\n<meta property=\"og:description\" content=\"Ferran Coromines \u00e9s export manager de Mobel Linea S.L Mobel Linea\u00a0 va ser creada al 1973. Dissenyem mobiliari d&#8217;oficina i aportem funcionalitat, disseny i comoditat a cada lloc de treball. Des de l&#8217;any 2001 disposem de l&#8217;ISO 9001. Som una empresa compromesa amb l&#8217;entorn, desenvolupem la nostra activitat aplicant les normes i bones pr\u00e0ctiques ambientals.... Llegir m\u00e9s &raquo;\" \/>\n<meta property=\"og:url\" content=\"https:\/\/www.cecotinternacionalitzacio.org\/es\/entrevisa-ferran-cormines\/\" \/>\n<meta property=\"og:site_name\" content=\"Club Cecot Internacionalitzaci\u00f3\" \/>\n<meta property=\"article:published_time\" content=\"2017-10-31T15:21:38+00:00\" \/>\n<meta property=\"article:modified_time\" content=\"2017-11-02T15:29:46+00:00\" \/>\n<meta property=\"og:image\" content=\"https:\/\/www.cecotinternacionalitzacio.org\/wp-content\/uploads\/2017\/11\/\u00c0frica.jpg\" \/>\n<meta name=\"author\" content=\"Club Cecot Inter.\" \/>\n<meta name=\"twitter:card\" content=\"summary\" \/>\n<meta name=\"twitter:label1\" content=\"Escrito por\" \/>\n\t<meta name=\"twitter:data1\" content=\"Club Cecot Inter.\" \/>\n\t<meta name=\"twitter:label2\" content=\"Tiempo de lectura\" \/>\n\t<meta name=\"twitter:data2\" content=\"3 minutos\" \/>\n<script type=\"application\/ld+json\" class=\"yoast-schema-graph\">{\"@context\":\"https:\/\/schema.org\",\"@graph\":[{\"@type\":\"Article\",\"@id\":\"https:\/\/www.cecotinternacionalitzacio.org\/es\/entrevisa-ferran-cormines\/#article\",\"isPartOf\":{\"@id\":\"https:\/\/www.cecotinternacionalitzacio.org\/es\/entrevisa-ferran-cormines\/\"},\"author\":{\"name\":\"Club Cecot Inter.\",\"@id\":\"https:\/\/www.cecotinternacionalitzacio.org\/#\/schema\/person\/58d3621fb781542573f7224385ca68a2\"},\"headline\":\"Entrevisa a Ferran Coromines: \u00ab\u00c0frica vol dir: insit\u00e8ncia i resist\u00e8ncia, que al final es tradueix en diners\u00bb\",\"datePublished\":\"2017-10-31T15:21:38+00:00\",\"dateModified\":\"2017-11-02T15:29:46+00:00\",\"mainEntityOfPage\":{\"@id\":\"https:\/\/www.cecotinternacionalitzacio.org\/es\/entrevisa-ferran-cormines\/\"},\"wordCount\":615,\"publisher\":{\"@id\":\"https:\/\/www.cecotinternacionalitzacio.org\/#organization\"},\"keywords\":[\"cecot\",\"club internacionalitzaci\u00f3\",\"entrevista\",\"ferran coromines\"],\"articleSection\":[\"Entrevista\"],\"inLanguage\":\"es\"},{\"@type\":\"WebPage\",\"@id\":\"https:\/\/www.cecotinternacionalitzacio.org\/es\/entrevisa-ferran-cormines\/\",\"url\":\"https:\/\/www.cecotinternacionalitzacio.org\/es\/entrevisa-ferran-cormines\/\",\"name\":\"Entrevisa a Ferran Coromines: \\\"\u00c0frica vol dir: insit\u00e8ncia i resist\u00e8ncia, que al final es tradueix en diners\\\" - Club Cecot Internacionalitzaci\u00f3\",\"isPartOf\":{\"@id\":\"https:\/\/www.cecotinternacionalitzacio.org\/#website\"},\"datePublished\":\"2017-10-31T15:21:38+00:00\",\"dateModified\":\"2017-11-02T15:29:46+00:00\",\"breadcrumb\":{\"@id\":\"https:\/\/www.cecotinternacionalitzacio.org\/es\/entrevisa-ferran-cormines\/#breadcrumb\"},\"inLanguage\":\"es\",\"potentialAction\":[{\"@type\":\"ReadAction\",\"target\":[\"https:\/\/www.cecotinternacionalitzacio.org\/es\/entrevisa-ferran-cormines\/\"]}]},{\"@type\":\"BreadcrumbList\",\"@id\":\"https:\/\/www.cecotinternacionalitzacio.org\/es\/entrevisa-ferran-cormines\/#breadcrumb\",\"itemListElement\":[{\"@type\":\"ListItem\",\"position\":1,\"name\":\"Inici\",\"item\":\"https:\/\/www.cecotinternacionalitzacio.org\/es\/\"},{\"@type\":\"ListItem\",\"position\":2,\"name\":\"Entrevisa a Ferran Coromines: &#8220;\u00c0frica vol dir: insit\u00e8ncia i resist\u00e8ncia, que al final es tradueix en diners&#8221;\"}]},{\"@type\":\"WebSite\",\"@id\":\"https:\/\/www.cecotinternacionalitzacio.org\/#website\",\"url\":\"https:\/\/www.cecotinternacionalitzacio.org\/\",\"name\":\"Club Cecot Internacionalitzaci\u00f3\",\"description\":\"Un f\u00f2rum d\u2019intercanvi d\u2019experi\u00e8ncies sobre l\u2019activitat exportadora de les empreses\",\"publisher\":{\"@id\":\"https:\/\/www.cecotinternacionalitzacio.org\/#organization\"},\"potentialAction\":[{\"@type\":\"SearchAction\",\"target\":{\"@type\":\"EntryPoint\",\"urlTemplate\":\"https:\/\/www.cecotinternacionalitzacio.org\/?s={search_term_string}\"},\"query-input\":\"required name=search_term_string\"}],\"inLanguage\":\"es\"},{\"@type\":\"Organization\",\"@id\":\"https:\/\/www.cecotinternacionalitzacio.org\/#organization\",\"name\":\"Club Cecot Internacionalitzaci\u00f3\",\"url\":\"https:\/\/www.cecotinternacionalitzacio.org\/\",\"sameAs\":[],\"logo\":{\"@type\":\"ImageObject\",\"inLanguage\":\"es\",\"@id\":\"https:\/\/www.cecotinternacionalitzacio.org\/#\/schema\/logo\/image\/\",\"url\":\"https:\/\/www.cecotinternacionalitzacio.org\/wp-content\/uploads\/2015\/07\/Logo_Club_Int_165x60.png\",\"contentUrl\":\"https:\/\/www.cecotinternacionalitzacio.org\/wp-content\/uploads\/2015\/07\/Logo_Club_Int_165x60.png\",\"width\":165,\"height\":60,\"caption\":\"Club Cecot Internacionalitzaci\u00f3\"},\"image\":{\"@id\":\"https:\/\/www.cecotinternacionalitzacio.org\/#\/schema\/logo\/image\/\"}},{\"@type\":\"Person\",\"@id\":\"https:\/\/www.cecotinternacionalitzacio.org\/#\/schema\/person\/58d3621fb781542573f7224385ca68a2\",\"name\":\"Club Cecot Inter.\",\"image\":{\"@type\":\"ImageObject\",\"inLanguage\":\"es\",\"@id\":\"https:\/\/www.cecotinternacionalitzacio.org\/#\/schema\/person\/image\/\",\"url\":\"https:\/\/secure.gravatar.com\/avatar\/eacff8e73673ab09c1390cb7cd7b0fa00a987ef31f2368f5eeb668bbdb15ceec?s=96&r=g\",\"contentUrl\":\"https:\/\/secure.gravatar.com\/avatar\/eacff8e73673ab09c1390cb7cd7b0fa00a987ef31f2368f5eeb668bbdb15ceec?s=96&r=g\",\"caption\":\"Club Cecot Inter.\"},\"url\":\"https:\/\/www.cecotinternacionalitzacio.org\/es\/author\/club_admin\/\"}]}<\/script>\n<!-- \/ Yoast SEO plugin. -->","yoast_head_json":{"title":"Entrevisa a Ferran Coromines: \"\u00c0frica vol dir: insit\u00e8ncia i resist\u00e8ncia, que al final es tradueix en diners\" - Club Cecot Internacionalitzaci\u00f3","robots":{"index":"noindex","follow":"follow","max-snippet":"max-snippet:-1","max-image-preview":"max-image-preview:large","max-video-preview":"max-video-preview:-1"},"og_locale":"es_ES","og_type":"article","og_title":"Entrevisa a Ferran Coromines: \"\u00c0frica vol dir: insit\u00e8ncia i resist\u00e8ncia, que al final es tradueix en diners\" - Club Cecot Internacionalitzaci\u00f3","og_description":"Ferran Coromines \u00e9s export manager de Mobel Linea S.L Mobel Linea\u00a0 va ser creada al 1973. Dissenyem mobiliari d&#8217;oficina i aportem funcionalitat, disseny i comoditat a cada lloc de treball. Des de l&#8217;any 2001 disposem de l&#8217;ISO 9001. Som una empresa compromesa amb l&#8217;entorn, desenvolupem la nostra activitat aplicant les normes i bones pr\u00e0ctiques ambientals.... Llegir m\u00e9s &raquo;","og_url":"https:\/\/www.cecotinternacionalitzacio.org\/es\/entrevisa-ferran-cormines\/","og_site_name":"Club Cecot Internacionalitzaci\u00f3","article_published_time":"2017-10-31T15:21:38+00:00","article_modified_time":"2017-11-02T15:29:46+00:00","og_image":[{"url":"https:\/\/www.cecotinternacionalitzacio.org\/wp-content\/uploads\/2017\/11\/\u00c0frica.jpg"}],"author":"Club Cecot Inter.","twitter_card":"summary","twitter_misc":{"Escrito por":"Club Cecot Inter.","Tiempo de lectura":"3 minutos"},"schema":{"@context":"https:\/\/schema.org","@graph":[{"@type":"Article","@id":"https:\/\/www.cecotinternacionalitzacio.org\/es\/entrevisa-ferran-cormines\/#article","isPartOf":{"@id":"https:\/\/www.cecotinternacionalitzacio.org\/es\/entrevisa-ferran-cormines\/"},"author":{"name":"Club Cecot Inter.","@id":"https:\/\/www.cecotinternacionalitzacio.org\/#\/schema\/person\/58d3621fb781542573f7224385ca68a2"},"headline":"Entrevisa a Ferran Coromines: \u00ab\u00c0frica vol dir: insit\u00e8ncia i resist\u00e8ncia, que al final es tradueix en diners\u00bb","datePublished":"2017-10-31T15:21:38+00:00","dateModified":"2017-11-02T15:29:46+00:00","mainEntityOfPage":{"@id":"https:\/\/www.cecotinternacionalitzacio.org\/es\/entrevisa-ferran-cormines\/"},"wordCount":615,"publisher":{"@id":"https:\/\/www.cecotinternacionalitzacio.org\/#organization"},"keywords":["cecot","club internacionalitzaci\u00f3","entrevista","ferran coromines"],"articleSection":["Entrevista"],"inLanguage":"es"},{"@type":"WebPage","@id":"https:\/\/www.cecotinternacionalitzacio.org\/es\/entrevisa-ferran-cormines\/","url":"https:\/\/www.cecotinternacionalitzacio.org\/es\/entrevisa-ferran-cormines\/","name":"Entrevisa a Ferran Coromines: \"\u00c0frica vol dir: insit\u00e8ncia i resist\u00e8ncia, que al final es tradueix en diners\" - Club Cecot Internacionalitzaci\u00f3","isPartOf":{"@id":"https:\/\/www.cecotinternacionalitzacio.org\/#website"},"datePublished":"2017-10-31T15:21:38+00:00","dateModified":"2017-11-02T15:29:46+00:00","breadcrumb":{"@id":"https:\/\/www.cecotinternacionalitzacio.org\/es\/entrevisa-ferran-cormines\/#breadcrumb"},"inLanguage":"es","potentialAction":[{"@type":"ReadAction","target":["https:\/\/www.cecotinternacionalitzacio.org\/es\/entrevisa-ferran-cormines\/"]}]},{"@type":"BreadcrumbList","@id":"https:\/\/www.cecotinternacionalitzacio.org\/es\/entrevisa-ferran-cormines\/#breadcrumb","itemListElement":[{"@type":"ListItem","position":1,"name":"Inici","item":"https:\/\/www.cecotinternacionalitzacio.org\/es\/"},{"@type":"ListItem","position":2,"name":"Entrevisa a Ferran Coromines: &#8220;\u00c0frica vol dir: insit\u00e8ncia i resist\u00e8ncia, que al final es tradueix en diners&#8221;"}]},{"@type":"WebSite","@id":"https:\/\/www.cecotinternacionalitzacio.org\/#website","url":"https:\/\/www.cecotinternacionalitzacio.org\/","name":"Club Cecot Internacionalitzaci\u00f3","description":"Un f\u00f2rum d\u2019intercanvi d\u2019experi\u00e8ncies sobre l\u2019activitat exportadora de les empreses","publisher":{"@id":"https:\/\/www.cecotinternacionalitzacio.org\/#organization"},"potentialAction":[{"@type":"SearchAction","target":{"@type":"EntryPoint","urlTemplate":"https:\/\/www.cecotinternacionalitzacio.org\/?s={search_term_string}"},"query-input":"required name=search_term_string"}],"inLanguage":"es"},{"@type":"Organization","@id":"https:\/\/www.cecotinternacionalitzacio.org\/#organization","name":"Club Cecot Internacionalitzaci\u00f3","url":"https:\/\/www.cecotinternacionalitzacio.org\/","sameAs":[],"logo":{"@type":"ImageObject","inLanguage":"es","@id":"https:\/\/www.cecotinternacionalitzacio.org\/#\/schema\/logo\/image\/","url":"https:\/\/www.cecotinternacionalitzacio.org\/wp-content\/uploads\/2015\/07\/Logo_Club_Int_165x60.png","contentUrl":"https:\/\/www.cecotinternacionalitzacio.org\/wp-content\/uploads\/2015\/07\/Logo_Club_Int_165x60.png","width":165,"height":60,"caption":"Club Cecot Internacionalitzaci\u00f3"},"image":{"@id":"https:\/\/www.cecotinternacionalitzacio.org\/#\/schema\/logo\/image\/"}},{"@type":"Person","@id":"https:\/\/www.cecotinternacionalitzacio.org\/#\/schema\/person\/58d3621fb781542573f7224385ca68a2","name":"Club Cecot Inter.","image":{"@type":"ImageObject","inLanguage":"es","@id":"https:\/\/www.cecotinternacionalitzacio.org\/#\/schema\/person\/image\/","url":"https:\/\/secure.gravatar.com\/avatar\/eacff8e73673ab09c1390cb7cd7b0fa00a987ef31f2368f5eeb668bbdb15ceec?s=96&r=g","contentUrl":"https:\/\/secure.gravatar.com\/avatar\/eacff8e73673ab09c1390cb7cd7b0fa00a987ef31f2368f5eeb668bbdb15ceec?s=96&r=g","caption":"Club Cecot Inter."},"url":"https:\/\/www.cecotinternacionalitzacio.org\/es\/author\/club_admin\/"}]}},"_links":{"self":[{"href":"https:\/\/www.cecotinternacionalitzacio.org\/es\/wp-json\/wp\/v2\/posts\/5089","targetHints":{"allow":["GET"]}}],"collection":[{"href":"https:\/\/www.cecotinternacionalitzacio.org\/es\/wp-json\/wp\/v2\/posts"}],"about":[{"href":"https:\/\/www.cecotinternacionalitzacio.org\/es\/wp-json\/wp\/v2\/types\/post"}],"author":[{"embeddable":true,"href":"https:\/\/www.cecotinternacionalitzacio.org\/es\/wp-json\/wp\/v2\/users\/1"}],"replies":[{"embeddable":true,"href":"https:\/\/www.cecotinternacionalitzacio.org\/es\/wp-json\/wp\/v2\/comments?post=5089"}],"version-history":[{"count":0,"href":"https:\/\/www.cecotinternacionalitzacio.org\/es\/wp-json\/wp\/v2\/posts\/5089\/revisions"}],"wp:attachment":[{"href":"https:\/\/www.cecotinternacionalitzacio.org\/es\/wp-json\/wp\/v2\/media?parent=5089"}],"wp:term":[{"taxonomy":"category","embeddable":true,"href":"https:\/\/www.cecotinternacionalitzacio.org\/es\/wp-json\/wp\/v2\/categories?post=5089"},{"taxonomy":"post_tag","embeddable":true,"href":"https:\/\/www.cecotinternacionalitzacio.org\/es\/wp-json\/wp\/v2\/tags?post=5089"}],"curies":[{"name":"wp","href":"https:\/\/api.w.org\/{rel}","templated":true}]}}