{"id":5131,"date":"2017-12-04T13:57:49","date_gmt":"2017-12-04T12:57:49","guid":{"rendered":"http:\/\/www.cecotinternacionalitzacio.org\/?p=5131\/"},"modified":"2017-12-05T04:49:28","modified_gmt":"2017-12-05T03:49:28","slug":"desplacament-treballadors-lexterior","status":"publish","type":"post","link":"https:\/\/www.cecotinternacionalitzacio.org\/es\/desplacament-treballadors-lexterior\/","title":{"rendered":"El despla\u00e7ament de treballadors a l\u2019exterior"},"content":{"rendered":"<p>Es freq\u00fcent\u00a0 que les empreses hagin d\u2019enviar\u00a0 treballadors a d\u2019altres pa\u00efsos per tal de dur a terme tasques diverses. Si es tracta de realitzar activitats purament comercials o de gesti\u00f3 de negocis, en principi no sol haver requeriments ni formalitats. Nom\u00e9s caldr\u00e0 assegurar, si\u00a0 \u00e9s fora de la UE, l\u2019obtenci\u00f3 de visats en el cas d\u2019aquells pa\u00efsos que ho requereixen i en el cas de dur mostraris o mostres, portar la documentaci\u00f3 pertinent per a realitzar els tr\u00e0mits duaners de sortida i entrada al pa\u00eds de dest\u00ed.<br \/>\n<!--more--><\/p>\n<p>Si el despla\u00e7ament ve motivat per la necessitat de dur a terme algun tipus de treball (posada en marxa, manteniments, reparacions, instal\u00b7lacions\u00a0 etc\u2026..), caldr\u00e0 tenir en compte els seg\u00fcents aspectes:<\/p>\n<p><strong>Aspectes referits als serveis d\u2019immigraci\u00f3<\/strong><\/p>\n<p>Si els treballs s\u2019han d\u2019executar en un dels Estats Membres en principi <strong>no haurien d\u2019existir requeriments d\u2019aquesta naturalesa, sempre i quan els treballadors siguin d\u2019origen comunitari<\/strong>. Pot passar, per\u00f2, que l\u2019empresa tingui previst despla\u00e7ar un treballador de nacionalitat no comunitari en quin cas s\u00ed que es pot trobar amb alguna restricci\u00f3 que caldria analitzar abans.<\/p>\n<p>Quan els treballs s\u2019han de realitzar en pa\u00efsos <strong>no comunitaris<\/strong> cal preveure la possibilitat que s\u2019exigeixin <strong>permisos de treball<\/strong> a les persones despla\u00e7ades, malgrat ho facin per compte d\u2018una empresa d\u2019aqu\u00ed. Per exemple, Andorra exigeix permisos per als treballadors d\u2019empreses estrangers que hagin d\u2019estar-hi m\u00e9s de 5 dies i una comunicaci\u00f3 pr\u00e8via per durades inferiors a 5 dies.<\/p>\n<p><strong>Aspectes laborals, de Seguretat Social i cobertura sanit\u00e0ria<\/strong><\/p>\n<p>L\u2019empresa que despla\u00e7a treballadors a d\u2019altres pa\u00efsos ha de <strong>notificar el seu despla\u00e7ament a la Tresoreria de la Seguretat Social espanyola<\/strong> per tal que puguin treballar sota la cobertura espanyola, si s\u00f3n despla\u00e7aments a Estats Membres o pa\u00efsos amb conveni.<\/p>\n<p>Quant a la <strong>cobertura sanit\u00e0ria<\/strong>, depenent de la durada del despla\u00e7ament, cal estudiar la conveni\u00e8ncia de contractar una asseguran\u00e7a privada, segons quin sigui l\u2019\u00e0mbit de cobertura gratu\u00efta en la jurisdicci\u00f3 de dest\u00ed.<\/p>\n<p>Si el despla\u00e7ament es fa a <strong>pa\u00efsos no comunitaris i sense conveni<\/strong>, s\u2019ha de veure quins s\u00f3n en cada cas els requisits exigits segons la legislaci\u00f3 local dest\u00ed pel que fa a l\u2019obligaci\u00f3 de cotitzaci\u00f3 a la Seguretat Social i aqu\u00ed s\u00ed ser\u00e0 convenient, i en alguns casos obligatori, contractar una asseguran\u00e7a de salut.<\/p>\n<p>Es freq\u00fcent a mes a m\u00e9s que sigui obligatori la comunicaci\u00f3 pr\u00e8via a l\u2019autoritat laboral del pa\u00eds de dest\u00ed. \u00c9s a dir l\u2019empesa abans de despla\u00e7ar els treballadors t\u00e9 l\u2019obligaci\u00f3 de fer una comunicaci\u00f3 pr\u00e8via a l\u2019autoritat laboral competent. Normalment solen haver formularis establerts per realitzar la dita comunicaci\u00f3. Aquest \u00e9s un requisit que tenen molts estats membres de la Uni\u00f3 Europea.<\/p>\n<p>En cas d\u2019<strong>inspecci\u00f3<\/strong> per part de l\u2019autoritat laboral del pa\u00eds, l\u2019empresa o centre on es realitzen els treballs ha d\u2019estar en disposici\u00f3 de la documentaci\u00f3 que acrediti la relaci\u00f3 laboral amb l\u2019empresa d\u2019aqu\u00ed, el nivell de salari i la cobertura de la seguretat social.<\/p>\n<p>Segons la legislaci\u00f3 europea, el treballador despla\u00e7at ha de disposar en el pa\u00eds de dest\u00ed de les mateixes condicions laborals aplicables als treballadors locals, quant a horaris, vacances i nivell salarial.<\/p>\n","protected":false},"excerpt":{"rendered":"<p>Es freq\u00fcent\u00a0 que les empreses hagin d\u2019enviar\u00a0 treballadors a d\u2019altres pa\u00efsos per tal de dur a terme tasques diverses. Si es tracta de realitzar activitats purament comercials o de gesti\u00f3 de negocis, en principi no sol haver requeriments ni formalitats. Nom\u00e9s caldr\u00e0 assegurar, si\u00a0 \u00e9s fora de la UE, l\u2019obtenci\u00f3 de visats en el cas &hellip;&#8230; <a class=\"moretag\" href=\"https:\/\/www.cecotinternacionalitzacio.org\/es\/desplacament-treballadors-lexterior\/\"><br \/>Llegir m\u00e9s &raquo;<\/a><\/p>\n","protected":false},"author":1,"featured_media":5133,"comment_status":"closed","ping_status":"closed","sticky":false,"template":"","format":"standard","meta":{"_acf_changed":false,"_exactmetrics_skip_tracking":false,"_exactmetrics_sitenote_active":false,"_exactmetrics_sitenote_note":"","_exactmetrics_sitenote_category":0,"footnotes":""},"categories":[196],"tags":[113,396,395],"class_list":["post-5131","post","type-post","status-publish","format-standard","has-post-thumbnail","hentry","category-temes-a-fons","tag-cecot","tag-desplacament-treballadors","tag-tema-a-fons"],"acf":[],"yoast_head":"<!-- This site is optimized with the Yoast SEO plugin v19.6.1 - https:\/\/yoast.com\/wordpress\/plugins\/seo\/ -->\n<title>El despla\u00e7ament de treballadors a l\u2019exterior - Club Cecot Internacionalitzaci\u00f3<\/title>\n<meta name=\"robots\" content=\"noindex, follow, max-snippet:-1, max-image-preview:large, max-video-preview:-1\" \/>\n<meta property=\"og:locale\" content=\"es_ES\" \/>\n<meta property=\"og:type\" content=\"article\" \/>\n<meta property=\"og:title\" content=\"El despla\u00e7ament de treballadors a l\u2019exterior - Club Cecot Internacionalitzaci\u00f3\" \/>\n<meta property=\"og:description\" content=\"Es freq\u00fcent\u00a0 que les empreses hagin d\u2019enviar\u00a0 treballadors a d\u2019altres pa\u00efsos per tal de dur a terme tasques diverses. Si es tracta de realitzar activitats purament comercials o de gesti\u00f3 de negocis, en principi no sol haver requeriments ni formalitats. Nom\u00e9s caldr\u00e0 assegurar, si\u00a0 \u00e9s fora de la UE, l\u2019obtenci\u00f3 de visats en el cas &hellip;... Llegir m\u00e9s &raquo;\" \/>\n<meta property=\"og:url\" content=\"https:\/\/www.cecotinternacionalitzacio.org\/es\/desplacament-treballadors-lexterior\/\" \/>\n<meta property=\"og:site_name\" content=\"Club Cecot Internacionalitzaci\u00f3\" \/>\n<meta property=\"article:published_time\" content=\"2017-12-04T12:57:49+00:00\" \/>\n<meta property=\"article:modified_time\" content=\"2017-12-05T03:49:28+00:00\" \/>\n<meta property=\"og:image\" content=\"https:\/\/www.cecotinternacionalitzacio.org\/wp-content\/uploads\/2017\/12\/despla\u00e7ament.png\" \/>\n\t<meta property=\"og:image:width\" content=\"400\" \/>\n\t<meta property=\"og:image:height\" content=\"340\" \/>\n\t<meta property=\"og:image:type\" content=\"image\/png\" \/>\n<meta name=\"author\" content=\"Club Cecot Inter.\" \/>\n<meta name=\"twitter:card\" content=\"summary\" \/>\n<meta name=\"twitter:label1\" content=\"Escrito por\" \/>\n\t<meta name=\"twitter:data1\" content=\"Club Cecot Inter.\" \/>\n\t<meta name=\"twitter:label2\" content=\"Tiempo de lectura\" \/>\n\t<meta name=\"twitter:data2\" content=\"3 minutos\" \/>\n<script type=\"application\/ld+json\" class=\"yoast-schema-graph\">{\"@context\":\"https:\/\/schema.org\",\"@graph\":[{\"@type\":\"Article\",\"@id\":\"https:\/\/www.cecotinternacionalitzacio.org\/es\/desplacament-treballadors-lexterior\/#article\",\"isPartOf\":{\"@id\":\"https:\/\/www.cecotinternacionalitzacio.org\/es\/desplacament-treballadors-lexterior\/\"},\"author\":{\"name\":\"Club Cecot Inter.\",\"@id\":\"https:\/\/www.cecotinternacionalitzacio.org\/#\/schema\/person\/58d3621fb781542573f7224385ca68a2\"},\"headline\":\"El despla\u00e7ament de treballadors a l\u2019exterior\",\"datePublished\":\"2017-12-04T12:57:49+00:00\",\"dateModified\":\"2017-12-05T03:49:28+00:00\",\"mainEntityOfPage\":{\"@id\":\"https:\/\/www.cecotinternacionalitzacio.org\/es\/desplacament-treballadors-lexterior\/\"},\"wordCount\":583,\"publisher\":{\"@id\":\"https:\/\/www.cecotinternacionalitzacio.org\/#organization\"},\"keywords\":[\"cecot\",\"despla\u00e7ament treballadors\",\"tema a fons\"],\"articleSection\":[\"Temes a fons\"],\"inLanguage\":\"es\"},{\"@type\":\"WebPage\",\"@id\":\"https:\/\/www.cecotinternacionalitzacio.org\/es\/desplacament-treballadors-lexterior\/\",\"url\":\"https:\/\/www.cecotinternacionalitzacio.org\/es\/desplacament-treballadors-lexterior\/\",\"name\":\"El despla\u00e7ament de treballadors a l\u2019exterior - Club Cecot Internacionalitzaci\u00f3\",\"isPartOf\":{\"@id\":\"https:\/\/www.cecotinternacionalitzacio.org\/#website\"},\"datePublished\":\"2017-12-04T12:57:49+00:00\",\"dateModified\":\"2017-12-05T03:49:28+00:00\",\"breadcrumb\":{\"@id\":\"https:\/\/www.cecotinternacionalitzacio.org\/es\/desplacament-treballadors-lexterior\/#breadcrumb\"},\"inLanguage\":\"es\",\"potentialAction\":[{\"@type\":\"ReadAction\",\"target\":[\"https:\/\/www.cecotinternacionalitzacio.org\/es\/desplacament-treballadors-lexterior\/\"]}]},{\"@type\":\"BreadcrumbList\",\"@id\":\"https:\/\/www.cecotinternacionalitzacio.org\/es\/desplacament-treballadors-lexterior\/#breadcrumb\",\"itemListElement\":[{\"@type\":\"ListItem\",\"position\":1,\"name\":\"Inici\",\"item\":\"https:\/\/www.cecotinternacionalitzacio.org\/es\/\"},{\"@type\":\"ListItem\",\"position\":2,\"name\":\"El despla\u00e7ament de treballadors a l\u2019exterior\"}]},{\"@type\":\"WebSite\",\"@id\":\"https:\/\/www.cecotinternacionalitzacio.org\/#website\",\"url\":\"https:\/\/www.cecotinternacionalitzacio.org\/\",\"name\":\"Club Cecot Internacionalitzaci\u00f3\",\"description\":\"Un f\u00f2rum d\u2019intercanvi d\u2019experi\u00e8ncies sobre l\u2019activitat exportadora de les empreses\",\"publisher\":{\"@id\":\"https:\/\/www.cecotinternacionalitzacio.org\/#organization\"},\"potentialAction\":[{\"@type\":\"SearchAction\",\"target\":{\"@type\":\"EntryPoint\",\"urlTemplate\":\"https:\/\/www.cecotinternacionalitzacio.org\/?s={search_term_string}\"},\"query-input\":\"required name=search_term_string\"}],\"inLanguage\":\"es\"},{\"@type\":\"Organization\",\"@id\":\"https:\/\/www.cecotinternacionalitzacio.org\/#organization\",\"name\":\"Club Cecot Internacionalitzaci\u00f3\",\"url\":\"https:\/\/www.cecotinternacionalitzacio.org\/\",\"sameAs\":[],\"logo\":{\"@type\":\"ImageObject\",\"inLanguage\":\"es\",\"@id\":\"https:\/\/www.cecotinternacionalitzacio.org\/#\/schema\/logo\/image\/\",\"url\":\"https:\/\/www.cecotinternacionalitzacio.org\/wp-content\/uploads\/2015\/07\/Logo_Club_Int_165x60.png\",\"contentUrl\":\"https:\/\/www.cecotinternacionalitzacio.org\/wp-content\/uploads\/2015\/07\/Logo_Club_Int_165x60.png\",\"width\":165,\"height\":60,\"caption\":\"Club Cecot Internacionalitzaci\u00f3\"},\"image\":{\"@id\":\"https:\/\/www.cecotinternacionalitzacio.org\/#\/schema\/logo\/image\/\"}},{\"@type\":\"Person\",\"@id\":\"https:\/\/www.cecotinternacionalitzacio.org\/#\/schema\/person\/58d3621fb781542573f7224385ca68a2\",\"name\":\"Club Cecot Inter.\",\"image\":{\"@type\":\"ImageObject\",\"inLanguage\":\"es\",\"@id\":\"https:\/\/www.cecotinternacionalitzacio.org\/#\/schema\/person\/image\/\",\"url\":\"https:\/\/secure.gravatar.com\/avatar\/eacff8e73673ab09c1390cb7cd7b0fa00a987ef31f2368f5eeb668bbdb15ceec?s=96&r=g\",\"contentUrl\":\"https:\/\/secure.gravatar.com\/avatar\/eacff8e73673ab09c1390cb7cd7b0fa00a987ef31f2368f5eeb668bbdb15ceec?s=96&r=g\",\"caption\":\"Club Cecot Inter.\"},\"url\":\"https:\/\/www.cecotinternacionalitzacio.org\/es\/author\/club_admin\/\"}]}<\/script>\n<!-- \/ Yoast SEO plugin. -->","yoast_head_json":{"title":"El despla\u00e7ament de treballadors a l\u2019exterior - Club Cecot Internacionalitzaci\u00f3","robots":{"index":"noindex","follow":"follow","max-snippet":"max-snippet:-1","max-image-preview":"max-image-preview:large","max-video-preview":"max-video-preview:-1"},"og_locale":"es_ES","og_type":"article","og_title":"El despla\u00e7ament de treballadors a l\u2019exterior - Club Cecot Internacionalitzaci\u00f3","og_description":"Es freq\u00fcent\u00a0 que les empreses hagin d\u2019enviar\u00a0 treballadors a d\u2019altres pa\u00efsos per tal de dur a terme tasques diverses. Si es tracta de realitzar activitats purament comercials o de gesti\u00f3 de negocis, en principi no sol haver requeriments ni formalitats. Nom\u00e9s caldr\u00e0 assegurar, si\u00a0 \u00e9s fora de la UE, l\u2019obtenci\u00f3 de visats en el cas &hellip;... Llegir m\u00e9s &raquo;","og_url":"https:\/\/www.cecotinternacionalitzacio.org\/es\/desplacament-treballadors-lexterior\/","og_site_name":"Club Cecot Internacionalitzaci\u00f3","article_published_time":"2017-12-04T12:57:49+00:00","article_modified_time":"2017-12-05T03:49:28+00:00","og_image":[{"width":400,"height":340,"url":"https:\/\/www.cecotinternacionalitzacio.org\/wp-content\/uploads\/2017\/12\/despla\u00e7ament.png","type":"image\/png"}],"author":"Club Cecot Inter.","twitter_card":"summary","twitter_misc":{"Escrito por":"Club Cecot Inter.","Tiempo de lectura":"3 minutos"},"schema":{"@context":"https:\/\/schema.org","@graph":[{"@type":"Article","@id":"https:\/\/www.cecotinternacionalitzacio.org\/es\/desplacament-treballadors-lexterior\/#article","isPartOf":{"@id":"https:\/\/www.cecotinternacionalitzacio.org\/es\/desplacament-treballadors-lexterior\/"},"author":{"name":"Club Cecot Inter.","@id":"https:\/\/www.cecotinternacionalitzacio.org\/#\/schema\/person\/58d3621fb781542573f7224385ca68a2"},"headline":"El despla\u00e7ament de treballadors a l\u2019exterior","datePublished":"2017-12-04T12:57:49+00:00","dateModified":"2017-12-05T03:49:28+00:00","mainEntityOfPage":{"@id":"https:\/\/www.cecotinternacionalitzacio.org\/es\/desplacament-treballadors-lexterior\/"},"wordCount":583,"publisher":{"@id":"https:\/\/www.cecotinternacionalitzacio.org\/#organization"},"keywords":["cecot","despla\u00e7ament treballadors","tema a fons"],"articleSection":["Temes a fons"],"inLanguage":"es"},{"@type":"WebPage","@id":"https:\/\/www.cecotinternacionalitzacio.org\/es\/desplacament-treballadors-lexterior\/","url":"https:\/\/www.cecotinternacionalitzacio.org\/es\/desplacament-treballadors-lexterior\/","name":"El despla\u00e7ament de treballadors a l\u2019exterior - Club Cecot Internacionalitzaci\u00f3","isPartOf":{"@id":"https:\/\/www.cecotinternacionalitzacio.org\/#website"},"datePublished":"2017-12-04T12:57:49+00:00","dateModified":"2017-12-05T03:49:28+00:00","breadcrumb":{"@id":"https:\/\/www.cecotinternacionalitzacio.org\/es\/desplacament-treballadors-lexterior\/#breadcrumb"},"inLanguage":"es","potentialAction":[{"@type":"ReadAction","target":["https:\/\/www.cecotinternacionalitzacio.org\/es\/desplacament-treballadors-lexterior\/"]}]},{"@type":"BreadcrumbList","@id":"https:\/\/www.cecotinternacionalitzacio.org\/es\/desplacament-treballadors-lexterior\/#breadcrumb","itemListElement":[{"@type":"ListItem","position":1,"name":"Inici","item":"https:\/\/www.cecotinternacionalitzacio.org\/es\/"},{"@type":"ListItem","position":2,"name":"El despla\u00e7ament de treballadors a l\u2019exterior"}]},{"@type":"WebSite","@id":"https:\/\/www.cecotinternacionalitzacio.org\/#website","url":"https:\/\/www.cecotinternacionalitzacio.org\/","name":"Club Cecot Internacionalitzaci\u00f3","description":"Un f\u00f2rum d\u2019intercanvi d\u2019experi\u00e8ncies sobre l\u2019activitat exportadora de les empreses","publisher":{"@id":"https:\/\/www.cecotinternacionalitzacio.org\/#organization"},"potentialAction":[{"@type":"SearchAction","target":{"@type":"EntryPoint","urlTemplate":"https:\/\/www.cecotinternacionalitzacio.org\/?s={search_term_string}"},"query-input":"required name=search_term_string"}],"inLanguage":"es"},{"@type":"Organization","@id":"https:\/\/www.cecotinternacionalitzacio.org\/#organization","name":"Club Cecot Internacionalitzaci\u00f3","url":"https:\/\/www.cecotinternacionalitzacio.org\/","sameAs":[],"logo":{"@type":"ImageObject","inLanguage":"es","@id":"https:\/\/www.cecotinternacionalitzacio.org\/#\/schema\/logo\/image\/","url":"https:\/\/www.cecotinternacionalitzacio.org\/wp-content\/uploads\/2015\/07\/Logo_Club_Int_165x60.png","contentUrl":"https:\/\/www.cecotinternacionalitzacio.org\/wp-content\/uploads\/2015\/07\/Logo_Club_Int_165x60.png","width":165,"height":60,"caption":"Club Cecot Internacionalitzaci\u00f3"},"image":{"@id":"https:\/\/www.cecotinternacionalitzacio.org\/#\/schema\/logo\/image\/"}},{"@type":"Person","@id":"https:\/\/www.cecotinternacionalitzacio.org\/#\/schema\/person\/58d3621fb781542573f7224385ca68a2","name":"Club Cecot Inter.","image":{"@type":"ImageObject","inLanguage":"es","@id":"https:\/\/www.cecotinternacionalitzacio.org\/#\/schema\/person\/image\/","url":"https:\/\/secure.gravatar.com\/avatar\/eacff8e73673ab09c1390cb7cd7b0fa00a987ef31f2368f5eeb668bbdb15ceec?s=96&r=g","contentUrl":"https:\/\/secure.gravatar.com\/avatar\/eacff8e73673ab09c1390cb7cd7b0fa00a987ef31f2368f5eeb668bbdb15ceec?s=96&r=g","caption":"Club Cecot Inter."},"url":"https:\/\/www.cecotinternacionalitzacio.org\/es\/author\/club_admin\/"}]}},"_links":{"self":[{"href":"https:\/\/www.cecotinternacionalitzacio.org\/es\/wp-json\/wp\/v2\/posts\/5131","targetHints":{"allow":["GET"]}}],"collection":[{"href":"https:\/\/www.cecotinternacionalitzacio.org\/es\/wp-json\/wp\/v2\/posts"}],"about":[{"href":"https:\/\/www.cecotinternacionalitzacio.org\/es\/wp-json\/wp\/v2\/types\/post"}],"author":[{"embeddable":true,"href":"https:\/\/www.cecotinternacionalitzacio.org\/es\/wp-json\/wp\/v2\/users\/1"}],"replies":[{"embeddable":true,"href":"https:\/\/www.cecotinternacionalitzacio.org\/es\/wp-json\/wp\/v2\/comments?post=5131"}],"version-history":[{"count":0,"href":"https:\/\/www.cecotinternacionalitzacio.org\/es\/wp-json\/wp\/v2\/posts\/5131\/revisions"}],"wp:featuredmedia":[{"embeddable":true,"href":"https:\/\/www.cecotinternacionalitzacio.org\/es\/wp-json\/wp\/v2\/media\/5133"}],"wp:attachment":[{"href":"https:\/\/www.cecotinternacionalitzacio.org\/es\/wp-json\/wp\/v2\/media?parent=5131"}],"wp:term":[{"taxonomy":"category","embeddable":true,"href":"https:\/\/www.cecotinternacionalitzacio.org\/es\/wp-json\/wp\/v2\/categories?post=5131"},{"taxonomy":"post_tag","embeddable":true,"href":"https:\/\/www.cecotinternacionalitzacio.org\/es\/wp-json\/wp\/v2\/tags?post=5131"}],"curies":[{"name":"wp","href":"https:\/\/api.w.org\/{rel}","templated":true}]}}