{"id":5344,"date":"2018-03-22T13:20:10","date_gmt":"2018-03-22T12:20:10","guid":{"rendered":"http:\/\/www.cecotinternacionalitzacio.org\/?p=5344"},"modified":"2018-03-22T14:27:49","modified_gmt":"2018-03-22T13:27:49","slug":"entrevista-a-miquel-nonell-recomana-apuntar-com-si-fos-un-laser-a-on-pensen-que-poden-guanyar","status":"publish","type":"post","link":"https:\/\/www.cecotinternacionalitzacio.org\/es\/entrevista-a-miquel-nonell-recomana-apuntar-com-si-fos-un-laser-a-on-pensen-que-poden-guanyar\/","title":{"rendered":"Entrevista a Miquel Nonell: \u00bb recomana, apuntar com si fos un l\u00e0ser a on pensen que poden guanyar\u00bb"},"content":{"rendered":"<p style=\"text-align: justify;\"><img loading=\"lazy\" decoding=\"async\" class=\"alignleft wp-image-5347\" src=\"https:\/\/www.cecotinternacionalitzacio.org\/wp-content\/uploads\/2018\/03\/miquel-nonell.jpg\" alt=\"\" width=\"297\" height=\"358\" srcset=\"https:\/\/www.cecotinternacionalitzacio.org\/wp-content\/uploads\/2018\/03\/miquel-nonell.jpg 358w, https:\/\/www.cecotinternacionalitzacio.org\/wp-content\/uploads\/2018\/03\/miquel-nonell-249x300.jpg 249w\" sizes=\"auto, (max-width: 297px) 100vw, 297px\" \/>Entrevista a Miquel Nonell, Director General de\u00a0<a href=\"http:\/\/46f.321.myftpupload.com\/\">Rub\u00ed Industria de Cremalleras\u00a0<\/a><\/p>\n<p style=\"text-align: justify;\">Rub\u00ed Industria de Cremalleras, empresa creada a l\u2019any 1926, especialitzada en el disseny i la fabricaci\u00f3 de cremalleres per la fabricaci\u00f3 de diferents sectors de moda.<!--more--><\/p>\n<p style=\"text-align: justify;\"><strong>1.- Quin producte o productes de la seva empresa comercialitza a l\u2019 exterior?<\/strong><\/p>\n<p style=\"text-align: justify;\">Actualment estem exportant tota la gama dels nostres productes principalment a uns 10 mercats exteriors.<\/p>\n<p style=\"text-align: justify;\"><strong>2.- Quan va iniciar-se en el comer\u00e7 exterior?<\/strong><\/p>\n<p style=\"text-align: justify;\">L\u2019empresa va iniciar el seu proc\u00e9s d\u2019internacionalitzaci\u00f3 fa uns 20 anys.<\/p>\n<p style=\"text-align: justify;\"><strong>3.- Actualment quin percentatge de la\u00a0 facturaci\u00f3 \u00a0s&#8217;exporta?<\/strong><\/p>\n<p style=\"text-align: justify;\">Actualment el 60% de la nostra facturaci\u00f3 \u00e9s exportaci\u00f3.<\/p>\n<p><strong>4.- Qu\u00e8 el va motivar per iniciar-se en el comer\u00e7 internacional?<\/strong><\/p>\n<p style=\"text-align: justify;\">L\u2019estabilitat de la demanda present en altres mercats no tant vinculats al m\u00f3n de la moda i l\u2019\u00e8xit del model de negoci utilitzat al mercat dom\u00e8stic.<\/p>\n<p><strong>5.- Va dissenyar un pla?<\/strong><\/p>\n<p style=\"text-align: justify;\">Com a bons navegants tenim un pla estrat\u00e8gic amb un full de ruta on tenim diferents accions i prefer\u00e8ncies en els mercats on pensem que pot encaixar m\u00e9s el nostre producte i enfoc comercial.<\/p>\n<p><strong>6.- Quins beneficis considera que li aporta?<\/strong><\/p>\n<p>M\u00e9s estabilitat en les ventes, coneixement de nous mercats, tend\u00e8ncies, identificaci\u00f3 de noves oportunitats, desenvolupament de nou producte, contactes, etc.<\/p>\n<p><strong>7.- Quins s\u00f3n els errors que hauria volgut evitar?<\/strong><\/p>\n<p>Saber identificar lo abans possible col\u00b7laboradors que no han funcionat.<\/p>\n<p><strong>8.- Compta amb un departament d&#8217;exportacions o \u00a0persona responsable de les exportacions?<\/strong><\/p>\n<p>Si actualment tenim un equip de 4 persones focalitzades en el desenvolupament de mercats exteriors.<\/p>\n<p><strong>9.- A quins pa\u00efsos exporta actualment?<\/strong><\/p>\n<p>Per volum, It\u00e0lia, Fran\u00e7a, Portugal, Alemanya, M\u00e8xic, Marroc, T\u00fanez, R\u00fassia, Pol\u00f2nia, etc.<\/p>\n<p><strong>10.- Quins reptes ha hagut de superar\u00a0 en els mercats exteriors?<\/strong><\/p>\n<p>Principalment reptes culturals i relacionals, log\u00edstics, risc creditici, tipus de canvi, etc.<\/p>\n<p><strong>11.- Quin considera que \u00e9s el seu avantatge competitiu internacional, qu\u00e8 diferencia els seus productes o la seva oferta?<\/strong><\/p>\n<p>Les nostres avantatges competitives son:<\/p>\n<p>&#8211; Orientaci\u00f3 al client<\/p>\n<p>&#8211; Termini d\u2019entrega<\/p>\n<p>&#8211; Qualitat del nostre producte<\/p>\n<p><strong>12.- Quina \u00e9s l\u2019 estrat\u00e8gia que utilitza per entrar als mercats exteriors? Adapta l&#8217;estrat\u00e8gia d\u2019 entrada \u00a0a cada mercat en el qual treballa?<\/strong><\/p>\n<p>L\u2019estrat\u00e8gia d\u2019entrada en cada pa\u00eds dep\u00e8n de factors com:<\/p>\n<ul>\n<li>Trobar la persona correcte<\/li>\n<li>Risc creditici \/ comercial<\/li>\n<li>Operativa log\u00edstica<\/li>\n<li>Nivell de preus del mercat<\/li>\n<\/ul>\n<p><strong>13.- Quines recomanacions faria a les empreses que estan comen\u00e7ant en l\u2019 exportaci\u00f3?<\/strong><\/p>\n<p style=\"text-align: justify;\">&#8211; primerament que el model de negoci tingui \u00e8xit en el mercat dom\u00e8stic, vendre lluny de casa \u00e9s molt m\u00e9s complicat<\/p>\n<p style=\"text-align: justify;\">&#8211; escollir ve els mercats. Recollir informaci\u00f3, deixar-se assessorar per experts en la mat\u00e8ria que coneixen la cultura, riscs econ\u00f2mics i operatius del pa\u00eds.<\/p>\n<p style=\"text-align: justify;\">&#8211; enfocar-se en mercats estrat\u00e8gics, i no voler fer molts mercats. Apuntar com si fos un l\u00e0ser a on pensen que poden guanyar.<\/p>\n<p style=\"text-align: justify;\">&#8211; fer un seguiment proper dels mercats, almenys fins que no estiguin consolidats. \u00c9s important transmetre correctament l\u2019enfoc comercial.<\/p>\n","protected":false},"excerpt":{"rendered":"<p>Entrevista a Miquel Nonell, Director General de\u00a0Rub\u00ed Industria de Cremalleras\u00a0 Rub\u00ed Industria de Cremalleras, empresa creada a l\u2019any 1926, especialitzada en el disseny i la fabricaci\u00f3 de cremalleres per la fabricaci\u00f3 de diferents sectors de moda&#8230;. <a class=\"moretag\" href=\"https:\/\/www.cecotinternacionalitzacio.org\/es\/entrevista-a-miquel-nonell-recomana-apuntar-com-si-fos-un-laser-a-on-pensen-que-poden-guanyar\/\"><br \/>Llegir m\u00e9s &raquo;<\/a><\/p>\n","protected":false},"author":1,"featured_media":0,"comment_status":"closed","ping_status":"closed","sticky":false,"template":"","format":"standard","meta":{"_acf_changed":false,"_exactmetrics_skip_tracking":false,"_exactmetrics_sitenote_active":false,"_exactmetrics_sitenote_note":"","_exactmetrics_sitenote_category":0,"footnotes":""},"categories":[194],"tags":[113,269,412],"class_list":["post-5344","post","type-post","status-publish","format-standard","hentry","category-entrevista-cat","tag-cecot","tag-club-internacionalitzacio","tag-rubi-industria-de-cremalleras"],"acf":[],"yoast_head":"<!-- This site is optimized with the Yoast SEO plugin v19.6.1 - https:\/\/yoast.com\/wordpress\/plugins\/seo\/ -->\n<title>Entrevista a Miquel Nonell: &quot; recomana, apuntar com si fos un l\u00e0ser a on pensen que poden guanyar&quot; - Club Cecot Internacionalitzaci\u00f3<\/title>\n<meta name=\"robots\" content=\"noindex, follow, max-snippet:-1, max-image-preview:large, max-video-preview:-1\" \/>\n<meta property=\"og:locale\" content=\"es_ES\" \/>\n<meta property=\"og:type\" content=\"article\" \/>\n<meta property=\"og:title\" content=\"Entrevista a Miquel Nonell: &quot; recomana, apuntar com si fos un l\u00e0ser a on pensen que poden guanyar&quot; - Club Cecot Internacionalitzaci\u00f3\" \/>\n<meta property=\"og:description\" content=\"Entrevista a Miquel Nonell, Director General de\u00a0Rub\u00ed Industria de Cremalleras\u00a0 Rub\u00ed Industria de Cremalleras, empresa creada a l\u2019any 1926, especialitzada en el disseny i la fabricaci\u00f3 de cremalleres per la fabricaci\u00f3 de diferents sectors de moda.... Llegir m\u00e9s &raquo;\" \/>\n<meta property=\"og:url\" content=\"https:\/\/www.cecotinternacionalitzacio.org\/es\/entrevista-a-miquel-nonell-recomana-apuntar-com-si-fos-un-laser-a-on-pensen-que-poden-guanyar\/\" \/>\n<meta property=\"og:site_name\" content=\"Club Cecot Internacionalitzaci\u00f3\" \/>\n<meta property=\"article:published_time\" content=\"2018-03-22T12:20:10+00:00\" \/>\n<meta property=\"article:modified_time\" content=\"2018-03-22T13:27:49+00:00\" \/>\n<meta property=\"og:image\" content=\"https:\/\/www.cecotinternacionalitzacio.org\/wp-content\/uploads\/2018\/03\/miquel-nonell.jpg\" \/>\n<meta name=\"author\" content=\"Club Cecot Inter.\" \/>\n<meta name=\"twitter:card\" content=\"summary\" \/>\n<meta name=\"twitter:label1\" content=\"Escrito por\" \/>\n\t<meta name=\"twitter:data1\" content=\"Club Cecot Inter.\" \/>\n\t<meta name=\"twitter:label2\" content=\"Tiempo de lectura\" \/>\n\t<meta name=\"twitter:data2\" content=\"3 minutos\" \/>\n<script type=\"application\/ld+json\" class=\"yoast-schema-graph\">{\"@context\":\"https:\/\/schema.org\",\"@graph\":[{\"@type\":\"Article\",\"@id\":\"https:\/\/www.cecotinternacionalitzacio.org\/es\/entrevista-a-miquel-nonell-recomana-apuntar-com-si-fos-un-laser-a-on-pensen-que-poden-guanyar\/#article\",\"isPartOf\":{\"@id\":\"https:\/\/www.cecotinternacionalitzacio.org\/es\/entrevista-a-miquel-nonell-recomana-apuntar-com-si-fos-un-laser-a-on-pensen-que-poden-guanyar\/\"},\"author\":{\"name\":\"Club Cecot Inter.\",\"@id\":\"https:\/\/www.cecotinternacionalitzacio.org\/#\/schema\/person\/58d3621fb781542573f7224385ca68a2\"},\"headline\":\"Entrevista a Miquel Nonell: \u00bb recomana, apuntar com si fos un l\u00e0ser a on pensen que poden guanyar\u00bb\",\"datePublished\":\"2018-03-22T12:20:10+00:00\",\"dateModified\":\"2018-03-22T13:27:49+00:00\",\"mainEntityOfPage\":{\"@id\":\"https:\/\/www.cecotinternacionalitzacio.org\/es\/entrevista-a-miquel-nonell-recomana-apuntar-com-si-fos-un-laser-a-on-pensen-que-poden-guanyar\/\"},\"wordCount\":527,\"publisher\":{\"@id\":\"https:\/\/www.cecotinternacionalitzacio.org\/#organization\"},\"keywords\":[\"cecot\",\"club internacionalitzaci\u00f3\",\"rubi Industria de Cremalleras\"],\"articleSection\":[\"Entrevista\"],\"inLanguage\":\"es\"},{\"@type\":\"WebPage\",\"@id\":\"https:\/\/www.cecotinternacionalitzacio.org\/es\/entrevista-a-miquel-nonell-recomana-apuntar-com-si-fos-un-laser-a-on-pensen-que-poden-guanyar\/\",\"url\":\"https:\/\/www.cecotinternacionalitzacio.org\/es\/entrevista-a-miquel-nonell-recomana-apuntar-com-si-fos-un-laser-a-on-pensen-que-poden-guanyar\/\",\"name\":\"Entrevista a Miquel Nonell: \\\" recomana, apuntar com si fos un l\u00e0ser a on pensen que poden guanyar\\\" - Club Cecot Internacionalitzaci\u00f3\",\"isPartOf\":{\"@id\":\"https:\/\/www.cecotinternacionalitzacio.org\/#website\"},\"datePublished\":\"2018-03-22T12:20:10+00:00\",\"dateModified\":\"2018-03-22T13:27:49+00:00\",\"breadcrumb\":{\"@id\":\"https:\/\/www.cecotinternacionalitzacio.org\/es\/entrevista-a-miquel-nonell-recomana-apuntar-com-si-fos-un-laser-a-on-pensen-que-poden-guanyar\/#breadcrumb\"},\"inLanguage\":\"es\",\"potentialAction\":[{\"@type\":\"ReadAction\",\"target\":[\"https:\/\/www.cecotinternacionalitzacio.org\/es\/entrevista-a-miquel-nonell-recomana-apuntar-com-si-fos-un-laser-a-on-pensen-que-poden-guanyar\/\"]}]},{\"@type\":\"BreadcrumbList\",\"@id\":\"https:\/\/www.cecotinternacionalitzacio.org\/es\/entrevista-a-miquel-nonell-recomana-apuntar-com-si-fos-un-laser-a-on-pensen-que-poden-guanyar\/#breadcrumb\",\"itemListElement\":[{\"@type\":\"ListItem\",\"position\":1,\"name\":\"Inici\",\"item\":\"https:\/\/www.cecotinternacionalitzacio.org\/es\/\"},{\"@type\":\"ListItem\",\"position\":2,\"name\":\"Entrevista a Miquel Nonell: \u00bb recomana, apuntar com si fos un l\u00e0ser a on pensen que poden guanyar\u00bb\"}]},{\"@type\":\"WebSite\",\"@id\":\"https:\/\/www.cecotinternacionalitzacio.org\/#website\",\"url\":\"https:\/\/www.cecotinternacionalitzacio.org\/\",\"name\":\"Club Cecot Internacionalitzaci\u00f3\",\"description\":\"Un f\u00f2rum d\u2019intercanvi d\u2019experi\u00e8ncies sobre l\u2019activitat exportadora de les empreses\",\"publisher\":{\"@id\":\"https:\/\/www.cecotinternacionalitzacio.org\/#organization\"},\"potentialAction\":[{\"@type\":\"SearchAction\",\"target\":{\"@type\":\"EntryPoint\",\"urlTemplate\":\"https:\/\/www.cecotinternacionalitzacio.org\/?s={search_term_string}\"},\"query-input\":\"required name=search_term_string\"}],\"inLanguage\":\"es\"},{\"@type\":\"Organization\",\"@id\":\"https:\/\/www.cecotinternacionalitzacio.org\/#organization\",\"name\":\"Club Cecot Internacionalitzaci\u00f3\",\"url\":\"https:\/\/www.cecotinternacionalitzacio.org\/\",\"sameAs\":[],\"logo\":{\"@type\":\"ImageObject\",\"inLanguage\":\"es\",\"@id\":\"https:\/\/www.cecotinternacionalitzacio.org\/#\/schema\/logo\/image\/\",\"url\":\"https:\/\/www.cecotinternacionalitzacio.org\/wp-content\/uploads\/2015\/07\/Logo_Club_Int_165x60.png\",\"contentUrl\":\"https:\/\/www.cecotinternacionalitzacio.org\/wp-content\/uploads\/2015\/07\/Logo_Club_Int_165x60.png\",\"width\":165,\"height\":60,\"caption\":\"Club Cecot Internacionalitzaci\u00f3\"},\"image\":{\"@id\":\"https:\/\/www.cecotinternacionalitzacio.org\/#\/schema\/logo\/image\/\"}},{\"@type\":\"Person\",\"@id\":\"https:\/\/www.cecotinternacionalitzacio.org\/#\/schema\/person\/58d3621fb781542573f7224385ca68a2\",\"name\":\"Club Cecot Inter.\",\"image\":{\"@type\":\"ImageObject\",\"inLanguage\":\"es\",\"@id\":\"https:\/\/www.cecotinternacionalitzacio.org\/#\/schema\/person\/image\/\",\"url\":\"https:\/\/secure.gravatar.com\/avatar\/eacff8e73673ab09c1390cb7cd7b0fa00a987ef31f2368f5eeb668bbdb15ceec?s=96&r=g\",\"contentUrl\":\"https:\/\/secure.gravatar.com\/avatar\/eacff8e73673ab09c1390cb7cd7b0fa00a987ef31f2368f5eeb668bbdb15ceec?s=96&r=g\",\"caption\":\"Club Cecot Inter.\"},\"url\":\"https:\/\/www.cecotinternacionalitzacio.org\/es\/author\/club_admin\/\"}]}<\/script>\n<!-- \/ Yoast SEO plugin. -->","yoast_head_json":{"title":"Entrevista a Miquel Nonell: \" recomana, apuntar com si fos un l\u00e0ser a on pensen que poden guanyar\" - Club Cecot Internacionalitzaci\u00f3","robots":{"index":"noindex","follow":"follow","max-snippet":"max-snippet:-1","max-image-preview":"max-image-preview:large","max-video-preview":"max-video-preview:-1"},"og_locale":"es_ES","og_type":"article","og_title":"Entrevista a Miquel Nonell: \" recomana, apuntar com si fos un l\u00e0ser a on pensen que poden guanyar\" - Club Cecot Internacionalitzaci\u00f3","og_description":"Entrevista a Miquel Nonell, Director General de\u00a0Rub\u00ed Industria de Cremalleras\u00a0 Rub\u00ed Industria de Cremalleras, empresa creada a l\u2019any 1926, especialitzada en el disseny i la fabricaci\u00f3 de cremalleres per la fabricaci\u00f3 de diferents sectors de moda.... Llegir m\u00e9s &raquo;","og_url":"https:\/\/www.cecotinternacionalitzacio.org\/es\/entrevista-a-miquel-nonell-recomana-apuntar-com-si-fos-un-laser-a-on-pensen-que-poden-guanyar\/","og_site_name":"Club Cecot Internacionalitzaci\u00f3","article_published_time":"2018-03-22T12:20:10+00:00","article_modified_time":"2018-03-22T13:27:49+00:00","og_image":[{"url":"https:\/\/www.cecotinternacionalitzacio.org\/wp-content\/uploads\/2018\/03\/miquel-nonell.jpg"}],"author":"Club Cecot Inter.","twitter_card":"summary","twitter_misc":{"Escrito por":"Club Cecot Inter.","Tiempo de lectura":"3 minutos"},"schema":{"@context":"https:\/\/schema.org","@graph":[{"@type":"Article","@id":"https:\/\/www.cecotinternacionalitzacio.org\/es\/entrevista-a-miquel-nonell-recomana-apuntar-com-si-fos-un-laser-a-on-pensen-que-poden-guanyar\/#article","isPartOf":{"@id":"https:\/\/www.cecotinternacionalitzacio.org\/es\/entrevista-a-miquel-nonell-recomana-apuntar-com-si-fos-un-laser-a-on-pensen-que-poden-guanyar\/"},"author":{"name":"Club Cecot Inter.","@id":"https:\/\/www.cecotinternacionalitzacio.org\/#\/schema\/person\/58d3621fb781542573f7224385ca68a2"},"headline":"Entrevista a Miquel Nonell: \u00bb recomana, apuntar com si fos un l\u00e0ser a on pensen que poden guanyar\u00bb","datePublished":"2018-03-22T12:20:10+00:00","dateModified":"2018-03-22T13:27:49+00:00","mainEntityOfPage":{"@id":"https:\/\/www.cecotinternacionalitzacio.org\/es\/entrevista-a-miquel-nonell-recomana-apuntar-com-si-fos-un-laser-a-on-pensen-que-poden-guanyar\/"},"wordCount":527,"publisher":{"@id":"https:\/\/www.cecotinternacionalitzacio.org\/#organization"},"keywords":["cecot","club internacionalitzaci\u00f3","rubi Industria de Cremalleras"],"articleSection":["Entrevista"],"inLanguage":"es"},{"@type":"WebPage","@id":"https:\/\/www.cecotinternacionalitzacio.org\/es\/entrevista-a-miquel-nonell-recomana-apuntar-com-si-fos-un-laser-a-on-pensen-que-poden-guanyar\/","url":"https:\/\/www.cecotinternacionalitzacio.org\/es\/entrevista-a-miquel-nonell-recomana-apuntar-com-si-fos-un-laser-a-on-pensen-que-poden-guanyar\/","name":"Entrevista a Miquel Nonell: \" recomana, apuntar com si fos un l\u00e0ser a on pensen que poden guanyar\" - Club Cecot Internacionalitzaci\u00f3","isPartOf":{"@id":"https:\/\/www.cecotinternacionalitzacio.org\/#website"},"datePublished":"2018-03-22T12:20:10+00:00","dateModified":"2018-03-22T13:27:49+00:00","breadcrumb":{"@id":"https:\/\/www.cecotinternacionalitzacio.org\/es\/entrevista-a-miquel-nonell-recomana-apuntar-com-si-fos-un-laser-a-on-pensen-que-poden-guanyar\/#breadcrumb"},"inLanguage":"es","potentialAction":[{"@type":"ReadAction","target":["https:\/\/www.cecotinternacionalitzacio.org\/es\/entrevista-a-miquel-nonell-recomana-apuntar-com-si-fos-un-laser-a-on-pensen-que-poden-guanyar\/"]}]},{"@type":"BreadcrumbList","@id":"https:\/\/www.cecotinternacionalitzacio.org\/es\/entrevista-a-miquel-nonell-recomana-apuntar-com-si-fos-un-laser-a-on-pensen-que-poden-guanyar\/#breadcrumb","itemListElement":[{"@type":"ListItem","position":1,"name":"Inici","item":"https:\/\/www.cecotinternacionalitzacio.org\/es\/"},{"@type":"ListItem","position":2,"name":"Entrevista a Miquel Nonell: \u00bb recomana, apuntar com si fos un l\u00e0ser a on pensen que poden guanyar\u00bb"}]},{"@type":"WebSite","@id":"https:\/\/www.cecotinternacionalitzacio.org\/#website","url":"https:\/\/www.cecotinternacionalitzacio.org\/","name":"Club Cecot Internacionalitzaci\u00f3","description":"Un f\u00f2rum d\u2019intercanvi d\u2019experi\u00e8ncies sobre l\u2019activitat exportadora de les empreses","publisher":{"@id":"https:\/\/www.cecotinternacionalitzacio.org\/#organization"},"potentialAction":[{"@type":"SearchAction","target":{"@type":"EntryPoint","urlTemplate":"https:\/\/www.cecotinternacionalitzacio.org\/?s={search_term_string}"},"query-input":"required name=search_term_string"}],"inLanguage":"es"},{"@type":"Organization","@id":"https:\/\/www.cecotinternacionalitzacio.org\/#organization","name":"Club Cecot Internacionalitzaci\u00f3","url":"https:\/\/www.cecotinternacionalitzacio.org\/","sameAs":[],"logo":{"@type":"ImageObject","inLanguage":"es","@id":"https:\/\/www.cecotinternacionalitzacio.org\/#\/schema\/logo\/image\/","url":"https:\/\/www.cecotinternacionalitzacio.org\/wp-content\/uploads\/2015\/07\/Logo_Club_Int_165x60.png","contentUrl":"https:\/\/www.cecotinternacionalitzacio.org\/wp-content\/uploads\/2015\/07\/Logo_Club_Int_165x60.png","width":165,"height":60,"caption":"Club Cecot Internacionalitzaci\u00f3"},"image":{"@id":"https:\/\/www.cecotinternacionalitzacio.org\/#\/schema\/logo\/image\/"}},{"@type":"Person","@id":"https:\/\/www.cecotinternacionalitzacio.org\/#\/schema\/person\/58d3621fb781542573f7224385ca68a2","name":"Club Cecot Inter.","image":{"@type":"ImageObject","inLanguage":"es","@id":"https:\/\/www.cecotinternacionalitzacio.org\/#\/schema\/person\/image\/","url":"https:\/\/secure.gravatar.com\/avatar\/eacff8e73673ab09c1390cb7cd7b0fa00a987ef31f2368f5eeb668bbdb15ceec?s=96&r=g","contentUrl":"https:\/\/secure.gravatar.com\/avatar\/eacff8e73673ab09c1390cb7cd7b0fa00a987ef31f2368f5eeb668bbdb15ceec?s=96&r=g","caption":"Club Cecot Inter."},"url":"https:\/\/www.cecotinternacionalitzacio.org\/es\/author\/club_admin\/"}]}},"_links":{"self":[{"href":"https:\/\/www.cecotinternacionalitzacio.org\/es\/wp-json\/wp\/v2\/posts\/5344","targetHints":{"allow":["GET"]}}],"collection":[{"href":"https:\/\/www.cecotinternacionalitzacio.org\/es\/wp-json\/wp\/v2\/posts"}],"about":[{"href":"https:\/\/www.cecotinternacionalitzacio.org\/es\/wp-json\/wp\/v2\/types\/post"}],"author":[{"embeddable":true,"href":"https:\/\/www.cecotinternacionalitzacio.org\/es\/wp-json\/wp\/v2\/users\/1"}],"replies":[{"embeddable":true,"href":"https:\/\/www.cecotinternacionalitzacio.org\/es\/wp-json\/wp\/v2\/comments?post=5344"}],"version-history":[{"count":0,"href":"https:\/\/www.cecotinternacionalitzacio.org\/es\/wp-json\/wp\/v2\/posts\/5344\/revisions"}],"wp:attachment":[{"href":"https:\/\/www.cecotinternacionalitzacio.org\/es\/wp-json\/wp\/v2\/media?parent=5344"}],"wp:term":[{"taxonomy":"category","embeddable":true,"href":"https:\/\/www.cecotinternacionalitzacio.org\/es\/wp-json\/wp\/v2\/categories?post=5344"},{"taxonomy":"post_tag","embeddable":true,"href":"https:\/\/www.cecotinternacionalitzacio.org\/es\/wp-json\/wp\/v2\/tags?post=5344"}],"curies":[{"name":"wp","href":"https:\/\/api.w.org\/{rel}","templated":true}]}}