{"id":5383,"date":"2018-03-26T12:18:00","date_gmt":"2018-03-26T10:18:00","guid":{"rendered":"http:\/\/www.cecotinternacionalitzacio.org\/?p=5383"},"modified":"2018-03-26T12:18:00","modified_gmt":"2018-03-26T10:18:00","slug":"brexit%c2%b7-estat-de-les-negociacions","status":"publish","type":"post","link":"https:\/\/www.cecotinternacionalitzacio.org\/es\/brexit%c2%b7-estat-de-les-negociacions\/","title":{"rendered":"Brexit\u00b7 estat de les negociacions"},"content":{"rendered":"<p style=\"text-align: justify;\">Segons informacions facilitades pel cap negociador de la Comissi\u00f3 Europea. Michel Barnier i el Secretari d&#8217;Estat Brit\u00e0nic per a la sortida de la UE, David Davis, en una compareixen\u00e7a del\u00a0 passat el dia 19 de mar\u00e7, els avan\u00e7os en la negociaci\u00f3 quant a Brexit s\u00f3n els seg\u00fcents:<\/p>\n<p>1. L&#8217;acord sobre el per\u00edode transitori, amb l&#8217;objectiu que les empreses i ciutadans puguin adaptar-se a la nova situaci\u00f3. Aquest per\u00edode transitori tindr\u00e0 una durada determinada de 21 mesos, fins al 31 de desembre de 2020, tal com proposa la UE.<!--more--><\/p>\n<p style=\"text-align: justify;\">2. El Govern brit\u00e0nic ha acceptat concedir als ciutadans de la UE que arriben a Regne Unit durant la transici\u00f3 els mateixos drets i garanties que els que arriben abans del Brexit (30 de mar\u00e7 de 2019).<\/p>\n<p style=\"text-align: justify;\">3. Durant el per\u00edode transitori, la UE ha concedit a Regne Unit que pugui signar acords comercials amb pa\u00efsos tercers no pertanyents a la UE.\u00a0 No obstant ,el\u00a0 Regne Unit nom\u00e9s podr\u00e0 implementar-los a partir de l&#8217;1 de gener de 2021, una vegada finalitzada la transici\u00f3.<\/p>\n<p style=\"text-align: justify;\">4. El Regne Unit tamb\u00e9 ha suavitzat la seva posici\u00f3 sobre l&#8217;acc\u00e9s a la pesca, a canvi de l&#8217;acord que es consultar\u00e0 sobre les assignacions per a 2020 i que les captures brit\u00e0niques no canviaran.<\/p>\n<p>Respecte a la q\u00fcesti\u00f3 decisiva sobre la frontera irlandesa, la mateixa continua bloquejada, excepte per un petit avan\u00e7. El Regne Unit ha acceptat incloure Irlanda del Nord a la Uni\u00f3 Duanera com a possibilitat de recurs final, a la espera de presentar propostes alternatives. En un primer moment, aquesta soluci\u00f3 va ser rebutjada de pla per la Primera Ministra Theresa May.<\/p>\n<p>Aquests \u00faltims avan\u00e7os s&#8217;han quedat plasmats en el nou esborrany del <a href=\"https:\/\/ec.europa.eu\/commission\/publications\/draft-agreement-withdrawal-united-kingdom-great-britain-and-northern-ireland-european-union-and-european-atomic-energy-community-0_en\">Tractat de Separaci\u00f3<\/a>, en el qual es destaquen en verd les q\u00fcestions sobre les que ja hi ha consens; en\u00a0 groc, aquelles casades que requereixen major negociaci\u00f3; i en blanc, les temes encara pendents d&#8217;abordar.<\/p>\n<p>Per tant, encara que el fet d&#8217;haver aconseguit un acord pol\u00edtic sobre el per\u00edode transitori \u00e9s positiu, encara hi ha dubte sobre el resultat final de les negociacions del Brexit, ja que la m\u00e0xima segueix sent \u00abno hi ha res acordat fins que tot estigui\u00bb.<\/p>\n","protected":false},"excerpt":{"rendered":"<p>Segons informacions facilitades pel cap negociador de la Comissi\u00f3 Europea. Michel Barnier i el Secretari d&#8217;Estat Brit\u00e0nic per a la sortida de la UE, David Davis, en una compareixen\u00e7a del\u00a0 passat el dia 19 de mar\u00e7, els avan\u00e7os en la negociaci\u00f3 quant a Brexit s\u00f3n els seg\u00fcents: 1. L&#8217;acord sobre el per\u00edode transitori, amb l&#8217;objectiu &hellip;&#8230; <a class=\"moretag\" href=\"https:\/\/www.cecotinternacionalitzacio.org\/es\/brexit%c2%b7-estat-de-les-negociacions\/\"><br \/>Llegir m\u00e9s &raquo;<\/a><\/p>\n","protected":false},"author":1,"featured_media":4773,"comment_status":"closed","ping_status":"closed","sticky":false,"template":"","format":"standard","meta":{"_acf_changed":false,"_exactmetrics_skip_tracking":false,"_exactmetrics_sitenote_active":false,"_exactmetrics_sitenote_note":"","_exactmetrics_sitenote_category":0,"footnotes":""},"categories":[84],"tags":[259,113,269,417],"class_list":["post-5383","post","type-post","status-publish","format-standard","has-post-thumbnail","hentry","category-novetats","tag-brexit","tag-cecot","tag-club-internacionalitzacio","tag-novetats-brexit"],"acf":[],"yoast_head":"<!-- This site is optimized with the Yoast SEO plugin v19.6.1 - https:\/\/yoast.com\/wordpress\/plugins\/seo\/ -->\n<title>Brexit\u00b7 estat de les negociacions - Club Cecot Internacionalitzaci\u00f3<\/title>\n<meta name=\"robots\" content=\"noindex, follow, max-snippet:-1, max-image-preview:large, max-video-preview:-1\" \/>\n<meta property=\"og:locale\" content=\"es_ES\" \/>\n<meta property=\"og:type\" content=\"article\" \/>\n<meta property=\"og:title\" content=\"Brexit\u00b7 estat de les negociacions - Club Cecot Internacionalitzaci\u00f3\" \/>\n<meta property=\"og:description\" content=\"Segons informacions facilitades pel cap negociador de la Comissi\u00f3 Europea. Michel Barnier i el Secretari d&#8217;Estat Brit\u00e0nic per a la sortida de la UE, David Davis, en una compareixen\u00e7a del\u00a0 passat el dia 19 de mar\u00e7, els avan\u00e7os en la negociaci\u00f3 quant a Brexit s\u00f3n els seg\u00fcents: 1. L&#8217;acord sobre el per\u00edode transitori, amb l&#8217;objectiu &hellip;... Llegir m\u00e9s &raquo;\" \/>\n<meta property=\"og:url\" content=\"https:\/\/www.cecotinternacionalitzacio.org\/es\/brexit%c2%b7-estat-de-les-negociacions\/\" \/>\n<meta property=\"og:site_name\" content=\"Club Cecot Internacionalitzaci\u00f3\" \/>\n<meta property=\"article:published_time\" content=\"2018-03-26T10:18:00+00:00\" \/>\n<meta property=\"og:image\" content=\"https:\/\/www.cecotinternacionalitzacio.org\/wp-content\/uploads\/2017\/05\/brexit.jpg\" \/>\n\t<meta property=\"og:image:width\" content=\"389\" \/>\n\t<meta property=\"og:image:height\" content=\"234\" \/>\n\t<meta property=\"og:image:type\" content=\"image\/jpeg\" \/>\n<meta name=\"author\" content=\"Club Cecot Inter.\" \/>\n<meta name=\"twitter:card\" content=\"summary\" \/>\n<meta name=\"twitter:label1\" content=\"Escrito por\" \/>\n\t<meta name=\"twitter:data1\" content=\"Club Cecot Inter.\" \/>\n\t<meta name=\"twitter:label2\" content=\"Tiempo de lectura\" \/>\n\t<meta name=\"twitter:data2\" content=\"2 minutos\" \/>\n<script type=\"application\/ld+json\" class=\"yoast-schema-graph\">{\"@context\":\"https:\/\/schema.org\",\"@graph\":[{\"@type\":\"Article\",\"@id\":\"https:\/\/www.cecotinternacionalitzacio.org\/es\/brexit%c2%b7-estat-de-les-negociacions\/#article\",\"isPartOf\":{\"@id\":\"https:\/\/www.cecotinternacionalitzacio.org\/es\/brexit%c2%b7-estat-de-les-negociacions\/\"},\"author\":{\"name\":\"Club Cecot Inter.\",\"@id\":\"https:\/\/www.cecotinternacionalitzacio.org\/#\/schema\/person\/58d3621fb781542573f7224385ca68a2\"},\"headline\":\"Brexit\u00b7 estat de les negociacions\",\"datePublished\":\"2018-03-26T10:18:00+00:00\",\"dateModified\":\"2018-03-26T10:18:00+00:00\",\"mainEntityOfPage\":{\"@id\":\"https:\/\/www.cecotinternacionalitzacio.org\/es\/brexit%c2%b7-estat-de-les-negociacions\/\"},\"wordCount\":370,\"publisher\":{\"@id\":\"https:\/\/www.cecotinternacionalitzacio.org\/#organization\"},\"keywords\":[\"brexit\",\"cecot\",\"club internacionalitzaci\u00f3\",\"novetats brexit\"],\"articleSection\":[\"Novetats\"],\"inLanguage\":\"es\"},{\"@type\":\"WebPage\",\"@id\":\"https:\/\/www.cecotinternacionalitzacio.org\/es\/brexit%c2%b7-estat-de-les-negociacions\/\",\"url\":\"https:\/\/www.cecotinternacionalitzacio.org\/es\/brexit%c2%b7-estat-de-les-negociacions\/\",\"name\":\"Brexit\u00b7 estat de les negociacions - Club Cecot Internacionalitzaci\u00f3\",\"isPartOf\":{\"@id\":\"https:\/\/www.cecotinternacionalitzacio.org\/#website\"},\"datePublished\":\"2018-03-26T10:18:00+00:00\",\"dateModified\":\"2018-03-26T10:18:00+00:00\",\"breadcrumb\":{\"@id\":\"https:\/\/www.cecotinternacionalitzacio.org\/es\/brexit%c2%b7-estat-de-les-negociacions\/#breadcrumb\"},\"inLanguage\":\"es\",\"potentialAction\":[{\"@type\":\"ReadAction\",\"target\":[\"https:\/\/www.cecotinternacionalitzacio.org\/es\/brexit%c2%b7-estat-de-les-negociacions\/\"]}]},{\"@type\":\"BreadcrumbList\",\"@id\":\"https:\/\/www.cecotinternacionalitzacio.org\/es\/brexit%c2%b7-estat-de-les-negociacions\/#breadcrumb\",\"itemListElement\":[{\"@type\":\"ListItem\",\"position\":1,\"name\":\"Inici\",\"item\":\"https:\/\/www.cecotinternacionalitzacio.org\/es\/\"},{\"@type\":\"ListItem\",\"position\":2,\"name\":\"Brexit\u00b7 estat de les negociacions\"}]},{\"@type\":\"WebSite\",\"@id\":\"https:\/\/www.cecotinternacionalitzacio.org\/#website\",\"url\":\"https:\/\/www.cecotinternacionalitzacio.org\/\",\"name\":\"Club Cecot Internacionalitzaci\u00f3\",\"description\":\"Un f\u00f2rum d\u2019intercanvi d\u2019experi\u00e8ncies sobre l\u2019activitat exportadora de les empreses\",\"publisher\":{\"@id\":\"https:\/\/www.cecotinternacionalitzacio.org\/#organization\"},\"potentialAction\":[{\"@type\":\"SearchAction\",\"target\":{\"@type\":\"EntryPoint\",\"urlTemplate\":\"https:\/\/www.cecotinternacionalitzacio.org\/?s={search_term_string}\"},\"query-input\":\"required name=search_term_string\"}],\"inLanguage\":\"es\"},{\"@type\":\"Organization\",\"@id\":\"https:\/\/www.cecotinternacionalitzacio.org\/#organization\",\"name\":\"Club Cecot Internacionalitzaci\u00f3\",\"url\":\"https:\/\/www.cecotinternacionalitzacio.org\/\",\"sameAs\":[],\"logo\":{\"@type\":\"ImageObject\",\"inLanguage\":\"es\",\"@id\":\"https:\/\/www.cecotinternacionalitzacio.org\/#\/schema\/logo\/image\/\",\"url\":\"https:\/\/www.cecotinternacionalitzacio.org\/wp-content\/uploads\/2015\/07\/Logo_Club_Int_165x60.png\",\"contentUrl\":\"https:\/\/www.cecotinternacionalitzacio.org\/wp-content\/uploads\/2015\/07\/Logo_Club_Int_165x60.png\",\"width\":165,\"height\":60,\"caption\":\"Club Cecot Internacionalitzaci\u00f3\"},\"image\":{\"@id\":\"https:\/\/www.cecotinternacionalitzacio.org\/#\/schema\/logo\/image\/\"}},{\"@type\":\"Person\",\"@id\":\"https:\/\/www.cecotinternacionalitzacio.org\/#\/schema\/person\/58d3621fb781542573f7224385ca68a2\",\"name\":\"Club Cecot Inter.\",\"image\":{\"@type\":\"ImageObject\",\"inLanguage\":\"es\",\"@id\":\"https:\/\/www.cecotinternacionalitzacio.org\/#\/schema\/person\/image\/\",\"url\":\"https:\/\/secure.gravatar.com\/avatar\/eacff8e73673ab09c1390cb7cd7b0fa00a987ef31f2368f5eeb668bbdb15ceec?s=96&r=g\",\"contentUrl\":\"https:\/\/secure.gravatar.com\/avatar\/eacff8e73673ab09c1390cb7cd7b0fa00a987ef31f2368f5eeb668bbdb15ceec?s=96&r=g\",\"caption\":\"Club Cecot Inter.\"},\"url\":\"https:\/\/www.cecotinternacionalitzacio.org\/es\/author\/club_admin\/\"}]}<\/script>\n<!-- \/ Yoast SEO plugin. -->","yoast_head_json":{"title":"Brexit\u00b7 estat de les negociacions - Club Cecot Internacionalitzaci\u00f3","robots":{"index":"noindex","follow":"follow","max-snippet":"max-snippet:-1","max-image-preview":"max-image-preview:large","max-video-preview":"max-video-preview:-1"},"og_locale":"es_ES","og_type":"article","og_title":"Brexit\u00b7 estat de les negociacions - Club Cecot Internacionalitzaci\u00f3","og_description":"Segons informacions facilitades pel cap negociador de la Comissi\u00f3 Europea. Michel Barnier i el Secretari d&#8217;Estat Brit\u00e0nic per a la sortida de la UE, David Davis, en una compareixen\u00e7a del\u00a0 passat el dia 19 de mar\u00e7, els avan\u00e7os en la negociaci\u00f3 quant a Brexit s\u00f3n els seg\u00fcents: 1. L&#8217;acord sobre el per\u00edode transitori, amb l&#8217;objectiu &hellip;... Llegir m\u00e9s &raquo;","og_url":"https:\/\/www.cecotinternacionalitzacio.org\/es\/brexit%c2%b7-estat-de-les-negociacions\/","og_site_name":"Club Cecot Internacionalitzaci\u00f3","article_published_time":"2018-03-26T10:18:00+00:00","og_image":[{"width":389,"height":234,"url":"https:\/\/www.cecotinternacionalitzacio.org\/wp-content\/uploads\/2017\/05\/brexit.jpg","type":"image\/jpeg"}],"author":"Club Cecot Inter.","twitter_card":"summary","twitter_misc":{"Escrito por":"Club Cecot Inter.","Tiempo de lectura":"2 minutos"},"schema":{"@context":"https:\/\/schema.org","@graph":[{"@type":"Article","@id":"https:\/\/www.cecotinternacionalitzacio.org\/es\/brexit%c2%b7-estat-de-les-negociacions\/#article","isPartOf":{"@id":"https:\/\/www.cecotinternacionalitzacio.org\/es\/brexit%c2%b7-estat-de-les-negociacions\/"},"author":{"name":"Club Cecot Inter.","@id":"https:\/\/www.cecotinternacionalitzacio.org\/#\/schema\/person\/58d3621fb781542573f7224385ca68a2"},"headline":"Brexit\u00b7 estat de les negociacions","datePublished":"2018-03-26T10:18:00+00:00","dateModified":"2018-03-26T10:18:00+00:00","mainEntityOfPage":{"@id":"https:\/\/www.cecotinternacionalitzacio.org\/es\/brexit%c2%b7-estat-de-les-negociacions\/"},"wordCount":370,"publisher":{"@id":"https:\/\/www.cecotinternacionalitzacio.org\/#organization"},"keywords":["brexit","cecot","club internacionalitzaci\u00f3","novetats brexit"],"articleSection":["Novetats"],"inLanguage":"es"},{"@type":"WebPage","@id":"https:\/\/www.cecotinternacionalitzacio.org\/es\/brexit%c2%b7-estat-de-les-negociacions\/","url":"https:\/\/www.cecotinternacionalitzacio.org\/es\/brexit%c2%b7-estat-de-les-negociacions\/","name":"Brexit\u00b7 estat de les negociacions - Club Cecot Internacionalitzaci\u00f3","isPartOf":{"@id":"https:\/\/www.cecotinternacionalitzacio.org\/#website"},"datePublished":"2018-03-26T10:18:00+00:00","dateModified":"2018-03-26T10:18:00+00:00","breadcrumb":{"@id":"https:\/\/www.cecotinternacionalitzacio.org\/es\/brexit%c2%b7-estat-de-les-negociacions\/#breadcrumb"},"inLanguage":"es","potentialAction":[{"@type":"ReadAction","target":["https:\/\/www.cecotinternacionalitzacio.org\/es\/brexit%c2%b7-estat-de-les-negociacions\/"]}]},{"@type":"BreadcrumbList","@id":"https:\/\/www.cecotinternacionalitzacio.org\/es\/brexit%c2%b7-estat-de-les-negociacions\/#breadcrumb","itemListElement":[{"@type":"ListItem","position":1,"name":"Inici","item":"https:\/\/www.cecotinternacionalitzacio.org\/es\/"},{"@type":"ListItem","position":2,"name":"Brexit\u00b7 estat de les negociacions"}]},{"@type":"WebSite","@id":"https:\/\/www.cecotinternacionalitzacio.org\/#website","url":"https:\/\/www.cecotinternacionalitzacio.org\/","name":"Club Cecot Internacionalitzaci\u00f3","description":"Un f\u00f2rum d\u2019intercanvi d\u2019experi\u00e8ncies sobre l\u2019activitat exportadora de les empreses","publisher":{"@id":"https:\/\/www.cecotinternacionalitzacio.org\/#organization"},"potentialAction":[{"@type":"SearchAction","target":{"@type":"EntryPoint","urlTemplate":"https:\/\/www.cecotinternacionalitzacio.org\/?s={search_term_string}"},"query-input":"required name=search_term_string"}],"inLanguage":"es"},{"@type":"Organization","@id":"https:\/\/www.cecotinternacionalitzacio.org\/#organization","name":"Club Cecot Internacionalitzaci\u00f3","url":"https:\/\/www.cecotinternacionalitzacio.org\/","sameAs":[],"logo":{"@type":"ImageObject","inLanguage":"es","@id":"https:\/\/www.cecotinternacionalitzacio.org\/#\/schema\/logo\/image\/","url":"https:\/\/www.cecotinternacionalitzacio.org\/wp-content\/uploads\/2015\/07\/Logo_Club_Int_165x60.png","contentUrl":"https:\/\/www.cecotinternacionalitzacio.org\/wp-content\/uploads\/2015\/07\/Logo_Club_Int_165x60.png","width":165,"height":60,"caption":"Club Cecot Internacionalitzaci\u00f3"},"image":{"@id":"https:\/\/www.cecotinternacionalitzacio.org\/#\/schema\/logo\/image\/"}},{"@type":"Person","@id":"https:\/\/www.cecotinternacionalitzacio.org\/#\/schema\/person\/58d3621fb781542573f7224385ca68a2","name":"Club Cecot Inter.","image":{"@type":"ImageObject","inLanguage":"es","@id":"https:\/\/www.cecotinternacionalitzacio.org\/#\/schema\/person\/image\/","url":"https:\/\/secure.gravatar.com\/avatar\/eacff8e73673ab09c1390cb7cd7b0fa00a987ef31f2368f5eeb668bbdb15ceec?s=96&r=g","contentUrl":"https:\/\/secure.gravatar.com\/avatar\/eacff8e73673ab09c1390cb7cd7b0fa00a987ef31f2368f5eeb668bbdb15ceec?s=96&r=g","caption":"Club Cecot Inter."},"url":"https:\/\/www.cecotinternacionalitzacio.org\/es\/author\/club_admin\/"}]}},"_links":{"self":[{"href":"https:\/\/www.cecotinternacionalitzacio.org\/es\/wp-json\/wp\/v2\/posts\/5383","targetHints":{"allow":["GET"]}}],"collection":[{"href":"https:\/\/www.cecotinternacionalitzacio.org\/es\/wp-json\/wp\/v2\/posts"}],"about":[{"href":"https:\/\/www.cecotinternacionalitzacio.org\/es\/wp-json\/wp\/v2\/types\/post"}],"author":[{"embeddable":true,"href":"https:\/\/www.cecotinternacionalitzacio.org\/es\/wp-json\/wp\/v2\/users\/1"}],"replies":[{"embeddable":true,"href":"https:\/\/www.cecotinternacionalitzacio.org\/es\/wp-json\/wp\/v2\/comments?post=5383"}],"version-history":[{"count":0,"href":"https:\/\/www.cecotinternacionalitzacio.org\/es\/wp-json\/wp\/v2\/posts\/5383\/revisions"}],"wp:featuredmedia":[{"embeddable":true,"href":"https:\/\/www.cecotinternacionalitzacio.org\/es\/wp-json\/wp\/v2\/media\/4773"}],"wp:attachment":[{"href":"https:\/\/www.cecotinternacionalitzacio.org\/es\/wp-json\/wp\/v2\/media?parent=5383"}],"wp:term":[{"taxonomy":"category","embeddable":true,"href":"https:\/\/www.cecotinternacionalitzacio.org\/es\/wp-json\/wp\/v2\/categories?post=5383"},{"taxonomy":"post_tag","embeddable":true,"href":"https:\/\/www.cecotinternacionalitzacio.org\/es\/wp-json\/wp\/v2\/tags?post=5383"}],"curies":[{"name":"wp","href":"https:\/\/api.w.org\/{rel}","templated":true}]}}