{"id":5403,"date":"2018-04-30T14:08:46","date_gmt":"2018-04-30T12:08:46","guid":{"rendered":"http:\/\/www.cecotinternacionalitzacio.org\/?p=5403"},"modified":"2018-05-04T13:48:34","modified_gmt":"2018-05-04T11:48:34","slug":"jornada-oportunitats-de-negoci-a-portugal","status":"publish","type":"post","link":"https:\/\/www.cecotinternacionalitzacio.org\/es\/jornada-oportunitats-de-negoci-a-portugal\/","title":{"rendered":"8 de maig | Jornada oportunitats de negoci a Portugal"},"content":{"rendered":"<p style=\"text-align: justify;\">En poc m\u00e9s de dos anys, a Portugal, el clima depressiu i la manca de perspectives que s&#8217;havien instal\u00b7lat amb el rescat han donat pas a un entorn social relaxat en qu\u00e8 les oportunitats permeten afrontar el futur amb un optimisme moderat.<\/p>\n<p style=\"text-align: justify;\">L\u00b4economia portuguesa est\u00e0 millorant, i aix\u00f2 crea un entorn tranquil i sostenible. Aix\u00ed mateix, \u00e9s un territori que no t\u00e9 problemes de conflictes militars, geopol\u00edtics o terrorisme. Disposa d&#8217;una bona localitzaci\u00f3 geogr\u00e0fica, i hi ha un bon nivell d&#8217;idiomes entre la seva poblaci\u00f3.<!--more--><\/p>\n<p>Us convidem a assistir a la jornada que tindr\u00e0 lloc el proper <strong>8 de maig de 10 a 12:00 h al Centre Metal.l\u00fargic al Carrer Tres Creus, 66, 08202 &#8211; Sabadell<\/strong><\/p>\n<p>Per a m\u00e9s informaci\u00f3 cliqueu <a href=\"https:\/\/www.cecotinternacionalitzacio.org\/wp-content\/uploads\/2018\/04\/PI-18.027-Jornada-Agents-Comercials-Portuguesos.pdf\">aqu\u00ed<\/a><\/p>\n<p>&nbsp;<\/p>\n","protected":false},"excerpt":{"rendered":"<p>En poc m\u00e9s de dos anys, a Portugal, el clima depressiu i la manca de perspectives que s&#8217;havien instal\u00b7lat amb el rescat han donat pas a un entorn social relaxat en qu\u00e8 les oportunitats permeten afrontar el futur amb un optimisme moderat. L\u00b4economia portuguesa est\u00e0 millorant, i aix\u00f2 crea un entorn tranquil i sostenible. Aix\u00ed &hellip;&#8230; <a class=\"moretag\" href=\"https:\/\/www.cecotinternacionalitzacio.org\/es\/jornada-oportunitats-de-negoci-a-portugal\/\"><br \/>Llegir m\u00e9s &raquo;<\/a><\/p>\n","protected":false},"author":1,"featured_media":5406,"comment_status":"closed","ping_status":"closed","sticky":false,"template":"","format":"standard","meta":{"_acf_changed":false,"_exactmetrics_skip_tracking":false,"_exactmetrics_sitenote_active":false,"_exactmetrics_sitenote_note":"","_exactmetrics_sitenote_category":0,"footnotes":""},"categories":[84],"tags":[113,269,176,419],"class_list":["post-5403","post","type-post","status-publish","format-standard","has-post-thumbnail","hentry","category-novetats","tag-cecot","tag-club-internacionalitzacio","tag-jornada","tag-portugal"],"acf":[],"yoast_head":"<!-- This site is optimized with the Yoast SEO plugin v19.6.1 - https:\/\/yoast.com\/wordpress\/plugins\/seo\/ -->\n<title>8 de maig | Jornada oportunitats de negoci a Portugal - Club Cecot Internacionalitzaci\u00f3<\/title>\n<meta name=\"robots\" content=\"noindex, follow, max-snippet:-1, max-image-preview:large, max-video-preview:-1\" \/>\n<meta property=\"og:locale\" content=\"es_ES\" \/>\n<meta property=\"og:type\" content=\"article\" \/>\n<meta property=\"og:title\" content=\"8 de maig | Jornada oportunitats de negoci a Portugal - Club Cecot Internacionalitzaci\u00f3\" \/>\n<meta property=\"og:description\" content=\"En poc m\u00e9s de dos anys, a Portugal, el clima depressiu i la manca de perspectives que s&#8217;havien instal\u00b7lat amb el rescat han donat pas a un entorn social relaxat en qu\u00e8 les oportunitats permeten afrontar el futur amb un optimisme moderat. L\u00b4economia portuguesa est\u00e0 millorant, i aix\u00f2 crea un entorn tranquil i sostenible. Aix\u00ed &hellip;... Llegir m\u00e9s &raquo;\" \/>\n<meta property=\"og:url\" content=\"https:\/\/www.cecotinternacionalitzacio.org\/es\/jornada-oportunitats-de-negoci-a-portugal\/\" \/>\n<meta property=\"og:site_name\" content=\"Club Cecot Internacionalitzaci\u00f3\" \/>\n<meta property=\"article:published_time\" content=\"2018-04-30T12:08:46+00:00\" \/>\n<meta property=\"article:modified_time\" content=\"2018-05-04T11:48:34+00:00\" \/>\n<meta property=\"og:image\" content=\"https:\/\/www.cecotinternacionalitzacio.org\/wp-content\/uploads\/2018\/04\/portugal.jpg\" \/>\n\t<meta property=\"og:image:width\" content=\"2772\" \/>\n\t<meta property=\"og:image:height\" content=\"2160\" \/>\n\t<meta property=\"og:image:type\" content=\"image\/jpeg\" \/>\n<meta name=\"author\" content=\"Club Cecot Inter.\" \/>\n<meta name=\"twitter:card\" content=\"summary\" \/>\n<meta name=\"twitter:label1\" content=\"Escrito por\" \/>\n\t<meta name=\"twitter:data1\" content=\"Club Cecot Inter.\" \/>\n\t<meta name=\"twitter:label2\" content=\"Tiempo de lectura\" \/>\n\t<meta name=\"twitter:data2\" content=\"1 minuto\" \/>\n<script type=\"application\/ld+json\" class=\"yoast-schema-graph\">{\"@context\":\"https:\/\/schema.org\",\"@graph\":[{\"@type\":\"Article\",\"@id\":\"https:\/\/www.cecotinternacionalitzacio.org\/es\/jornada-oportunitats-de-negoci-a-portugal\/#article\",\"isPartOf\":{\"@id\":\"https:\/\/www.cecotinternacionalitzacio.org\/es\/jornada-oportunitats-de-negoci-a-portugal\/\"},\"author\":{\"name\":\"Club Cecot Inter.\",\"@id\":\"https:\/\/www.cecotinternacionalitzacio.org\/#\/schema\/person\/58d3621fb781542573f7224385ca68a2\"},\"headline\":\"8 de maig | Jornada oportunitats de negoci a Portugal\",\"datePublished\":\"2018-04-30T12:08:46+00:00\",\"dateModified\":\"2018-05-04T11:48:34+00:00\",\"mainEntityOfPage\":{\"@id\":\"https:\/\/www.cecotinternacionalitzacio.org\/es\/jornada-oportunitats-de-negoci-a-portugal\/\"},\"wordCount\":134,\"publisher\":{\"@id\":\"https:\/\/www.cecotinternacionalitzacio.org\/#organization\"},\"keywords\":[\"cecot\",\"club internacionalitzaci\u00f3\",\"jornada\",\"portugal\"],\"articleSection\":[\"Novetats\"],\"inLanguage\":\"es\"},{\"@type\":\"WebPage\",\"@id\":\"https:\/\/www.cecotinternacionalitzacio.org\/es\/jornada-oportunitats-de-negoci-a-portugal\/\",\"url\":\"https:\/\/www.cecotinternacionalitzacio.org\/es\/jornada-oportunitats-de-negoci-a-portugal\/\",\"name\":\"8 de maig | Jornada oportunitats de negoci a Portugal - Club Cecot Internacionalitzaci\u00f3\",\"isPartOf\":{\"@id\":\"https:\/\/www.cecotinternacionalitzacio.org\/#website\"},\"datePublished\":\"2018-04-30T12:08:46+00:00\",\"dateModified\":\"2018-05-04T11:48:34+00:00\",\"breadcrumb\":{\"@id\":\"https:\/\/www.cecotinternacionalitzacio.org\/es\/jornada-oportunitats-de-negoci-a-portugal\/#breadcrumb\"},\"inLanguage\":\"es\",\"potentialAction\":[{\"@type\":\"ReadAction\",\"target\":[\"https:\/\/www.cecotinternacionalitzacio.org\/es\/jornada-oportunitats-de-negoci-a-portugal\/\"]}]},{\"@type\":\"BreadcrumbList\",\"@id\":\"https:\/\/www.cecotinternacionalitzacio.org\/es\/jornada-oportunitats-de-negoci-a-portugal\/#breadcrumb\",\"itemListElement\":[{\"@type\":\"ListItem\",\"position\":1,\"name\":\"Inici\",\"item\":\"https:\/\/www.cecotinternacionalitzacio.org\/es\/\"},{\"@type\":\"ListItem\",\"position\":2,\"name\":\"8 de maig | Jornada oportunitats de negoci a Portugal\"}]},{\"@type\":\"WebSite\",\"@id\":\"https:\/\/www.cecotinternacionalitzacio.org\/#website\",\"url\":\"https:\/\/www.cecotinternacionalitzacio.org\/\",\"name\":\"Club Cecot Internacionalitzaci\u00f3\",\"description\":\"Un f\u00f2rum d\u2019intercanvi d\u2019experi\u00e8ncies sobre l\u2019activitat exportadora de les empreses\",\"publisher\":{\"@id\":\"https:\/\/www.cecotinternacionalitzacio.org\/#organization\"},\"potentialAction\":[{\"@type\":\"SearchAction\",\"target\":{\"@type\":\"EntryPoint\",\"urlTemplate\":\"https:\/\/www.cecotinternacionalitzacio.org\/?s={search_term_string}\"},\"query-input\":\"required name=search_term_string\"}],\"inLanguage\":\"es\"},{\"@type\":\"Organization\",\"@id\":\"https:\/\/www.cecotinternacionalitzacio.org\/#organization\",\"name\":\"Club Cecot Internacionalitzaci\u00f3\",\"url\":\"https:\/\/www.cecotinternacionalitzacio.org\/\",\"sameAs\":[],\"logo\":{\"@type\":\"ImageObject\",\"inLanguage\":\"es\",\"@id\":\"https:\/\/www.cecotinternacionalitzacio.org\/#\/schema\/logo\/image\/\",\"url\":\"https:\/\/www.cecotinternacionalitzacio.org\/wp-content\/uploads\/2015\/07\/Logo_Club_Int_165x60.png\",\"contentUrl\":\"https:\/\/www.cecotinternacionalitzacio.org\/wp-content\/uploads\/2015\/07\/Logo_Club_Int_165x60.png\",\"width\":165,\"height\":60,\"caption\":\"Club Cecot Internacionalitzaci\u00f3\"},\"image\":{\"@id\":\"https:\/\/www.cecotinternacionalitzacio.org\/#\/schema\/logo\/image\/\"}},{\"@type\":\"Person\",\"@id\":\"https:\/\/www.cecotinternacionalitzacio.org\/#\/schema\/person\/58d3621fb781542573f7224385ca68a2\",\"name\":\"Club Cecot Inter.\",\"image\":{\"@type\":\"ImageObject\",\"inLanguage\":\"es\",\"@id\":\"https:\/\/www.cecotinternacionalitzacio.org\/#\/schema\/person\/image\/\",\"url\":\"https:\/\/secure.gravatar.com\/avatar\/eacff8e73673ab09c1390cb7cd7b0fa00a987ef31f2368f5eeb668bbdb15ceec?s=96&r=g\",\"contentUrl\":\"https:\/\/secure.gravatar.com\/avatar\/eacff8e73673ab09c1390cb7cd7b0fa00a987ef31f2368f5eeb668bbdb15ceec?s=96&r=g\",\"caption\":\"Club Cecot Inter.\"},\"url\":\"https:\/\/www.cecotinternacionalitzacio.org\/es\/author\/club_admin\/\"}]}<\/script>\n<!-- \/ Yoast SEO plugin. -->","yoast_head_json":{"title":"8 de maig | Jornada oportunitats de negoci a Portugal - Club Cecot Internacionalitzaci\u00f3","robots":{"index":"noindex","follow":"follow","max-snippet":"max-snippet:-1","max-image-preview":"max-image-preview:large","max-video-preview":"max-video-preview:-1"},"og_locale":"es_ES","og_type":"article","og_title":"8 de maig | Jornada oportunitats de negoci a Portugal - Club Cecot Internacionalitzaci\u00f3","og_description":"En poc m\u00e9s de dos anys, a Portugal, el clima depressiu i la manca de perspectives que s&#8217;havien instal\u00b7lat amb el rescat han donat pas a un entorn social relaxat en qu\u00e8 les oportunitats permeten afrontar el futur amb un optimisme moderat. L\u00b4economia portuguesa est\u00e0 millorant, i aix\u00f2 crea un entorn tranquil i sostenible. Aix\u00ed &hellip;... Llegir m\u00e9s &raquo;","og_url":"https:\/\/www.cecotinternacionalitzacio.org\/es\/jornada-oportunitats-de-negoci-a-portugal\/","og_site_name":"Club Cecot Internacionalitzaci\u00f3","article_published_time":"2018-04-30T12:08:46+00:00","article_modified_time":"2018-05-04T11:48:34+00:00","og_image":[{"width":2772,"height":2160,"url":"https:\/\/www.cecotinternacionalitzacio.org\/wp-content\/uploads\/2018\/04\/portugal.jpg","type":"image\/jpeg"}],"author":"Club Cecot Inter.","twitter_card":"summary","twitter_misc":{"Escrito por":"Club Cecot Inter.","Tiempo de lectura":"1 minuto"},"schema":{"@context":"https:\/\/schema.org","@graph":[{"@type":"Article","@id":"https:\/\/www.cecotinternacionalitzacio.org\/es\/jornada-oportunitats-de-negoci-a-portugal\/#article","isPartOf":{"@id":"https:\/\/www.cecotinternacionalitzacio.org\/es\/jornada-oportunitats-de-negoci-a-portugal\/"},"author":{"name":"Club Cecot Inter.","@id":"https:\/\/www.cecotinternacionalitzacio.org\/#\/schema\/person\/58d3621fb781542573f7224385ca68a2"},"headline":"8 de maig | Jornada oportunitats de negoci a Portugal","datePublished":"2018-04-30T12:08:46+00:00","dateModified":"2018-05-04T11:48:34+00:00","mainEntityOfPage":{"@id":"https:\/\/www.cecotinternacionalitzacio.org\/es\/jornada-oportunitats-de-negoci-a-portugal\/"},"wordCount":134,"publisher":{"@id":"https:\/\/www.cecotinternacionalitzacio.org\/#organization"},"keywords":["cecot","club internacionalitzaci\u00f3","jornada","portugal"],"articleSection":["Novetats"],"inLanguage":"es"},{"@type":"WebPage","@id":"https:\/\/www.cecotinternacionalitzacio.org\/es\/jornada-oportunitats-de-negoci-a-portugal\/","url":"https:\/\/www.cecotinternacionalitzacio.org\/es\/jornada-oportunitats-de-negoci-a-portugal\/","name":"8 de maig | Jornada oportunitats de negoci a Portugal - Club Cecot Internacionalitzaci\u00f3","isPartOf":{"@id":"https:\/\/www.cecotinternacionalitzacio.org\/#website"},"datePublished":"2018-04-30T12:08:46+00:00","dateModified":"2018-05-04T11:48:34+00:00","breadcrumb":{"@id":"https:\/\/www.cecotinternacionalitzacio.org\/es\/jornada-oportunitats-de-negoci-a-portugal\/#breadcrumb"},"inLanguage":"es","potentialAction":[{"@type":"ReadAction","target":["https:\/\/www.cecotinternacionalitzacio.org\/es\/jornada-oportunitats-de-negoci-a-portugal\/"]}]},{"@type":"BreadcrumbList","@id":"https:\/\/www.cecotinternacionalitzacio.org\/es\/jornada-oportunitats-de-negoci-a-portugal\/#breadcrumb","itemListElement":[{"@type":"ListItem","position":1,"name":"Inici","item":"https:\/\/www.cecotinternacionalitzacio.org\/es\/"},{"@type":"ListItem","position":2,"name":"8 de maig | Jornada oportunitats de negoci a Portugal"}]},{"@type":"WebSite","@id":"https:\/\/www.cecotinternacionalitzacio.org\/#website","url":"https:\/\/www.cecotinternacionalitzacio.org\/","name":"Club Cecot Internacionalitzaci\u00f3","description":"Un f\u00f2rum d\u2019intercanvi d\u2019experi\u00e8ncies sobre l\u2019activitat exportadora de les empreses","publisher":{"@id":"https:\/\/www.cecotinternacionalitzacio.org\/#organization"},"potentialAction":[{"@type":"SearchAction","target":{"@type":"EntryPoint","urlTemplate":"https:\/\/www.cecotinternacionalitzacio.org\/?s={search_term_string}"},"query-input":"required name=search_term_string"}],"inLanguage":"es"},{"@type":"Organization","@id":"https:\/\/www.cecotinternacionalitzacio.org\/#organization","name":"Club Cecot Internacionalitzaci\u00f3","url":"https:\/\/www.cecotinternacionalitzacio.org\/","sameAs":[],"logo":{"@type":"ImageObject","inLanguage":"es","@id":"https:\/\/www.cecotinternacionalitzacio.org\/#\/schema\/logo\/image\/","url":"https:\/\/www.cecotinternacionalitzacio.org\/wp-content\/uploads\/2015\/07\/Logo_Club_Int_165x60.png","contentUrl":"https:\/\/www.cecotinternacionalitzacio.org\/wp-content\/uploads\/2015\/07\/Logo_Club_Int_165x60.png","width":165,"height":60,"caption":"Club Cecot Internacionalitzaci\u00f3"},"image":{"@id":"https:\/\/www.cecotinternacionalitzacio.org\/#\/schema\/logo\/image\/"}},{"@type":"Person","@id":"https:\/\/www.cecotinternacionalitzacio.org\/#\/schema\/person\/58d3621fb781542573f7224385ca68a2","name":"Club Cecot Inter.","image":{"@type":"ImageObject","inLanguage":"es","@id":"https:\/\/www.cecotinternacionalitzacio.org\/#\/schema\/person\/image\/","url":"https:\/\/secure.gravatar.com\/avatar\/eacff8e73673ab09c1390cb7cd7b0fa00a987ef31f2368f5eeb668bbdb15ceec?s=96&r=g","contentUrl":"https:\/\/secure.gravatar.com\/avatar\/eacff8e73673ab09c1390cb7cd7b0fa00a987ef31f2368f5eeb668bbdb15ceec?s=96&r=g","caption":"Club Cecot Inter."},"url":"https:\/\/www.cecotinternacionalitzacio.org\/es\/author\/club_admin\/"}]}},"_links":{"self":[{"href":"https:\/\/www.cecotinternacionalitzacio.org\/es\/wp-json\/wp\/v2\/posts\/5403","targetHints":{"allow":["GET"]}}],"collection":[{"href":"https:\/\/www.cecotinternacionalitzacio.org\/es\/wp-json\/wp\/v2\/posts"}],"about":[{"href":"https:\/\/www.cecotinternacionalitzacio.org\/es\/wp-json\/wp\/v2\/types\/post"}],"author":[{"embeddable":true,"href":"https:\/\/www.cecotinternacionalitzacio.org\/es\/wp-json\/wp\/v2\/users\/1"}],"replies":[{"embeddable":true,"href":"https:\/\/www.cecotinternacionalitzacio.org\/es\/wp-json\/wp\/v2\/comments?post=5403"}],"version-history":[{"count":0,"href":"https:\/\/www.cecotinternacionalitzacio.org\/es\/wp-json\/wp\/v2\/posts\/5403\/revisions"}],"wp:featuredmedia":[{"embeddable":true,"href":"https:\/\/www.cecotinternacionalitzacio.org\/es\/wp-json\/wp\/v2\/media\/5406"}],"wp:attachment":[{"href":"https:\/\/www.cecotinternacionalitzacio.org\/es\/wp-json\/wp\/v2\/media?parent=5403"}],"wp:term":[{"taxonomy":"category","embeddable":true,"href":"https:\/\/www.cecotinternacionalitzacio.org\/es\/wp-json\/wp\/v2\/categories?post=5403"},{"taxonomy":"post_tag","embeddable":true,"href":"https:\/\/www.cecotinternacionalitzacio.org\/es\/wp-json\/wp\/v2\/tags?post=5403"}],"curies":[{"name":"wp","href":"https:\/\/api.w.org\/{rel}","templated":true}]}}