{"id":7361,"date":"2019-12-02T11:01:17","date_gmt":"2019-12-02T10:01:17","guid":{"rendered":"http:\/\/www.cecotinternacionalitzacio.org\/?p=7361"},"modified":"2019-12-02T12:17:46","modified_gmt":"2019-12-02T11:17:46","slug":"iva-intracomunitari-novetats-2020","status":"publish","type":"post","link":"https:\/\/www.cecotinternacionalitzacio.org\/es\/iva-intracomunitari-novetats-2020\/","title":{"rendered":"IVA Intracomunitari. Novetats 2020."},"content":{"rendered":"\n<p>A partir de l&#8217;1 de gener de 2020 entraran en vigor les primeres mesures de simplificaci\u00f3 de l&#8217;IVA Intracomunitari. <br>L&#8217;objectiu \u00e9s simplificar i harmonitzar diverses q\u00fcestions que fins ara es venien interpretant de forma diversa entre els diferents Estats Membres.<br>Estan previstes altres simplificacions de cara al 2021 que afecten a les vendes a dist\u00e0ncia (comer\u00e7 on-line) i tamb\u00e9 al 2022, on est\u00e0 previst que s&#8217;estableixi el r\u00e8gim definitiu de l&#8217;IVA intracomunitari, basat en el criteri de tributaci\u00f3 a dest\u00ed, com fins ara per\u00f2, amb importants canvis en la gesti\u00f3 de l&#8217;impost. <\/p>\n\n\n\n<p>Principals canvis de cara al 2020:<br>&#8211; <strong>Entregues en consigna<\/strong>: s&#8217;estableix un nou r\u00e8gim per les entregues en consignaci\u00f3. A partir de l&#8217;entrada en vigor de la nova normativa, les empreses que consignin mercaderies a casa dels clients i el trasp\u00e0s de propietat es faci en un termini que no superi els 12 mesos, podran tractar aquest enviament com entregues intercomunit\u00e0ires exemptes, sense que hagin de complir cap formalitat en el pa\u00eds de dest\u00ed de les mercaderies (fins ara podia ser exigible l&#8217;obtenci\u00f3 d&#8217;un n\u00ba d&#8217;IVA en el pa\u00eds de dest\u00ed i un registre d&#8217;aquestes operacions).<br>&#8211;<strong>Vendes en cadena dins de la UE<\/strong>: ens referim a la situaci\u00f3 en que hi ha dues vendes i un \u00fanic transport. En aquest cas la nova normativa estableix que el transport s&#8217;ent\u00e9n vinculat a la primera venda, a no ser que el primer prove\u00efdor i l&#8217;intermediari estiguin tots dos a Espanya, en aquest cas el transport s&#8217;ent\u00e9n vinculat a la segona venda i per tant la primera quedaria subjecte a IVA.<br>&#8211;<strong>Acreditaci\u00f3 de la sortida de b\u00e9ns cap a un altre Estat membre<\/strong>: s&#8217;estableix que l&#8217;acreditaci\u00f3 de la sortida es podr\u00e0 fer per qualsevol mitj\u00e0 adm\u00e8s en dret i aplicant el sistema de presumpcions incorporats al nostre ordenament jur\u00eddic pel Reglament d&#8217;Execuci\u00f3 (UE) n\u00ba 282\/2011.<br>&#8211;<strong>N\u00famero d\u2019IVA intracomunitari:<\/strong> la consignaci\u00f3 del n\u00famero d\u2019IVA intracomunitari del comprador a la factura i a la declaraci\u00f3 recapitulativa Model 349, passa de ser un mer requisit formal a ser un requisit material de l\u2019exempci\u00f3 de l&#8217;IVA en les entregues intracomunit\u00e0ries. Es a dir, si falta la consignaci\u00f3 d\u2019aquest n\u00famero, l\u2019 entrega deixa de ser exempte per al venedor i en cas d\u2019una inspecci\u00f3 per les autoritats fiscals podria significar l\u2019exig\u00e8ncia d\u2019ingr\u00e9s d\u2019un IVA que no ha repercutit al client.<\/p>\n\n\n\n<p> <\/p>\n","protected":false},"excerpt":{"rendered":"<p>IVA Intracomunitari. Novetats 2020 <a class=\"moretag\" href=\"https:\/\/www.cecotinternacionalitzacio.org\/es\/iva-intracomunitari-novetats-2020\/\"><br \/>Llegir m\u00e9s &raquo;<\/a><\/p>\n","protected":false},"author":1,"featured_media":7362,"comment_status":"closed","ping_status":"closed","sticky":false,"template":"","format":"standard","meta":{"_acf_changed":false,"_exactmetrics_skip_tracking":false,"_exactmetrics_sitenote_active":false,"_exactmetrics_sitenote_note":"","_exactmetrics_sitenote_category":0,"footnotes":""},"categories":[470,50],"tags":[],"class_list":["post-7361","post","type-post","status-publish","format-standard","has-post-thumbnail","hentry","category-boletin","category-legislacio"],"acf":[],"yoast_head":"<!-- This site is optimized with the Yoast SEO plugin v19.6.1 - https:\/\/yoast.com\/wordpress\/plugins\/seo\/ -->\n<title>IVA Intracomunitari. Novetats 2020. - Club Cecot Internacionalitzaci\u00f3<\/title>\n<meta name=\"robots\" content=\"noindex, follow, max-snippet:-1, max-image-preview:large, max-video-preview:-1\" \/>\n<meta property=\"og:locale\" content=\"es_ES\" \/>\n<meta property=\"og:type\" content=\"article\" \/>\n<meta property=\"og:title\" content=\"IVA Intracomunitari. Novetats 2020. - Club Cecot Internacionalitzaci\u00f3\" \/>\n<meta property=\"og:description\" content=\"IVA Intracomunitari. Novetats 2020 Llegir m\u00e9s &raquo;\" \/>\n<meta property=\"og:url\" content=\"https:\/\/www.cecotinternacionalitzacio.org\/es\/iva-intracomunitari-novetats-2020\/\" \/>\n<meta property=\"og:site_name\" content=\"Club Cecot Internacionalitzaci\u00f3\" \/>\n<meta property=\"article:published_time\" content=\"2019-12-02T10:01:17+00:00\" \/>\n<meta property=\"article:modified_time\" content=\"2019-12-02T11:17:46+00:00\" \/>\n<meta property=\"og:image\" content=\"https:\/\/www.cecotinternacionalitzacio.org\/wp-content\/uploads\/2019\/12\/IVA.jpg\" \/>\n\t<meta property=\"og:image:width\" content=\"800\" \/>\n\t<meta property=\"og:image:height\" content=\"533\" \/>\n\t<meta property=\"og:image:type\" content=\"image\/jpeg\" \/>\n<meta name=\"author\" content=\"Club Cecot Inter.\" \/>\n<meta name=\"twitter:card\" content=\"summary\" \/>\n<meta name=\"twitter:label1\" content=\"Escrito por\" \/>\n\t<meta name=\"twitter:data1\" content=\"Club Cecot Inter.\" \/>\n\t<meta name=\"twitter:label2\" content=\"Tiempo de lectura\" \/>\n\t<meta name=\"twitter:data2\" content=\"2 minutos\" \/>\n<script type=\"application\/ld+json\" class=\"yoast-schema-graph\">{\"@context\":\"https:\/\/schema.org\",\"@graph\":[{\"@type\":\"Article\",\"@id\":\"https:\/\/www.cecotinternacionalitzacio.org\/es\/iva-intracomunitari-novetats-2020\/#article\",\"isPartOf\":{\"@id\":\"https:\/\/www.cecotinternacionalitzacio.org\/es\/iva-intracomunitari-novetats-2020\/\"},\"author\":{\"name\":\"Club Cecot Inter.\",\"@id\":\"https:\/\/www.cecotinternacionalitzacio.org\/#\/schema\/person\/58d3621fb781542573f7224385ca68a2\"},\"headline\":\"IVA Intracomunitari. Novetats 2020.\",\"datePublished\":\"2019-12-02T10:01:17+00:00\",\"dateModified\":\"2019-12-02T11:17:46+00:00\",\"mainEntityOfPage\":{\"@id\":\"https:\/\/www.cecotinternacionalitzacio.org\/es\/iva-intracomunitari-novetats-2020\/\"},\"wordCount\":408,\"publisher\":{\"@id\":\"https:\/\/www.cecotinternacionalitzacio.org\/#organization\"},\"articleSection\":[\"Boletin\",\"Legislaci\u00f3\"],\"inLanguage\":\"es\"},{\"@type\":\"WebPage\",\"@id\":\"https:\/\/www.cecotinternacionalitzacio.org\/es\/iva-intracomunitari-novetats-2020\/\",\"url\":\"https:\/\/www.cecotinternacionalitzacio.org\/es\/iva-intracomunitari-novetats-2020\/\",\"name\":\"IVA Intracomunitari. Novetats 2020. - Club Cecot Internacionalitzaci\u00f3\",\"isPartOf\":{\"@id\":\"https:\/\/www.cecotinternacionalitzacio.org\/#website\"},\"datePublished\":\"2019-12-02T10:01:17+00:00\",\"dateModified\":\"2019-12-02T11:17:46+00:00\",\"breadcrumb\":{\"@id\":\"https:\/\/www.cecotinternacionalitzacio.org\/es\/iva-intracomunitari-novetats-2020\/#breadcrumb\"},\"inLanguage\":\"es\",\"potentialAction\":[{\"@type\":\"ReadAction\",\"target\":[\"https:\/\/www.cecotinternacionalitzacio.org\/es\/iva-intracomunitari-novetats-2020\/\"]}]},{\"@type\":\"BreadcrumbList\",\"@id\":\"https:\/\/www.cecotinternacionalitzacio.org\/es\/iva-intracomunitari-novetats-2020\/#breadcrumb\",\"itemListElement\":[{\"@type\":\"ListItem\",\"position\":1,\"name\":\"Inici\",\"item\":\"https:\/\/www.cecotinternacionalitzacio.org\/es\/\"},{\"@type\":\"ListItem\",\"position\":2,\"name\":\"IVA Intracomunitari. Novetats 2020.\"}]},{\"@type\":\"WebSite\",\"@id\":\"https:\/\/www.cecotinternacionalitzacio.org\/#website\",\"url\":\"https:\/\/www.cecotinternacionalitzacio.org\/\",\"name\":\"Club Cecot Internacionalitzaci\u00f3\",\"description\":\"Un f\u00f2rum d\u2019intercanvi d\u2019experi\u00e8ncies sobre l\u2019activitat exportadora de les empreses\",\"publisher\":{\"@id\":\"https:\/\/www.cecotinternacionalitzacio.org\/#organization\"},\"potentialAction\":[{\"@type\":\"SearchAction\",\"target\":{\"@type\":\"EntryPoint\",\"urlTemplate\":\"https:\/\/www.cecotinternacionalitzacio.org\/?s={search_term_string}\"},\"query-input\":\"required name=search_term_string\"}],\"inLanguage\":\"es\"},{\"@type\":\"Organization\",\"@id\":\"https:\/\/www.cecotinternacionalitzacio.org\/#organization\",\"name\":\"Club Cecot Internacionalitzaci\u00f3\",\"url\":\"https:\/\/www.cecotinternacionalitzacio.org\/\",\"sameAs\":[],\"logo\":{\"@type\":\"ImageObject\",\"inLanguage\":\"es\",\"@id\":\"https:\/\/www.cecotinternacionalitzacio.org\/#\/schema\/logo\/image\/\",\"url\":\"https:\/\/www.cecotinternacionalitzacio.org\/wp-content\/uploads\/2015\/07\/Logo_Club_Int_165x60.png\",\"contentUrl\":\"https:\/\/www.cecotinternacionalitzacio.org\/wp-content\/uploads\/2015\/07\/Logo_Club_Int_165x60.png\",\"width\":165,\"height\":60,\"caption\":\"Club Cecot Internacionalitzaci\u00f3\"},\"image\":{\"@id\":\"https:\/\/www.cecotinternacionalitzacio.org\/#\/schema\/logo\/image\/\"}},{\"@type\":\"Person\",\"@id\":\"https:\/\/www.cecotinternacionalitzacio.org\/#\/schema\/person\/58d3621fb781542573f7224385ca68a2\",\"name\":\"Club Cecot Inter.\",\"image\":{\"@type\":\"ImageObject\",\"inLanguage\":\"es\",\"@id\":\"https:\/\/www.cecotinternacionalitzacio.org\/#\/schema\/person\/image\/\",\"url\":\"https:\/\/secure.gravatar.com\/avatar\/eacff8e73673ab09c1390cb7cd7b0fa00a987ef31f2368f5eeb668bbdb15ceec?s=96&r=g\",\"contentUrl\":\"https:\/\/secure.gravatar.com\/avatar\/eacff8e73673ab09c1390cb7cd7b0fa00a987ef31f2368f5eeb668bbdb15ceec?s=96&r=g\",\"caption\":\"Club Cecot Inter.\"},\"url\":\"https:\/\/www.cecotinternacionalitzacio.org\/es\/author\/club_admin\/\"}]}<\/script>\n<!-- \/ Yoast SEO plugin. -->","yoast_head_json":{"title":"IVA Intracomunitari. Novetats 2020. - Club Cecot Internacionalitzaci\u00f3","robots":{"index":"noindex","follow":"follow","max-snippet":"max-snippet:-1","max-image-preview":"max-image-preview:large","max-video-preview":"max-video-preview:-1"},"og_locale":"es_ES","og_type":"article","og_title":"IVA Intracomunitari. Novetats 2020. - Club Cecot Internacionalitzaci\u00f3","og_description":"IVA Intracomunitari. Novetats 2020 Llegir m\u00e9s &raquo;","og_url":"https:\/\/www.cecotinternacionalitzacio.org\/es\/iva-intracomunitari-novetats-2020\/","og_site_name":"Club Cecot Internacionalitzaci\u00f3","article_published_time":"2019-12-02T10:01:17+00:00","article_modified_time":"2019-12-02T11:17:46+00:00","og_image":[{"width":800,"height":533,"url":"https:\/\/www.cecotinternacionalitzacio.org\/wp-content\/uploads\/2019\/12\/IVA.jpg","type":"image\/jpeg"}],"author":"Club Cecot Inter.","twitter_card":"summary","twitter_misc":{"Escrito por":"Club Cecot Inter.","Tiempo de lectura":"2 minutos"},"schema":{"@context":"https:\/\/schema.org","@graph":[{"@type":"Article","@id":"https:\/\/www.cecotinternacionalitzacio.org\/es\/iva-intracomunitari-novetats-2020\/#article","isPartOf":{"@id":"https:\/\/www.cecotinternacionalitzacio.org\/es\/iva-intracomunitari-novetats-2020\/"},"author":{"name":"Club Cecot Inter.","@id":"https:\/\/www.cecotinternacionalitzacio.org\/#\/schema\/person\/58d3621fb781542573f7224385ca68a2"},"headline":"IVA Intracomunitari. Novetats 2020.","datePublished":"2019-12-02T10:01:17+00:00","dateModified":"2019-12-02T11:17:46+00:00","mainEntityOfPage":{"@id":"https:\/\/www.cecotinternacionalitzacio.org\/es\/iva-intracomunitari-novetats-2020\/"},"wordCount":408,"publisher":{"@id":"https:\/\/www.cecotinternacionalitzacio.org\/#organization"},"articleSection":["Boletin","Legislaci\u00f3"],"inLanguage":"es"},{"@type":"WebPage","@id":"https:\/\/www.cecotinternacionalitzacio.org\/es\/iva-intracomunitari-novetats-2020\/","url":"https:\/\/www.cecotinternacionalitzacio.org\/es\/iva-intracomunitari-novetats-2020\/","name":"IVA Intracomunitari. Novetats 2020. - Club Cecot Internacionalitzaci\u00f3","isPartOf":{"@id":"https:\/\/www.cecotinternacionalitzacio.org\/#website"},"datePublished":"2019-12-02T10:01:17+00:00","dateModified":"2019-12-02T11:17:46+00:00","breadcrumb":{"@id":"https:\/\/www.cecotinternacionalitzacio.org\/es\/iva-intracomunitari-novetats-2020\/#breadcrumb"},"inLanguage":"es","potentialAction":[{"@type":"ReadAction","target":["https:\/\/www.cecotinternacionalitzacio.org\/es\/iva-intracomunitari-novetats-2020\/"]}]},{"@type":"BreadcrumbList","@id":"https:\/\/www.cecotinternacionalitzacio.org\/es\/iva-intracomunitari-novetats-2020\/#breadcrumb","itemListElement":[{"@type":"ListItem","position":1,"name":"Inici","item":"https:\/\/www.cecotinternacionalitzacio.org\/es\/"},{"@type":"ListItem","position":2,"name":"IVA Intracomunitari. Novetats 2020."}]},{"@type":"WebSite","@id":"https:\/\/www.cecotinternacionalitzacio.org\/#website","url":"https:\/\/www.cecotinternacionalitzacio.org\/","name":"Club Cecot Internacionalitzaci\u00f3","description":"Un f\u00f2rum d\u2019intercanvi d\u2019experi\u00e8ncies sobre l\u2019activitat exportadora de les empreses","publisher":{"@id":"https:\/\/www.cecotinternacionalitzacio.org\/#organization"},"potentialAction":[{"@type":"SearchAction","target":{"@type":"EntryPoint","urlTemplate":"https:\/\/www.cecotinternacionalitzacio.org\/?s={search_term_string}"},"query-input":"required name=search_term_string"}],"inLanguage":"es"},{"@type":"Organization","@id":"https:\/\/www.cecotinternacionalitzacio.org\/#organization","name":"Club Cecot Internacionalitzaci\u00f3","url":"https:\/\/www.cecotinternacionalitzacio.org\/","sameAs":[],"logo":{"@type":"ImageObject","inLanguage":"es","@id":"https:\/\/www.cecotinternacionalitzacio.org\/#\/schema\/logo\/image\/","url":"https:\/\/www.cecotinternacionalitzacio.org\/wp-content\/uploads\/2015\/07\/Logo_Club_Int_165x60.png","contentUrl":"https:\/\/www.cecotinternacionalitzacio.org\/wp-content\/uploads\/2015\/07\/Logo_Club_Int_165x60.png","width":165,"height":60,"caption":"Club Cecot Internacionalitzaci\u00f3"},"image":{"@id":"https:\/\/www.cecotinternacionalitzacio.org\/#\/schema\/logo\/image\/"}},{"@type":"Person","@id":"https:\/\/www.cecotinternacionalitzacio.org\/#\/schema\/person\/58d3621fb781542573f7224385ca68a2","name":"Club Cecot Inter.","image":{"@type":"ImageObject","inLanguage":"es","@id":"https:\/\/www.cecotinternacionalitzacio.org\/#\/schema\/person\/image\/","url":"https:\/\/secure.gravatar.com\/avatar\/eacff8e73673ab09c1390cb7cd7b0fa00a987ef31f2368f5eeb668bbdb15ceec?s=96&r=g","contentUrl":"https:\/\/secure.gravatar.com\/avatar\/eacff8e73673ab09c1390cb7cd7b0fa00a987ef31f2368f5eeb668bbdb15ceec?s=96&r=g","caption":"Club Cecot Inter."},"url":"https:\/\/www.cecotinternacionalitzacio.org\/es\/author\/club_admin\/"}]}},"_links":{"self":[{"href":"https:\/\/www.cecotinternacionalitzacio.org\/es\/wp-json\/wp\/v2\/posts\/7361","targetHints":{"allow":["GET"]}}],"collection":[{"href":"https:\/\/www.cecotinternacionalitzacio.org\/es\/wp-json\/wp\/v2\/posts"}],"about":[{"href":"https:\/\/www.cecotinternacionalitzacio.org\/es\/wp-json\/wp\/v2\/types\/post"}],"author":[{"embeddable":true,"href":"https:\/\/www.cecotinternacionalitzacio.org\/es\/wp-json\/wp\/v2\/users\/1"}],"replies":[{"embeddable":true,"href":"https:\/\/www.cecotinternacionalitzacio.org\/es\/wp-json\/wp\/v2\/comments?post=7361"}],"version-history":[{"count":0,"href":"https:\/\/www.cecotinternacionalitzacio.org\/es\/wp-json\/wp\/v2\/posts\/7361\/revisions"}],"wp:featuredmedia":[{"embeddable":true,"href":"https:\/\/www.cecotinternacionalitzacio.org\/es\/wp-json\/wp\/v2\/media\/7362"}],"wp:attachment":[{"href":"https:\/\/www.cecotinternacionalitzacio.org\/es\/wp-json\/wp\/v2\/media?parent=7361"}],"wp:term":[{"taxonomy":"category","embeddable":true,"href":"https:\/\/www.cecotinternacionalitzacio.org\/es\/wp-json\/wp\/v2\/categories?post=7361"},{"taxonomy":"post_tag","embeddable":true,"href":"https:\/\/www.cecotinternacionalitzacio.org\/es\/wp-json\/wp\/v2\/tags?post=7361"}],"curies":[{"name":"wp","href":"https:\/\/api.w.org\/{rel}","templated":true}]}}