{"id":7853,"date":"2020-04-06T12:05:49","date_gmt":"2020-04-06T10:05:49","guid":{"rendered":"http:\/\/www.cecotinternacionalitzacio.org\/?p=7853"},"modified":"2020-04-07T12:15:08","modified_gmt":"2020-04-07T10:15:08","slug":"exempcio-diva-i-aranzels-per-a-la-importacio-de-mercaderies","status":"publish","type":"post","link":"https:\/\/www.cecotinternacionalitzacio.org\/es\/exempcio-diva-i-aranzels-per-a-la-importacio-de-mercaderies\/","title":{"rendered":"Exempci\u00f3 d&#8217;IVA i aranzels per a la importaci\u00f3 de mercaderies"},"content":{"rendered":"\n<p>La Comissi\u00f3 Europea ha adoptat la decisi\u00f3 (UE) 2020\/491, amb la que es concedeix una franqu\u00edcia de drets d\u2019importaci\u00f3 i una exempci\u00f3 d&#8217;IVA per a la importaci\u00f3 de mercaderies necess\u00e0ries per combatre els efectes del brot de la COVID-19.<br><\/p>\n\n\n\n<p>Aquesta decisi\u00f3 afecta a les mercaderies importades per distribuir-les o posar-les a disposici\u00f3 de forma gratu\u00efta, per part d&#8217;organismes p\u00fablics o ag\u00e8ncies autoritzades per les autoritats competents. <\/p>\n\n\n\n<p>  Podeu consultar la decisi\u00f3 en aquest <a rel=\"noreferrer noopener\" href=\"https:\/\/elink.clickdimensions.com\/c\/6\/?T=NzI1MjE5MDI%3AMDItYjIwMDk3LWQ5NWZlNGI5YzhjYTRjNzg4ZWU0NWY0YTllN2FlODQ1%3AbWFyaWEuc29sYW5pQGNlY290LmVz%3AY29udGFjdC05MmQwYWZmNWU0MDVlNTExOTMzMjVlZjNmYzU2M2E5OS03YzlhZDgwMWRkYmM0NmIwYThhM2UzZGI0M2JhODZjNQ%3AZmFsc2U%3AMA%3A%3AaHR0cHM6Ly93d3cuYm9lLmVzL2RvdWUvMjAyMC8xMDMvTDAwMDAxLTAwMDAzLnBkZj9fY2xkZWU9YldGeWFXRXVjMjlzWVc1cFFHTmxZMjkwTG1WeiZyZWNpcGllbnRpZD1jb250YWN0LTkyZDBhZmY1ZTQwNWU1MTE5MzMyNWVmM2ZjNTYzYTk5LTdjOWFkODAxZGRiYzQ2YjBhOGEzZTNkYjQzYmE4NmM1JmVzaWQ9NWUxZjRlZjYtZDI3Ny1lYTExLWFhZmUtMDAwYzI5NjI0MTUx&amp;K=wzTtOMwIeE0hbFs_b-u7eQ\" target=\"_blank\">enlla\u00e7<\/a><br><br><br><\/p>\n","protected":false},"excerpt":{"rendered":"<p>La UE concedeix una franqu\u00edcia de drets d\u2019importaci\u00f3 i una exempci\u00f3 d&#8217;IVA per a la importaci\u00f3 de mercaderies necess\u00e0ries per combatre els efectes del brot de la COVID-19. <a class=\"moretag\" href=\"https:\/\/www.cecotinternacionalitzacio.org\/es\/exempcio-diva-i-aranzels-per-a-la-importacio-de-mercaderies\/\"><br \/>Llegir m\u00e9s &raquo;<\/a><\/p>\n","protected":false},"author":1,"featured_media":7779,"comment_status":"closed","ping_status":"closed","sticky":false,"template":"","format":"standard","meta":{"_acf_changed":false,"_exactmetrics_skip_tracking":false,"_exactmetrics_sitenote_active":false,"_exactmetrics_sitenote_note":"","_exactmetrics_sitenote_category":0,"footnotes":""},"categories":[470,50,84,49],"tags":[],"class_list":["post-7853","post","type-post","status-publish","format-standard","has-post-thumbnail","hentry","category-boletin","category-legislacio","category-novetats","category-sala-de-premsa"],"acf":[],"yoast_head":"<!-- This site is optimized with the Yoast SEO plugin v19.6.1 - https:\/\/yoast.com\/wordpress\/plugins\/seo\/ -->\n<title>Exempci\u00f3 d&#039;IVA i aranzels per a la importaci\u00f3 de mercaderies - Club Cecot Internacionalitzaci\u00f3<\/title>\n<meta name=\"robots\" content=\"noindex, follow, max-snippet:-1, max-image-preview:large, max-video-preview:-1\" \/>\n<meta property=\"og:locale\" content=\"es_ES\" \/>\n<meta property=\"og:type\" content=\"article\" \/>\n<meta property=\"og:title\" content=\"Exempci\u00f3 d&#039;IVA i aranzels per a la importaci\u00f3 de mercaderies - Club Cecot Internacionalitzaci\u00f3\" \/>\n<meta property=\"og:description\" content=\"La UE concedeix una franqu\u00edcia de drets d\u2019importaci\u00f3 i una exempci\u00f3 d&#039;IVA per a la importaci\u00f3 de mercaderies necess\u00e0ries per combatre els efectes del brot de la COVID-19. Llegir m\u00e9s &raquo;\" \/>\n<meta property=\"og:url\" content=\"https:\/\/www.cecotinternacionalitzacio.org\/es\/exempcio-diva-i-aranzels-per-a-la-importacio-de-mercaderies\/\" \/>\n<meta property=\"og:site_name\" content=\"Club Cecot Internacionalitzaci\u00f3\" \/>\n<meta property=\"article:published_time\" content=\"2020-04-06T10:05:49+00:00\" \/>\n<meta property=\"article:modified_time\" content=\"2020-04-07T10:15:08+00:00\" \/>\n<meta property=\"og:image\" content=\"https:\/\/www.cecotinternacionalitzacio.org\/wp-content\/uploads\/2020\/03\/duanes.jpg\" \/>\n\t<meta property=\"og:image:width\" content=\"648\" \/>\n\t<meta property=\"og:image:height\" content=\"343\" \/>\n\t<meta property=\"og:image:type\" content=\"image\/jpeg\" \/>\n<meta name=\"author\" content=\"Club Cecot Inter.\" \/>\n<meta name=\"twitter:card\" content=\"summary\" \/>\n<meta name=\"twitter:label1\" content=\"Escrito por\" \/>\n\t<meta name=\"twitter:data1\" content=\"Club Cecot Inter.\" \/>\n<script type=\"application\/ld+json\" class=\"yoast-schema-graph\">{\"@context\":\"https:\/\/schema.org\",\"@graph\":[{\"@type\":\"Article\",\"@id\":\"https:\/\/www.cecotinternacionalitzacio.org\/es\/exempcio-diva-i-aranzels-per-a-la-importacio-de-mercaderies\/#article\",\"isPartOf\":{\"@id\":\"https:\/\/www.cecotinternacionalitzacio.org\/es\/exempcio-diva-i-aranzels-per-a-la-importacio-de-mercaderies\/\"},\"author\":{\"name\":\"Club Cecot Inter.\",\"@id\":\"https:\/\/www.cecotinternacionalitzacio.org\/#\/schema\/person\/58d3621fb781542573f7224385ca68a2\"},\"headline\":\"Exempci\u00f3 d&#8217;IVA i aranzels per a la importaci\u00f3 de mercaderies\",\"datePublished\":\"2020-04-06T10:05:49+00:00\",\"dateModified\":\"2020-04-07T10:15:08+00:00\",\"mainEntityOfPage\":{\"@id\":\"https:\/\/www.cecotinternacionalitzacio.org\/es\/exempcio-diva-i-aranzels-per-a-la-importacio-de-mercaderies\/\"},\"wordCount\":88,\"publisher\":{\"@id\":\"https:\/\/www.cecotinternacionalitzacio.org\/#organization\"},\"articleSection\":[\"Boletin\",\"Legislaci\u00f3\",\"Novetats\",\"Sala de premsa\"],\"inLanguage\":\"es\"},{\"@type\":\"WebPage\",\"@id\":\"https:\/\/www.cecotinternacionalitzacio.org\/es\/exempcio-diva-i-aranzels-per-a-la-importacio-de-mercaderies\/\",\"url\":\"https:\/\/www.cecotinternacionalitzacio.org\/es\/exempcio-diva-i-aranzels-per-a-la-importacio-de-mercaderies\/\",\"name\":\"Exempci\u00f3 d'IVA i aranzels per a la importaci\u00f3 de mercaderies - Club Cecot Internacionalitzaci\u00f3\",\"isPartOf\":{\"@id\":\"https:\/\/www.cecotinternacionalitzacio.org\/#website\"},\"datePublished\":\"2020-04-06T10:05:49+00:00\",\"dateModified\":\"2020-04-07T10:15:08+00:00\",\"breadcrumb\":{\"@id\":\"https:\/\/www.cecotinternacionalitzacio.org\/es\/exempcio-diva-i-aranzels-per-a-la-importacio-de-mercaderies\/#breadcrumb\"},\"inLanguage\":\"es\",\"potentialAction\":[{\"@type\":\"ReadAction\",\"target\":[\"https:\/\/www.cecotinternacionalitzacio.org\/es\/exempcio-diva-i-aranzels-per-a-la-importacio-de-mercaderies\/\"]}]},{\"@type\":\"BreadcrumbList\",\"@id\":\"https:\/\/www.cecotinternacionalitzacio.org\/es\/exempcio-diva-i-aranzels-per-a-la-importacio-de-mercaderies\/#breadcrumb\",\"itemListElement\":[{\"@type\":\"ListItem\",\"position\":1,\"name\":\"Inici\",\"item\":\"https:\/\/www.cecotinternacionalitzacio.org\/es\/\"},{\"@type\":\"ListItem\",\"position\":2,\"name\":\"Exempci\u00f3 d&#8217;IVA i aranzels per a la importaci\u00f3 de mercaderies\"}]},{\"@type\":\"WebSite\",\"@id\":\"https:\/\/www.cecotinternacionalitzacio.org\/#website\",\"url\":\"https:\/\/www.cecotinternacionalitzacio.org\/\",\"name\":\"Club Cecot Internacionalitzaci\u00f3\",\"description\":\"Un f\u00f2rum d\u2019intercanvi d\u2019experi\u00e8ncies sobre l\u2019activitat exportadora de les empreses\",\"publisher\":{\"@id\":\"https:\/\/www.cecotinternacionalitzacio.org\/#organization\"},\"potentialAction\":[{\"@type\":\"SearchAction\",\"target\":{\"@type\":\"EntryPoint\",\"urlTemplate\":\"https:\/\/www.cecotinternacionalitzacio.org\/?s={search_term_string}\"},\"query-input\":\"required name=search_term_string\"}],\"inLanguage\":\"es\"},{\"@type\":\"Organization\",\"@id\":\"https:\/\/www.cecotinternacionalitzacio.org\/#organization\",\"name\":\"Club Cecot Internacionalitzaci\u00f3\",\"url\":\"https:\/\/www.cecotinternacionalitzacio.org\/\",\"sameAs\":[],\"logo\":{\"@type\":\"ImageObject\",\"inLanguage\":\"es\",\"@id\":\"https:\/\/www.cecotinternacionalitzacio.org\/#\/schema\/logo\/image\/\",\"url\":\"https:\/\/www.cecotinternacionalitzacio.org\/wp-content\/uploads\/2015\/07\/Logo_Club_Int_165x60.png\",\"contentUrl\":\"https:\/\/www.cecotinternacionalitzacio.org\/wp-content\/uploads\/2015\/07\/Logo_Club_Int_165x60.png\",\"width\":165,\"height\":60,\"caption\":\"Club Cecot Internacionalitzaci\u00f3\"},\"image\":{\"@id\":\"https:\/\/www.cecotinternacionalitzacio.org\/#\/schema\/logo\/image\/\"}},{\"@type\":\"Person\",\"@id\":\"https:\/\/www.cecotinternacionalitzacio.org\/#\/schema\/person\/58d3621fb781542573f7224385ca68a2\",\"name\":\"Club Cecot Inter.\",\"image\":{\"@type\":\"ImageObject\",\"inLanguage\":\"es\",\"@id\":\"https:\/\/www.cecotinternacionalitzacio.org\/#\/schema\/person\/image\/\",\"url\":\"https:\/\/secure.gravatar.com\/avatar\/eacff8e73673ab09c1390cb7cd7b0fa00a987ef31f2368f5eeb668bbdb15ceec?s=96&r=g\",\"contentUrl\":\"https:\/\/secure.gravatar.com\/avatar\/eacff8e73673ab09c1390cb7cd7b0fa00a987ef31f2368f5eeb668bbdb15ceec?s=96&r=g\",\"caption\":\"Club Cecot Inter.\"},\"url\":\"https:\/\/www.cecotinternacionalitzacio.org\/es\/author\/club_admin\/\"}]}<\/script>\n<!-- \/ Yoast SEO plugin. -->","yoast_head_json":{"title":"Exempci\u00f3 d'IVA i aranzels per a la importaci\u00f3 de mercaderies - Club Cecot Internacionalitzaci\u00f3","robots":{"index":"noindex","follow":"follow","max-snippet":"max-snippet:-1","max-image-preview":"max-image-preview:large","max-video-preview":"max-video-preview:-1"},"og_locale":"es_ES","og_type":"article","og_title":"Exempci\u00f3 d'IVA i aranzels per a la importaci\u00f3 de mercaderies - Club Cecot Internacionalitzaci\u00f3","og_description":"La UE concedeix una franqu\u00edcia de drets d\u2019importaci\u00f3 i una exempci\u00f3 d'IVA per a la importaci\u00f3 de mercaderies necess\u00e0ries per combatre els efectes del brot de la COVID-19. Llegir m\u00e9s &raquo;","og_url":"https:\/\/www.cecotinternacionalitzacio.org\/es\/exempcio-diva-i-aranzels-per-a-la-importacio-de-mercaderies\/","og_site_name":"Club Cecot Internacionalitzaci\u00f3","article_published_time":"2020-04-06T10:05:49+00:00","article_modified_time":"2020-04-07T10:15:08+00:00","og_image":[{"width":648,"height":343,"url":"https:\/\/www.cecotinternacionalitzacio.org\/wp-content\/uploads\/2020\/03\/duanes.jpg","type":"image\/jpeg"}],"author":"Club Cecot Inter.","twitter_card":"summary","twitter_misc":{"Escrito por":"Club Cecot Inter."},"schema":{"@context":"https:\/\/schema.org","@graph":[{"@type":"Article","@id":"https:\/\/www.cecotinternacionalitzacio.org\/es\/exempcio-diva-i-aranzels-per-a-la-importacio-de-mercaderies\/#article","isPartOf":{"@id":"https:\/\/www.cecotinternacionalitzacio.org\/es\/exempcio-diva-i-aranzels-per-a-la-importacio-de-mercaderies\/"},"author":{"name":"Club Cecot Inter.","@id":"https:\/\/www.cecotinternacionalitzacio.org\/#\/schema\/person\/58d3621fb781542573f7224385ca68a2"},"headline":"Exempci\u00f3 d&#8217;IVA i aranzels per a la importaci\u00f3 de mercaderies","datePublished":"2020-04-06T10:05:49+00:00","dateModified":"2020-04-07T10:15:08+00:00","mainEntityOfPage":{"@id":"https:\/\/www.cecotinternacionalitzacio.org\/es\/exempcio-diva-i-aranzels-per-a-la-importacio-de-mercaderies\/"},"wordCount":88,"publisher":{"@id":"https:\/\/www.cecotinternacionalitzacio.org\/#organization"},"articleSection":["Boletin","Legislaci\u00f3","Novetats","Sala de premsa"],"inLanguage":"es"},{"@type":"WebPage","@id":"https:\/\/www.cecotinternacionalitzacio.org\/es\/exempcio-diva-i-aranzels-per-a-la-importacio-de-mercaderies\/","url":"https:\/\/www.cecotinternacionalitzacio.org\/es\/exempcio-diva-i-aranzels-per-a-la-importacio-de-mercaderies\/","name":"Exempci\u00f3 d'IVA i aranzels per a la importaci\u00f3 de mercaderies - Club Cecot Internacionalitzaci\u00f3","isPartOf":{"@id":"https:\/\/www.cecotinternacionalitzacio.org\/#website"},"datePublished":"2020-04-06T10:05:49+00:00","dateModified":"2020-04-07T10:15:08+00:00","breadcrumb":{"@id":"https:\/\/www.cecotinternacionalitzacio.org\/es\/exempcio-diva-i-aranzels-per-a-la-importacio-de-mercaderies\/#breadcrumb"},"inLanguage":"es","potentialAction":[{"@type":"ReadAction","target":["https:\/\/www.cecotinternacionalitzacio.org\/es\/exempcio-diva-i-aranzels-per-a-la-importacio-de-mercaderies\/"]}]},{"@type":"BreadcrumbList","@id":"https:\/\/www.cecotinternacionalitzacio.org\/es\/exempcio-diva-i-aranzels-per-a-la-importacio-de-mercaderies\/#breadcrumb","itemListElement":[{"@type":"ListItem","position":1,"name":"Inici","item":"https:\/\/www.cecotinternacionalitzacio.org\/es\/"},{"@type":"ListItem","position":2,"name":"Exempci\u00f3 d&#8217;IVA i aranzels per a la importaci\u00f3 de mercaderies"}]},{"@type":"WebSite","@id":"https:\/\/www.cecotinternacionalitzacio.org\/#website","url":"https:\/\/www.cecotinternacionalitzacio.org\/","name":"Club Cecot Internacionalitzaci\u00f3","description":"Un f\u00f2rum d\u2019intercanvi d\u2019experi\u00e8ncies sobre l\u2019activitat exportadora de les empreses","publisher":{"@id":"https:\/\/www.cecotinternacionalitzacio.org\/#organization"},"potentialAction":[{"@type":"SearchAction","target":{"@type":"EntryPoint","urlTemplate":"https:\/\/www.cecotinternacionalitzacio.org\/?s={search_term_string}"},"query-input":"required name=search_term_string"}],"inLanguage":"es"},{"@type":"Organization","@id":"https:\/\/www.cecotinternacionalitzacio.org\/#organization","name":"Club Cecot Internacionalitzaci\u00f3","url":"https:\/\/www.cecotinternacionalitzacio.org\/","sameAs":[],"logo":{"@type":"ImageObject","inLanguage":"es","@id":"https:\/\/www.cecotinternacionalitzacio.org\/#\/schema\/logo\/image\/","url":"https:\/\/www.cecotinternacionalitzacio.org\/wp-content\/uploads\/2015\/07\/Logo_Club_Int_165x60.png","contentUrl":"https:\/\/www.cecotinternacionalitzacio.org\/wp-content\/uploads\/2015\/07\/Logo_Club_Int_165x60.png","width":165,"height":60,"caption":"Club Cecot Internacionalitzaci\u00f3"},"image":{"@id":"https:\/\/www.cecotinternacionalitzacio.org\/#\/schema\/logo\/image\/"}},{"@type":"Person","@id":"https:\/\/www.cecotinternacionalitzacio.org\/#\/schema\/person\/58d3621fb781542573f7224385ca68a2","name":"Club Cecot Inter.","image":{"@type":"ImageObject","inLanguage":"es","@id":"https:\/\/www.cecotinternacionalitzacio.org\/#\/schema\/person\/image\/","url":"https:\/\/secure.gravatar.com\/avatar\/eacff8e73673ab09c1390cb7cd7b0fa00a987ef31f2368f5eeb668bbdb15ceec?s=96&r=g","contentUrl":"https:\/\/secure.gravatar.com\/avatar\/eacff8e73673ab09c1390cb7cd7b0fa00a987ef31f2368f5eeb668bbdb15ceec?s=96&r=g","caption":"Club Cecot Inter."},"url":"https:\/\/www.cecotinternacionalitzacio.org\/es\/author\/club_admin\/"}]}},"_links":{"self":[{"href":"https:\/\/www.cecotinternacionalitzacio.org\/es\/wp-json\/wp\/v2\/posts\/7853","targetHints":{"allow":["GET"]}}],"collection":[{"href":"https:\/\/www.cecotinternacionalitzacio.org\/es\/wp-json\/wp\/v2\/posts"}],"about":[{"href":"https:\/\/www.cecotinternacionalitzacio.org\/es\/wp-json\/wp\/v2\/types\/post"}],"author":[{"embeddable":true,"href":"https:\/\/www.cecotinternacionalitzacio.org\/es\/wp-json\/wp\/v2\/users\/1"}],"replies":[{"embeddable":true,"href":"https:\/\/www.cecotinternacionalitzacio.org\/es\/wp-json\/wp\/v2\/comments?post=7853"}],"version-history":[{"count":0,"href":"https:\/\/www.cecotinternacionalitzacio.org\/es\/wp-json\/wp\/v2\/posts\/7853\/revisions"}],"wp:featuredmedia":[{"embeddable":true,"href":"https:\/\/www.cecotinternacionalitzacio.org\/es\/wp-json\/wp\/v2\/media\/7779"}],"wp:attachment":[{"href":"https:\/\/www.cecotinternacionalitzacio.org\/es\/wp-json\/wp\/v2\/media?parent=7853"}],"wp:term":[{"taxonomy":"category","embeddable":true,"href":"https:\/\/www.cecotinternacionalitzacio.org\/es\/wp-json\/wp\/v2\/categories?post=7853"},{"taxonomy":"post_tag","embeddable":true,"href":"https:\/\/www.cecotinternacionalitzacio.org\/es\/wp-json\/wp\/v2\/tags?post=7853"}],"curies":[{"name":"wp","href":"https:\/\/api.w.org\/{rel}","templated":true}]}}