{"id":8727,"date":"2020-11-03T16:52:45","date_gmt":"2020-11-03T15:52:45","guid":{"rendered":"https:\/\/www.cecotinternacionalitzacio.org\/?p=8727"},"modified":"2020-11-16T12:43:48","modified_gmt":"2020-11-16T11:43:48","slug":"guia-practica-per-a-empresescom-afecta-lestat-dalarma-als-viatges-de-negocis","status":"publish","type":"post","link":"https:\/\/www.cecotinternacionalitzacio.org\/es\/guia-practica-per-a-empresescom-afecta-lestat-dalarma-als-viatges-de-negocis\/","title":{"rendered":"Guia pr\u00e0ctica per a empreses (2)|Com viatjar en el context de la COVID-19"},"content":{"rendered":"\n<p>El passat 25 d&#8217;octubre es va decretar l&#8217;estat d&#8217;alarma en tot el territori espanyol amb la finalitat de contenir la propagaci\u00f3 d&#8217;infeccions causades pel SARS-CoV-2. Les limitacions a la mobilitat que s&#8217;han originat a partir de la promulgaci\u00f3 d&#8217;aquest Decret <strong>no afecten els viatges de negocis o per motius professionals<\/strong>. Els viatgers d&#8217;empresa poden continuar despla\u00e7ant-se entre comunitats i fins i tot en els horaris de limitaci\u00f3 a la mobilitat.<br><br>Us fem arribar la<strong> segona  publicaci\u00f3 del GEBTA<\/strong>, Guild of European Business Travel Agents, on s\u2019aborda de manera pr\u00e0ctica: <a rel=\"noreferrer noopener\" href=\"https:\/\/www.cecotinternacionalitzacio.org\/wp-content\/uploads\/2020\/11\/Viajar-o-no-viajar-CECOT-01_2apart.pdf\" target=\"_blank\">Com viatjar en el context de la COVID-19<\/a>.<br><br>A m\u00e9s, a l&#8217;enlla\u00e7, trobareu la <strong>primera part de la Guia:<\/strong> <a rel=\"noreferrer noopener\" href=\"https:\/\/www.cecotinternacionalitzacio.org\/wp-content\/uploads\/2020\/11\/Guia-viajes-CECOT-oct.pdf\" target=\"_blank\">Com afecta l&#8217;estat d&#8217;alarma als viatjes de negocis?<\/a><\/p>\n","protected":false},"excerpt":{"rendered":"<p>Us enllacem les publicacions del GEBTA, Guild of European Business Travel Agents, on s\u2019aborda de manera pr\u00e0ctica la mobilitat a Espanya per motius professionals durant l&#8217;estat d&#8217;alarma. <a class=\"moretag\" href=\"https:\/\/www.cecotinternacionalitzacio.org\/es\/guia-practica-per-a-empresescom-afecta-lestat-dalarma-als-viatges-de-negocis\/\"><br \/>Llegir m\u00e9s &raquo;<\/a><\/p>\n","protected":false},"author":1,"featured_media":8135,"comment_status":"closed","ping_status":"closed","sticky":false,"template":"","format":"standard","meta":{"_acf_changed":false,"_exactmetrics_skip_tracking":false,"_exactmetrics_sitenote_active":false,"_exactmetrics_sitenote_note":"","_exactmetrics_sitenote_category":0,"footnotes":""},"categories":[470,84,49,196],"tags":[],"class_list":["post-8727","post","type-post","status-publish","format-standard","has-post-thumbnail","hentry","category-boletin","category-novetats","category-sala-de-premsa","category-temes-a-fons"],"acf":[],"yoast_head":"<!-- This site is optimized with the Yoast SEO plugin v19.6.1 - https:\/\/yoast.com\/wordpress\/plugins\/seo\/ -->\n<title>Guia pr\u00e0ctica per a empreses (2)|Com viatjar en el context de la COVID-19 - Club Cecot Internacionalitzaci\u00f3<\/title>\n<meta name=\"robots\" content=\"noindex, follow, max-snippet:-1, max-image-preview:large, max-video-preview:-1\" \/>\n<meta property=\"og:locale\" content=\"es_ES\" \/>\n<meta property=\"og:type\" content=\"article\" \/>\n<meta property=\"og:title\" content=\"Guia pr\u00e0ctica per a empreses (2)|Com viatjar en el context de la COVID-19 - Club Cecot Internacionalitzaci\u00f3\" \/>\n<meta property=\"og:description\" content=\"Us enllacem les publicacions del GEBTA, Guild of European Business Travel Agents, on s\u2019aborda de manera pr\u00e0ctica la mobilitat a Espanya per motius professionals durant l&#039;estat d&#039;alarma. Llegir m\u00e9s &raquo;\" \/>\n<meta property=\"og:url\" content=\"https:\/\/www.cecotinternacionalitzacio.org\/es\/guia-practica-per-a-empresescom-afecta-lestat-dalarma-als-viatges-de-negocis\/\" \/>\n<meta property=\"og:site_name\" content=\"Club Cecot Internacionalitzaci\u00f3\" \/>\n<meta property=\"article:published_time\" content=\"2020-11-03T15:52:45+00:00\" \/>\n<meta property=\"article:modified_time\" content=\"2020-11-16T11:43:48+00:00\" \/>\n<meta property=\"og:image\" content=\"https:\/\/www.cecotinternacionalitzacio.org\/wp-content\/uploads\/2020\/07\/photodune-925819-business-travel-transport-concept-m.jpg\" \/>\n\t<meta property=\"og:image:width\" content=\"605\" \/>\n\t<meta property=\"og:image:height\" content=\"403\" \/>\n\t<meta property=\"og:image:type\" content=\"image\/jpeg\" \/>\n<meta name=\"author\" content=\"Club Cecot Inter.\" \/>\n<meta name=\"twitter:card\" content=\"summary\" \/>\n<meta name=\"twitter:label1\" content=\"Escrito por\" \/>\n\t<meta name=\"twitter:data1\" content=\"Club Cecot Inter.\" \/>\n\t<meta name=\"twitter:label2\" content=\"Tiempo de lectura\" \/>\n\t<meta name=\"twitter:data2\" content=\"1 minuto\" \/>\n<script type=\"application\/ld+json\" class=\"yoast-schema-graph\">{\"@context\":\"https:\/\/schema.org\",\"@graph\":[{\"@type\":\"Article\",\"@id\":\"https:\/\/www.cecotinternacionalitzacio.org\/es\/guia-practica-per-a-empresescom-afecta-lestat-dalarma-als-viatges-de-negocis\/#article\",\"isPartOf\":{\"@id\":\"https:\/\/www.cecotinternacionalitzacio.org\/es\/guia-practica-per-a-empresescom-afecta-lestat-dalarma-als-viatges-de-negocis\/\"},\"author\":{\"name\":\"Club Cecot Inter.\",\"@id\":\"https:\/\/www.cecotinternacionalitzacio.org\/#\/schema\/person\/58d3621fb781542573f7224385ca68a2\"},\"headline\":\"Guia pr\u00e0ctica per a empreses (2)|Com viatjar en el context de la COVID-19\",\"datePublished\":\"2020-11-03T15:52:45+00:00\",\"dateModified\":\"2020-11-16T11:43:48+00:00\",\"mainEntityOfPage\":{\"@id\":\"https:\/\/www.cecotinternacionalitzacio.org\/es\/guia-practica-per-a-empresescom-afecta-lestat-dalarma-als-viatges-de-negocis\/\"},\"wordCount\":133,\"publisher\":{\"@id\":\"https:\/\/www.cecotinternacionalitzacio.org\/#organization\"},\"articleSection\":[\"Boletin\",\"Novetats\",\"Sala de premsa\",\"Temes a fons\"],\"inLanguage\":\"es\"},{\"@type\":\"WebPage\",\"@id\":\"https:\/\/www.cecotinternacionalitzacio.org\/es\/guia-practica-per-a-empresescom-afecta-lestat-dalarma-als-viatges-de-negocis\/\",\"url\":\"https:\/\/www.cecotinternacionalitzacio.org\/es\/guia-practica-per-a-empresescom-afecta-lestat-dalarma-als-viatges-de-negocis\/\",\"name\":\"Guia pr\u00e0ctica per a empreses (2)|Com viatjar en el context de la COVID-19 - Club Cecot Internacionalitzaci\u00f3\",\"isPartOf\":{\"@id\":\"https:\/\/www.cecotinternacionalitzacio.org\/#website\"},\"datePublished\":\"2020-11-03T15:52:45+00:00\",\"dateModified\":\"2020-11-16T11:43:48+00:00\",\"breadcrumb\":{\"@id\":\"https:\/\/www.cecotinternacionalitzacio.org\/es\/guia-practica-per-a-empresescom-afecta-lestat-dalarma-als-viatges-de-negocis\/#breadcrumb\"},\"inLanguage\":\"es\",\"potentialAction\":[{\"@type\":\"ReadAction\",\"target\":[\"https:\/\/www.cecotinternacionalitzacio.org\/es\/guia-practica-per-a-empresescom-afecta-lestat-dalarma-als-viatges-de-negocis\/\"]}]},{\"@type\":\"BreadcrumbList\",\"@id\":\"https:\/\/www.cecotinternacionalitzacio.org\/es\/guia-practica-per-a-empresescom-afecta-lestat-dalarma-als-viatges-de-negocis\/#breadcrumb\",\"itemListElement\":[{\"@type\":\"ListItem\",\"position\":1,\"name\":\"Inici\",\"item\":\"https:\/\/www.cecotinternacionalitzacio.org\/es\/\"},{\"@type\":\"ListItem\",\"position\":2,\"name\":\"Guia pr\u00e0ctica per a empreses (2)|Com viatjar en el context de la COVID-19\"}]},{\"@type\":\"WebSite\",\"@id\":\"https:\/\/www.cecotinternacionalitzacio.org\/#website\",\"url\":\"https:\/\/www.cecotinternacionalitzacio.org\/\",\"name\":\"Club Cecot Internacionalitzaci\u00f3\",\"description\":\"Un f\u00f2rum d\u2019intercanvi d\u2019experi\u00e8ncies sobre l\u2019activitat exportadora de les empreses\",\"publisher\":{\"@id\":\"https:\/\/www.cecotinternacionalitzacio.org\/#organization\"},\"potentialAction\":[{\"@type\":\"SearchAction\",\"target\":{\"@type\":\"EntryPoint\",\"urlTemplate\":\"https:\/\/www.cecotinternacionalitzacio.org\/?s={search_term_string}\"},\"query-input\":\"required name=search_term_string\"}],\"inLanguage\":\"es\"},{\"@type\":\"Organization\",\"@id\":\"https:\/\/www.cecotinternacionalitzacio.org\/#organization\",\"name\":\"Club Cecot Internacionalitzaci\u00f3\",\"url\":\"https:\/\/www.cecotinternacionalitzacio.org\/\",\"sameAs\":[],\"logo\":{\"@type\":\"ImageObject\",\"inLanguage\":\"es\",\"@id\":\"https:\/\/www.cecotinternacionalitzacio.org\/#\/schema\/logo\/image\/\",\"url\":\"https:\/\/www.cecotinternacionalitzacio.org\/wp-content\/uploads\/2015\/07\/Logo_Club_Int_165x60.png\",\"contentUrl\":\"https:\/\/www.cecotinternacionalitzacio.org\/wp-content\/uploads\/2015\/07\/Logo_Club_Int_165x60.png\",\"width\":165,\"height\":60,\"caption\":\"Club Cecot Internacionalitzaci\u00f3\"},\"image\":{\"@id\":\"https:\/\/www.cecotinternacionalitzacio.org\/#\/schema\/logo\/image\/\"}},{\"@type\":\"Person\",\"@id\":\"https:\/\/www.cecotinternacionalitzacio.org\/#\/schema\/person\/58d3621fb781542573f7224385ca68a2\",\"name\":\"Club Cecot Inter.\",\"image\":{\"@type\":\"ImageObject\",\"inLanguage\":\"es\",\"@id\":\"https:\/\/www.cecotinternacionalitzacio.org\/#\/schema\/person\/image\/\",\"url\":\"https:\/\/secure.gravatar.com\/avatar\/eacff8e73673ab09c1390cb7cd7b0fa00a987ef31f2368f5eeb668bbdb15ceec?s=96&r=g\",\"contentUrl\":\"https:\/\/secure.gravatar.com\/avatar\/eacff8e73673ab09c1390cb7cd7b0fa00a987ef31f2368f5eeb668bbdb15ceec?s=96&r=g\",\"caption\":\"Club Cecot Inter.\"},\"url\":\"https:\/\/www.cecotinternacionalitzacio.org\/es\/author\/club_admin\/\"}]}<\/script>\n<!-- \/ Yoast SEO plugin. -->","yoast_head_json":{"title":"Guia pr\u00e0ctica per a empreses (2)|Com viatjar en el context de la COVID-19 - Club Cecot Internacionalitzaci\u00f3","robots":{"index":"noindex","follow":"follow","max-snippet":"max-snippet:-1","max-image-preview":"max-image-preview:large","max-video-preview":"max-video-preview:-1"},"og_locale":"es_ES","og_type":"article","og_title":"Guia pr\u00e0ctica per a empreses (2)|Com viatjar en el context de la COVID-19 - Club Cecot Internacionalitzaci\u00f3","og_description":"Us enllacem les publicacions del GEBTA, Guild of European Business Travel Agents, on s\u2019aborda de manera pr\u00e0ctica la mobilitat a Espanya per motius professionals durant l'estat d'alarma. Llegir m\u00e9s &raquo;","og_url":"https:\/\/www.cecotinternacionalitzacio.org\/es\/guia-practica-per-a-empresescom-afecta-lestat-dalarma-als-viatges-de-negocis\/","og_site_name":"Club Cecot Internacionalitzaci\u00f3","article_published_time":"2020-11-03T15:52:45+00:00","article_modified_time":"2020-11-16T11:43:48+00:00","og_image":[{"width":605,"height":403,"url":"https:\/\/www.cecotinternacionalitzacio.org\/wp-content\/uploads\/2020\/07\/photodune-925819-business-travel-transport-concept-m.jpg","type":"image\/jpeg"}],"author":"Club Cecot Inter.","twitter_card":"summary","twitter_misc":{"Escrito por":"Club Cecot Inter.","Tiempo de lectura":"1 minuto"},"schema":{"@context":"https:\/\/schema.org","@graph":[{"@type":"Article","@id":"https:\/\/www.cecotinternacionalitzacio.org\/es\/guia-practica-per-a-empresescom-afecta-lestat-dalarma-als-viatges-de-negocis\/#article","isPartOf":{"@id":"https:\/\/www.cecotinternacionalitzacio.org\/es\/guia-practica-per-a-empresescom-afecta-lestat-dalarma-als-viatges-de-negocis\/"},"author":{"name":"Club Cecot Inter.","@id":"https:\/\/www.cecotinternacionalitzacio.org\/#\/schema\/person\/58d3621fb781542573f7224385ca68a2"},"headline":"Guia pr\u00e0ctica per a empreses (2)|Com viatjar en el context de la COVID-19","datePublished":"2020-11-03T15:52:45+00:00","dateModified":"2020-11-16T11:43:48+00:00","mainEntityOfPage":{"@id":"https:\/\/www.cecotinternacionalitzacio.org\/es\/guia-practica-per-a-empresescom-afecta-lestat-dalarma-als-viatges-de-negocis\/"},"wordCount":133,"publisher":{"@id":"https:\/\/www.cecotinternacionalitzacio.org\/#organization"},"articleSection":["Boletin","Novetats","Sala de premsa","Temes a fons"],"inLanguage":"es"},{"@type":"WebPage","@id":"https:\/\/www.cecotinternacionalitzacio.org\/es\/guia-practica-per-a-empresescom-afecta-lestat-dalarma-als-viatges-de-negocis\/","url":"https:\/\/www.cecotinternacionalitzacio.org\/es\/guia-practica-per-a-empresescom-afecta-lestat-dalarma-als-viatges-de-negocis\/","name":"Guia pr\u00e0ctica per a empreses (2)|Com viatjar en el context de la COVID-19 - Club Cecot Internacionalitzaci\u00f3","isPartOf":{"@id":"https:\/\/www.cecotinternacionalitzacio.org\/#website"},"datePublished":"2020-11-03T15:52:45+00:00","dateModified":"2020-11-16T11:43:48+00:00","breadcrumb":{"@id":"https:\/\/www.cecotinternacionalitzacio.org\/es\/guia-practica-per-a-empresescom-afecta-lestat-dalarma-als-viatges-de-negocis\/#breadcrumb"},"inLanguage":"es","potentialAction":[{"@type":"ReadAction","target":["https:\/\/www.cecotinternacionalitzacio.org\/es\/guia-practica-per-a-empresescom-afecta-lestat-dalarma-als-viatges-de-negocis\/"]}]},{"@type":"BreadcrumbList","@id":"https:\/\/www.cecotinternacionalitzacio.org\/es\/guia-practica-per-a-empresescom-afecta-lestat-dalarma-als-viatges-de-negocis\/#breadcrumb","itemListElement":[{"@type":"ListItem","position":1,"name":"Inici","item":"https:\/\/www.cecotinternacionalitzacio.org\/es\/"},{"@type":"ListItem","position":2,"name":"Guia pr\u00e0ctica per a empreses (2)|Com viatjar en el context de la COVID-19"}]},{"@type":"WebSite","@id":"https:\/\/www.cecotinternacionalitzacio.org\/#website","url":"https:\/\/www.cecotinternacionalitzacio.org\/","name":"Club Cecot Internacionalitzaci\u00f3","description":"Un f\u00f2rum d\u2019intercanvi d\u2019experi\u00e8ncies sobre l\u2019activitat exportadora de les empreses","publisher":{"@id":"https:\/\/www.cecotinternacionalitzacio.org\/#organization"},"potentialAction":[{"@type":"SearchAction","target":{"@type":"EntryPoint","urlTemplate":"https:\/\/www.cecotinternacionalitzacio.org\/?s={search_term_string}"},"query-input":"required name=search_term_string"}],"inLanguage":"es"},{"@type":"Organization","@id":"https:\/\/www.cecotinternacionalitzacio.org\/#organization","name":"Club Cecot Internacionalitzaci\u00f3","url":"https:\/\/www.cecotinternacionalitzacio.org\/","sameAs":[],"logo":{"@type":"ImageObject","inLanguage":"es","@id":"https:\/\/www.cecotinternacionalitzacio.org\/#\/schema\/logo\/image\/","url":"https:\/\/www.cecotinternacionalitzacio.org\/wp-content\/uploads\/2015\/07\/Logo_Club_Int_165x60.png","contentUrl":"https:\/\/www.cecotinternacionalitzacio.org\/wp-content\/uploads\/2015\/07\/Logo_Club_Int_165x60.png","width":165,"height":60,"caption":"Club Cecot Internacionalitzaci\u00f3"},"image":{"@id":"https:\/\/www.cecotinternacionalitzacio.org\/#\/schema\/logo\/image\/"}},{"@type":"Person","@id":"https:\/\/www.cecotinternacionalitzacio.org\/#\/schema\/person\/58d3621fb781542573f7224385ca68a2","name":"Club Cecot Inter.","image":{"@type":"ImageObject","inLanguage":"es","@id":"https:\/\/www.cecotinternacionalitzacio.org\/#\/schema\/person\/image\/","url":"https:\/\/secure.gravatar.com\/avatar\/eacff8e73673ab09c1390cb7cd7b0fa00a987ef31f2368f5eeb668bbdb15ceec?s=96&r=g","contentUrl":"https:\/\/secure.gravatar.com\/avatar\/eacff8e73673ab09c1390cb7cd7b0fa00a987ef31f2368f5eeb668bbdb15ceec?s=96&r=g","caption":"Club Cecot Inter."},"url":"https:\/\/www.cecotinternacionalitzacio.org\/es\/author\/club_admin\/"}]}},"_links":{"self":[{"href":"https:\/\/www.cecotinternacionalitzacio.org\/es\/wp-json\/wp\/v2\/posts\/8727","targetHints":{"allow":["GET"]}}],"collection":[{"href":"https:\/\/www.cecotinternacionalitzacio.org\/es\/wp-json\/wp\/v2\/posts"}],"about":[{"href":"https:\/\/www.cecotinternacionalitzacio.org\/es\/wp-json\/wp\/v2\/types\/post"}],"author":[{"embeddable":true,"href":"https:\/\/www.cecotinternacionalitzacio.org\/es\/wp-json\/wp\/v2\/users\/1"}],"replies":[{"embeddable":true,"href":"https:\/\/www.cecotinternacionalitzacio.org\/es\/wp-json\/wp\/v2\/comments?post=8727"}],"version-history":[{"count":0,"href":"https:\/\/www.cecotinternacionalitzacio.org\/es\/wp-json\/wp\/v2\/posts\/8727\/revisions"}],"wp:featuredmedia":[{"embeddable":true,"href":"https:\/\/www.cecotinternacionalitzacio.org\/es\/wp-json\/wp\/v2\/media\/8135"}],"wp:attachment":[{"href":"https:\/\/www.cecotinternacionalitzacio.org\/es\/wp-json\/wp\/v2\/media?parent=8727"}],"wp:term":[{"taxonomy":"category","embeddable":true,"href":"https:\/\/www.cecotinternacionalitzacio.org\/es\/wp-json\/wp\/v2\/categories?post=8727"},{"taxonomy":"post_tag","embeddable":true,"href":"https:\/\/www.cecotinternacionalitzacio.org\/es\/wp-json\/wp\/v2\/tags?post=8727"}],"curies":[{"name":"wp","href":"https:\/\/api.w.org\/{rel}","templated":true}]}}