{"id":9901,"date":"2021-04-12T12:13:57","date_gmt":"2021-04-12T10:13:57","guid":{"rendered":"https:\/\/www.cecotinternacionalitzacio.org\/?p=9901"},"modified":"2021-04-12T13:52:14","modified_gmt":"2021-04-12T11:52:14","slug":"es-prorroga-per-segona-vegada-lordre-snd-181-2021-de-2-de-marc-sobre-les-condicions-de-quarantena","status":"publish","type":"post","link":"https:\/\/www.cecotinternacionalitzacio.org\/es\/es-prorroga-per-segona-vegada-lordre-snd-181-2021-de-2-de-marc-sobre-les-condicions-de-quarantena\/","title":{"rendered":"Es prorroga per segona vegada l&#8217;Ordre SND\/181\/2021, de 2 de mar\u00e7, sobre les condicions de quarantena"},"content":{"rendered":"\n<p>L&#8217;Ordre SND\/181\/2021, de 2 de mar\u00e7, estableix que les persones que arribin en vol des de qualsevol aeroport situat en la Rep\u00fablica Federativa del Brasil, la Rep\u00fablica de Sud-\u00e0frica, Rep\u00fablica de Botswana, Uni\u00f3 de Comores, Rep\u00fablica de Ghana, Rep\u00fablica de Kenya, Rep\u00fablica de Mo\u00e7ambic, Rep\u00fablica Unida de Tanz\u00e0nia, Rep\u00fablica de Z\u00e0mbia, Rep\u00fablica de Zimbabwe, Rep\u00fablica del Per\u00fa i Rep\u00fablica de Col\u00f2mbia a qualsevol aeroport situat a l&#8217;Estat espanyol, amb o sense escales interm\u00e8dies, hauran de guardar quarantena durant els deu dies seg\u00fcents a la seva arribada, o durant tota la seva estada a Espanya si aquesta fos inferior a aquest termini, podent aquesta suspendre&#8217;s al set\u00e8 dia si a la persona se li realitza una prova diagn\u00f2stica d&#8217;infecci\u00f3 activa amb resultat negatiu. Queda exceptuat del que es preveu en l&#8217;Ordre el personal aeron\u00e0utic necessari per a dur a terme les activitats de transport aeri.<\/p>\n\n\n\n<p>Durant el per\u00edode de quarantena, les persones obligades a realitzar-la hauran de romandre en el seu domicili o allotjament, havent de limitar els seus despla\u00e7aments, aix\u00ed com els accessos de terceres persones al domicili o allotjament, als imprescindibles per a la realitzaci\u00f3 de les seg\u00fcents activitats:<\/p>\n\n\n\n<ul class=\"wp-block-list\"><li>Adquisici\u00f3 d&#8217;aliments, productes farmac\u00e8utics i de primera necessitat.<\/li><li>Assist\u00e8ncia a centres, serveis i establiments sanitaris.<\/li><li>Causes de for\u00e7a major o situaci\u00f3 de necessitat.&nbsp; <\/li><\/ul>\n\n\n\n<p>Podeu trobar m\u00e9s informaci\u00f3 al seg\u00fcent <a href=\"https:\/\/www.boe.es\/eli\/es\/o\/2021\/03\/31\/snd312\/con\" target=\"_blank\" rel=\"noreferrer noopener\">enlla\u00e7<\/a>.<\/p>\n","protected":false},"excerpt":{"rendered":"<p>Es prorroga el que es disposa  l&#8217;Ordre SND\/181\/2021, de 2 de mar\u00e7, sobre les condicions de quarantena a les quals han de sotmetre&#8217;s les persones procedents de pa\u00efsos de risc, durant la situaci\u00f3 de crisi sanit\u00e0ria ocasionada per la COVID-19. <a class=\"moretag\" href=\"https:\/\/www.cecotinternacionalitzacio.org\/es\/es-prorroga-per-segona-vegada-lordre-snd-181-2021-de-2-de-marc-sobre-les-condicions-de-quarantena\/\"><br \/>Llegir m\u00e9s &raquo;<\/a><\/p>\n","protected":false},"author":1,"featured_media":9588,"comment_status":"closed","ping_status":"closed","sticky":false,"template":"","format":"standard","meta":{"_acf_changed":false,"_exactmetrics_skip_tracking":false,"_exactmetrics_sitenote_active":false,"_exactmetrics_sitenote_note":"","_exactmetrics_sitenote_category":0,"footnotes":""},"categories":[470,84,49],"tags":[],"class_list":["post-9901","post","type-post","status-publish","format-standard","has-post-thumbnail","hentry","category-boletin","category-novetats","category-sala-de-premsa"],"acf":[],"yoast_head":"<!-- This site is optimized with the Yoast SEO plugin v19.6.1 - https:\/\/yoast.com\/wordpress\/plugins\/seo\/ -->\n<title>Es prorroga per segona vegada l&#039;Ordre SND\/181\/2021, de 2 de mar\u00e7, sobre les condicions de quarantena - Club Cecot Internacionalitzaci\u00f3<\/title>\n<meta name=\"robots\" content=\"noindex, follow, max-snippet:-1, max-image-preview:large, max-video-preview:-1\" \/>\n<meta property=\"og:locale\" content=\"es_ES\" \/>\n<meta property=\"og:type\" content=\"article\" \/>\n<meta property=\"og:title\" content=\"Es prorroga per segona vegada l&#039;Ordre SND\/181\/2021, de 2 de mar\u00e7, sobre les condicions de quarantena - Club Cecot Internacionalitzaci\u00f3\" \/>\n<meta property=\"og:description\" content=\"Es prorroga el que es disposa l&#039;Ordre SND\/181\/2021, de 2 de mar\u00e7, sobre les condicions de quarantena a les quals han de sotmetre&#039;s les persones procedents de pa\u00efsos de risc, durant la situaci\u00f3 de crisi sanit\u00e0ria ocasionada per la COVID-19. Llegir m\u00e9s &raquo;\" \/>\n<meta property=\"og:url\" content=\"https:\/\/www.cecotinternacionalitzacio.org\/es\/es-prorroga-per-segona-vegada-lordre-snd-181-2021-de-2-de-marc-sobre-les-condicions-de-quarantena\/\" \/>\n<meta property=\"og:site_name\" content=\"Club Cecot Internacionalitzaci\u00f3\" \/>\n<meta property=\"article:published_time\" content=\"2021-04-12T10:13:57+00:00\" \/>\n<meta property=\"article:modified_time\" content=\"2021-04-12T11:52:14+00:00\" \/>\n<meta property=\"og:image\" content=\"https:\/\/www.cecotinternacionalitzacio.org\/wp-content\/uploads\/2021\/03\/origen-mercaderias.jpg\" \/>\n\t<meta property=\"og:image:width\" content=\"620\" \/>\n\t<meta property=\"og:image:height\" content=\"330\" \/>\n\t<meta property=\"og:image:type\" content=\"image\/jpeg\" \/>\n<meta name=\"author\" content=\"Club Cecot Inter.\" \/>\n<meta name=\"twitter:card\" content=\"summary\" \/>\n<meta name=\"twitter:label1\" content=\"Escrito por\" \/>\n\t<meta name=\"twitter:data1\" content=\"Club Cecot Inter.\" \/>\n\t<meta name=\"twitter:label2\" content=\"Tiempo de lectura\" \/>\n\t<meta name=\"twitter:data2\" content=\"1 minuto\" \/>\n<script type=\"application\/ld+json\" class=\"yoast-schema-graph\">{\"@context\":\"https:\/\/schema.org\",\"@graph\":[{\"@type\":\"Article\",\"@id\":\"https:\/\/www.cecotinternacionalitzacio.org\/es\/es-prorroga-per-segona-vegada-lordre-snd-181-2021-de-2-de-marc-sobre-les-condicions-de-quarantena\/#article\",\"isPartOf\":{\"@id\":\"https:\/\/www.cecotinternacionalitzacio.org\/es\/es-prorroga-per-segona-vegada-lordre-snd-181-2021-de-2-de-marc-sobre-les-condicions-de-quarantena\/\"},\"author\":{\"name\":\"Club Cecot Inter.\",\"@id\":\"https:\/\/www.cecotinternacionalitzacio.org\/#\/schema\/person\/58d3621fb781542573f7224385ca68a2\"},\"headline\":\"Es prorroga per segona vegada l&#8217;Ordre SND\/181\/2021, de 2 de mar\u00e7, sobre les condicions de quarantena\",\"datePublished\":\"2021-04-12T10:13:57+00:00\",\"dateModified\":\"2021-04-12T11:52:14+00:00\",\"mainEntityOfPage\":{\"@id\":\"https:\/\/www.cecotinternacionalitzacio.org\/es\/es-prorroga-per-segona-vegada-lordre-snd-181-2021-de-2-de-marc-sobre-les-condicions-de-quarantena\/\"},\"wordCount\":263,\"publisher\":{\"@id\":\"https:\/\/www.cecotinternacionalitzacio.org\/#organization\"},\"articleSection\":[\"Boletin\",\"Novetats\",\"Sala de premsa\"],\"inLanguage\":\"es\"},{\"@type\":\"WebPage\",\"@id\":\"https:\/\/www.cecotinternacionalitzacio.org\/es\/es-prorroga-per-segona-vegada-lordre-snd-181-2021-de-2-de-marc-sobre-les-condicions-de-quarantena\/\",\"url\":\"https:\/\/www.cecotinternacionalitzacio.org\/es\/es-prorroga-per-segona-vegada-lordre-snd-181-2021-de-2-de-marc-sobre-les-condicions-de-quarantena\/\",\"name\":\"Es prorroga per segona vegada l'Ordre SND\/181\/2021, de 2 de mar\u00e7, sobre les condicions de quarantena - Club Cecot Internacionalitzaci\u00f3\",\"isPartOf\":{\"@id\":\"https:\/\/www.cecotinternacionalitzacio.org\/#website\"},\"datePublished\":\"2021-04-12T10:13:57+00:00\",\"dateModified\":\"2021-04-12T11:52:14+00:00\",\"breadcrumb\":{\"@id\":\"https:\/\/www.cecotinternacionalitzacio.org\/es\/es-prorroga-per-segona-vegada-lordre-snd-181-2021-de-2-de-marc-sobre-les-condicions-de-quarantena\/#breadcrumb\"},\"inLanguage\":\"es\",\"potentialAction\":[{\"@type\":\"ReadAction\",\"target\":[\"https:\/\/www.cecotinternacionalitzacio.org\/es\/es-prorroga-per-segona-vegada-lordre-snd-181-2021-de-2-de-marc-sobre-les-condicions-de-quarantena\/\"]}]},{\"@type\":\"BreadcrumbList\",\"@id\":\"https:\/\/www.cecotinternacionalitzacio.org\/es\/es-prorroga-per-segona-vegada-lordre-snd-181-2021-de-2-de-marc-sobre-les-condicions-de-quarantena\/#breadcrumb\",\"itemListElement\":[{\"@type\":\"ListItem\",\"position\":1,\"name\":\"Inici\",\"item\":\"https:\/\/www.cecotinternacionalitzacio.org\/es\/\"},{\"@type\":\"ListItem\",\"position\":2,\"name\":\"Es prorroga per segona vegada l&#8217;Ordre SND\/181\/2021, de 2 de mar\u00e7, sobre les condicions de quarantena\"}]},{\"@type\":\"WebSite\",\"@id\":\"https:\/\/www.cecotinternacionalitzacio.org\/#website\",\"url\":\"https:\/\/www.cecotinternacionalitzacio.org\/\",\"name\":\"Club Cecot Internacionalitzaci\u00f3\",\"description\":\"Un f\u00f2rum d\u2019intercanvi d\u2019experi\u00e8ncies sobre l\u2019activitat exportadora de les empreses\",\"publisher\":{\"@id\":\"https:\/\/www.cecotinternacionalitzacio.org\/#organization\"},\"potentialAction\":[{\"@type\":\"SearchAction\",\"target\":{\"@type\":\"EntryPoint\",\"urlTemplate\":\"https:\/\/www.cecotinternacionalitzacio.org\/?s={search_term_string}\"},\"query-input\":\"required name=search_term_string\"}],\"inLanguage\":\"es\"},{\"@type\":\"Organization\",\"@id\":\"https:\/\/www.cecotinternacionalitzacio.org\/#organization\",\"name\":\"Club Cecot Internacionalitzaci\u00f3\",\"url\":\"https:\/\/www.cecotinternacionalitzacio.org\/\",\"sameAs\":[],\"logo\":{\"@type\":\"ImageObject\",\"inLanguage\":\"es\",\"@id\":\"https:\/\/www.cecotinternacionalitzacio.org\/#\/schema\/logo\/image\/\",\"url\":\"https:\/\/www.cecotinternacionalitzacio.org\/wp-content\/uploads\/2015\/07\/Logo_Club_Int_165x60.png\",\"contentUrl\":\"https:\/\/www.cecotinternacionalitzacio.org\/wp-content\/uploads\/2015\/07\/Logo_Club_Int_165x60.png\",\"width\":165,\"height\":60,\"caption\":\"Club Cecot Internacionalitzaci\u00f3\"},\"image\":{\"@id\":\"https:\/\/www.cecotinternacionalitzacio.org\/#\/schema\/logo\/image\/\"}},{\"@type\":\"Person\",\"@id\":\"https:\/\/www.cecotinternacionalitzacio.org\/#\/schema\/person\/58d3621fb781542573f7224385ca68a2\",\"name\":\"Club Cecot Inter.\",\"image\":{\"@type\":\"ImageObject\",\"inLanguage\":\"es\",\"@id\":\"https:\/\/www.cecotinternacionalitzacio.org\/#\/schema\/person\/image\/\",\"url\":\"https:\/\/secure.gravatar.com\/avatar\/eacff8e73673ab09c1390cb7cd7b0fa00a987ef31f2368f5eeb668bbdb15ceec?s=96&r=g\",\"contentUrl\":\"https:\/\/secure.gravatar.com\/avatar\/eacff8e73673ab09c1390cb7cd7b0fa00a987ef31f2368f5eeb668bbdb15ceec?s=96&r=g\",\"caption\":\"Club Cecot Inter.\"},\"url\":\"https:\/\/www.cecotinternacionalitzacio.org\/es\/author\/club_admin\/\"}]}<\/script>\n<!-- \/ Yoast SEO plugin. -->","yoast_head_json":{"title":"Es prorroga per segona vegada l'Ordre SND\/181\/2021, de 2 de mar\u00e7, sobre les condicions de quarantena - Club Cecot Internacionalitzaci\u00f3","robots":{"index":"noindex","follow":"follow","max-snippet":"max-snippet:-1","max-image-preview":"max-image-preview:large","max-video-preview":"max-video-preview:-1"},"og_locale":"es_ES","og_type":"article","og_title":"Es prorroga per segona vegada l'Ordre SND\/181\/2021, de 2 de mar\u00e7, sobre les condicions de quarantena - Club Cecot Internacionalitzaci\u00f3","og_description":"Es prorroga el que es disposa l'Ordre SND\/181\/2021, de 2 de mar\u00e7, sobre les condicions de quarantena a les quals han de sotmetre's les persones procedents de pa\u00efsos de risc, durant la situaci\u00f3 de crisi sanit\u00e0ria ocasionada per la COVID-19. Llegir m\u00e9s &raquo;","og_url":"https:\/\/www.cecotinternacionalitzacio.org\/es\/es-prorroga-per-segona-vegada-lordre-snd-181-2021-de-2-de-marc-sobre-les-condicions-de-quarantena\/","og_site_name":"Club Cecot Internacionalitzaci\u00f3","article_published_time":"2021-04-12T10:13:57+00:00","article_modified_time":"2021-04-12T11:52:14+00:00","og_image":[{"width":620,"height":330,"url":"https:\/\/www.cecotinternacionalitzacio.org\/wp-content\/uploads\/2021\/03\/origen-mercaderias.jpg","type":"image\/jpeg"}],"author":"Club Cecot Inter.","twitter_card":"summary","twitter_misc":{"Escrito por":"Club Cecot Inter.","Tiempo de lectura":"1 minuto"},"schema":{"@context":"https:\/\/schema.org","@graph":[{"@type":"Article","@id":"https:\/\/www.cecotinternacionalitzacio.org\/es\/es-prorroga-per-segona-vegada-lordre-snd-181-2021-de-2-de-marc-sobre-les-condicions-de-quarantena\/#article","isPartOf":{"@id":"https:\/\/www.cecotinternacionalitzacio.org\/es\/es-prorroga-per-segona-vegada-lordre-snd-181-2021-de-2-de-marc-sobre-les-condicions-de-quarantena\/"},"author":{"name":"Club Cecot Inter.","@id":"https:\/\/www.cecotinternacionalitzacio.org\/#\/schema\/person\/58d3621fb781542573f7224385ca68a2"},"headline":"Es prorroga per segona vegada l&#8217;Ordre SND\/181\/2021, de 2 de mar\u00e7, sobre les condicions de quarantena","datePublished":"2021-04-12T10:13:57+00:00","dateModified":"2021-04-12T11:52:14+00:00","mainEntityOfPage":{"@id":"https:\/\/www.cecotinternacionalitzacio.org\/es\/es-prorroga-per-segona-vegada-lordre-snd-181-2021-de-2-de-marc-sobre-les-condicions-de-quarantena\/"},"wordCount":263,"publisher":{"@id":"https:\/\/www.cecotinternacionalitzacio.org\/#organization"},"articleSection":["Boletin","Novetats","Sala de premsa"],"inLanguage":"es"},{"@type":"WebPage","@id":"https:\/\/www.cecotinternacionalitzacio.org\/es\/es-prorroga-per-segona-vegada-lordre-snd-181-2021-de-2-de-marc-sobre-les-condicions-de-quarantena\/","url":"https:\/\/www.cecotinternacionalitzacio.org\/es\/es-prorroga-per-segona-vegada-lordre-snd-181-2021-de-2-de-marc-sobre-les-condicions-de-quarantena\/","name":"Es prorroga per segona vegada l'Ordre SND\/181\/2021, de 2 de mar\u00e7, sobre les condicions de quarantena - Club Cecot Internacionalitzaci\u00f3","isPartOf":{"@id":"https:\/\/www.cecotinternacionalitzacio.org\/#website"},"datePublished":"2021-04-12T10:13:57+00:00","dateModified":"2021-04-12T11:52:14+00:00","breadcrumb":{"@id":"https:\/\/www.cecotinternacionalitzacio.org\/es\/es-prorroga-per-segona-vegada-lordre-snd-181-2021-de-2-de-marc-sobre-les-condicions-de-quarantena\/#breadcrumb"},"inLanguage":"es","potentialAction":[{"@type":"ReadAction","target":["https:\/\/www.cecotinternacionalitzacio.org\/es\/es-prorroga-per-segona-vegada-lordre-snd-181-2021-de-2-de-marc-sobre-les-condicions-de-quarantena\/"]}]},{"@type":"BreadcrumbList","@id":"https:\/\/www.cecotinternacionalitzacio.org\/es\/es-prorroga-per-segona-vegada-lordre-snd-181-2021-de-2-de-marc-sobre-les-condicions-de-quarantena\/#breadcrumb","itemListElement":[{"@type":"ListItem","position":1,"name":"Inici","item":"https:\/\/www.cecotinternacionalitzacio.org\/es\/"},{"@type":"ListItem","position":2,"name":"Es prorroga per segona vegada l&#8217;Ordre SND\/181\/2021, de 2 de mar\u00e7, sobre les condicions de quarantena"}]},{"@type":"WebSite","@id":"https:\/\/www.cecotinternacionalitzacio.org\/#website","url":"https:\/\/www.cecotinternacionalitzacio.org\/","name":"Club Cecot Internacionalitzaci\u00f3","description":"Un f\u00f2rum d\u2019intercanvi d\u2019experi\u00e8ncies sobre l\u2019activitat exportadora de les empreses","publisher":{"@id":"https:\/\/www.cecotinternacionalitzacio.org\/#organization"},"potentialAction":[{"@type":"SearchAction","target":{"@type":"EntryPoint","urlTemplate":"https:\/\/www.cecotinternacionalitzacio.org\/?s={search_term_string}"},"query-input":"required name=search_term_string"}],"inLanguage":"es"},{"@type":"Organization","@id":"https:\/\/www.cecotinternacionalitzacio.org\/#organization","name":"Club Cecot Internacionalitzaci\u00f3","url":"https:\/\/www.cecotinternacionalitzacio.org\/","sameAs":[],"logo":{"@type":"ImageObject","inLanguage":"es","@id":"https:\/\/www.cecotinternacionalitzacio.org\/#\/schema\/logo\/image\/","url":"https:\/\/www.cecotinternacionalitzacio.org\/wp-content\/uploads\/2015\/07\/Logo_Club_Int_165x60.png","contentUrl":"https:\/\/www.cecotinternacionalitzacio.org\/wp-content\/uploads\/2015\/07\/Logo_Club_Int_165x60.png","width":165,"height":60,"caption":"Club Cecot Internacionalitzaci\u00f3"},"image":{"@id":"https:\/\/www.cecotinternacionalitzacio.org\/#\/schema\/logo\/image\/"}},{"@type":"Person","@id":"https:\/\/www.cecotinternacionalitzacio.org\/#\/schema\/person\/58d3621fb781542573f7224385ca68a2","name":"Club Cecot Inter.","image":{"@type":"ImageObject","inLanguage":"es","@id":"https:\/\/www.cecotinternacionalitzacio.org\/#\/schema\/person\/image\/","url":"https:\/\/secure.gravatar.com\/avatar\/eacff8e73673ab09c1390cb7cd7b0fa00a987ef31f2368f5eeb668bbdb15ceec?s=96&r=g","contentUrl":"https:\/\/secure.gravatar.com\/avatar\/eacff8e73673ab09c1390cb7cd7b0fa00a987ef31f2368f5eeb668bbdb15ceec?s=96&r=g","caption":"Club Cecot Inter."},"url":"https:\/\/www.cecotinternacionalitzacio.org\/es\/author\/club_admin\/"}]}},"_links":{"self":[{"href":"https:\/\/www.cecotinternacionalitzacio.org\/es\/wp-json\/wp\/v2\/posts\/9901","targetHints":{"allow":["GET"]}}],"collection":[{"href":"https:\/\/www.cecotinternacionalitzacio.org\/es\/wp-json\/wp\/v2\/posts"}],"about":[{"href":"https:\/\/www.cecotinternacionalitzacio.org\/es\/wp-json\/wp\/v2\/types\/post"}],"author":[{"embeddable":true,"href":"https:\/\/www.cecotinternacionalitzacio.org\/es\/wp-json\/wp\/v2\/users\/1"}],"replies":[{"embeddable":true,"href":"https:\/\/www.cecotinternacionalitzacio.org\/es\/wp-json\/wp\/v2\/comments?post=9901"}],"version-history":[{"count":0,"href":"https:\/\/www.cecotinternacionalitzacio.org\/es\/wp-json\/wp\/v2\/posts\/9901\/revisions"}],"wp:featuredmedia":[{"embeddable":true,"href":"https:\/\/www.cecotinternacionalitzacio.org\/es\/wp-json\/wp\/v2\/media\/9588"}],"wp:attachment":[{"href":"https:\/\/www.cecotinternacionalitzacio.org\/es\/wp-json\/wp\/v2\/media?parent=9901"}],"wp:term":[{"taxonomy":"category","embeddable":true,"href":"https:\/\/www.cecotinternacionalitzacio.org\/es\/wp-json\/wp\/v2\/categories?post=9901"},{"taxonomy":"post_tag","embeddable":true,"href":"https:\/\/www.cecotinternacionalitzacio.org\/es\/wp-json\/wp\/v2\/tags?post=9901"}],"curies":[{"name":"wp","href":"https:\/\/api.w.org\/{rel}","templated":true}]}}